{"id":4175,"date":"2024-04-15T21:33:55","date_gmt":"2024-04-15T21:33:55","guid":{"rendered":"https:\/\/pornuestrolaredo.com\/?p=4175"},"modified":"2024-04-15T21:33:55","modified_gmt":"2024-04-15T21:33:55","slug":"avanza-fondo-de-pensiones-para-el-bienestar","status":"publish","type":"post","link":"https:\/\/pornuestrolaredo.com\/?p=4175","title":{"rendered":"Avanza Fondo de Pensiones para el Bienestar"},"content":{"rendered":"<p><strong><em>CIUDAD DE M\u00c9XICO.-<\/em><\/strong> Con los votos de legisladores de Morena y sus aliados, la Comisi\u00f3n de Seguridad Social aval\u00f3 el proyecto de dictamen por el que se crea el Fondo de Pensiones para el Bienestar.<\/p>\n<p>De acuerdo con la iniciativa, dicho fondo ser\u00e1 financiado, principalmente, con los recursos de las cuentas inactivas que administran las Afores, los cuales suman alrededor de 40 mil millones de pesos.<\/p>\n<p>Despu\u00e9s de casi dos horas de discusi\u00f3n, la Comisi\u00f3n aprob\u00f3 con 19 votos a favor, 10 en contra y cero abstenciones, el proyecto de dictamen que ahora ser\u00e1 sometido al Pleno para su discusi\u00f3n y eventual aprobaci\u00f3n.<\/p>\n<p>Los diputados de Oposici\u00f3n criticaron la iniciativa, presentada por el coordinador del Grupo Parlamentario de Morena, Ignacio Mier, y su compa\u00f1era de bancada, Ang\u00e9lica Ivonne Cisneros, pues consideraron que el Gobierno quiere apoderarse de los recursos de los trabajadores.<\/p>\n<blockquote><p>Se pretende meter mano a los recursos pertenecientes a los trabajadores, que son recursos privados, no son recursos p\u00fablicos&#8221;, advirti\u00f3 la diputada panista Patricia Terrazas.<\/p><\/blockquote>\n<p>El Fondo de Pensiones para el Bienestar, explic\u00f3, se conformar\u00eda con los recursos de las cuentas inactivas, con las utilidades que generen empresas paraestatales como el Tren Maya y el Aeropuerto Internacional Felipe \u00c1ngeles y otros recursos generados por el Gobierno federal con la promesa de que sirva de compensaci\u00f3n para otorgar a los trabajadores un retiro equivalente al cien por ciento de su \u00faltimo salario.<\/p>\n<p>Sin embargo, dijo, esta promesa es enga\u00f1osa, pues el propio proyecto establece que la garant\u00eda depender\u00e1 de la disponibilidad de recursos.<\/p>\n<blockquote><p>La garant\u00eda de pensi\u00f3n o devoluci\u00f3n estar\u00e1 subordinada a la existencia de los recursos. Si no hay recursos, pues no va a haber pensi\u00f3n y menos una pensi\u00f3n al cien por ciento&#8221;, se\u00f1al\u00f3.<\/p><\/blockquote>\n<p>Ang\u00e9lica Ivonne Cisneros, quien es coautora de la iniciativa y presidenta de la Comisi\u00f3n de Seguridad Social, asegur\u00f3 que el Fondo de Pensiones lo que pretende es compensar el faltante que tendr\u00e1n la mayor\u00eda de los trabajadores al momento de jubilarse bajo el esquema de ahorro individual, pues la tasa de retorno que est\u00e1n teniendo la primera generaci\u00f3n de pensionados v\u00eda Afore es de 40 por ciento.<\/p>\n<blockquote><p>El prop\u00f3sito es que contemos en M\u00e9xico con un fondo solidario de pensiones que pueda ser complementario para que los trabajadores que iniciaron a laborar a partir de 1997, cuando fue aprobada la ley que le dio vida a las cuentas individuales, puedan aspirar a tener cuando se jubilen el cien por ciento de su salario base de cotizaci\u00f3n y evitemos as\u00ed el empobrecimiento al que se ha venido exponiendo los trabajadores&#8221;, sostuvo.<\/p><\/blockquote>\n<p>La reuni\u00f3n se llev\u00f3 a cabo bajo un formato semipresencial en la que la mayor\u00eda de los legisladores se conect\u00f3 v\u00eda remota desde su casa, restaurantes o autom\u00f3viles.<\/p>\n<p>La panista Roc\u00edo Gonz\u00e1lez acus\u00f3 a la petista Lilia Aguilar de andar en campa\u00f1a, ya que en la transmisi\u00f3n luci\u00f3 una blusa con las siglas de su partido. La legisladora del Partido del Trabajo neg\u00f3 estar en un evento de campa\u00f1a y mostr\u00f3 el restaurante desde el que estaba conectada sin explicar por qu\u00e9 no acudi\u00f3 a la reuni\u00f3n de la Comisi\u00f3n en San L\u00e1zaro.<\/p>\n<p>El coordinador morenista, Ignacio Mier, hizo uso de la palabra para defender su iniciativa y acus\u00f3 a los opositores de no haberla le\u00eddo y rechazarla por consigna.<\/p>\n<blockquote><p>Lo que se pretende es compensar las distorsiones que gener\u00f3 el esquema 1997 en perjuicio de 45 millones de trabajadores. Ellos son los que est\u00e1n sufriendo porque la tasa de reemplazo garantizada no alcanza el 40 por ciento y el fondo lo que pretende ser es un fondo solidario de compensaci\u00f3n que no afecta ning\u00fan derecho ni le roba a nadie. &#8220;Y no nos confundamos compa\u00f1eros, no confundamos la pr\u00e1ctica pol\u00edtica del debate en un proceso electoral con la necesidad de justicia social de garantizarles a los trabajadores de M\u00e9xico una pensi\u00f3n digna&#8221;, argument\u00f3.<\/p><\/blockquote>\n","protected":false},"excerpt":{"rendered":"<p>Dan Morena y sus aliados voto en comisiones para que el dinero que no fue reclamado de los afores se vaya a un fondo \u2018semilla\u2019<\/p>\n","protected":false},"author":1,"featured_media":4176,"comment_status":"closed","ping_status":"closed","sticky":false,"template":"","format":"standard","meta":{"_crdt_document":"","_jetpack_memberships_contains_paid_content":false,"footnotes":"","jetpack_publicize_message":"","jetpack_publicize_feature_enabled":true,"jetpack_social_post_already_shared":true,"jetpack_social_options":{"image_generator_settings":{"template":"highway","default_image_id":0,"font":"","enabled":false},"version":2},"_wpas_customize_per_network":false},"categories":[33],"tags":[],"class_list":["post-4175","post","type-post","status-publish","format-standard","has-post-thumbnail","hentry","category-mexico"],"magazineBlocksPostFeaturedMedia":{"thumbnail":"https:\/\/pornuestrolaredo.com\/wp-content\/uploads\/2024\/04\/Comisiones-150x150.jpg","medium":"https:\/\/pornuestrolaredo.com\/wp-content\/uploads\/2024\/04\/Comisiones-300x169.jpg","medium_large":"https:\/\/pornuestrolaredo.com\/wp-content\/uploads\/2024\/04\/Comisiones-768x433.jpg","large":"https:\/\/pornuestrolaredo.com\/wp-content\/uploads\/2024\/04\/Comisiones.jpg","1536x1536":"https:\/\/pornuestrolaredo.com\/wp-content\/uploads\/2024\/04\/Comisiones.jpg","2048x2048":"https:\/\/pornuestrolaredo.com\/wp-content\/uploads\/2024\/04\/Comisiones.jpg","morenews-large":"https:\/\/pornuestrolaredo.com\/wp-content\/uploads\/2024\/04\/Comisiones.jpg","morenews-medium":"https:\/\/pornuestrolaredo.com\/wp-content\/uploads\/2024\/04\/Comisiones.jpg"},"magazineBlocksPostAuthor":{"name":"Redactor","avatar":"https:\/\/pornuestrolaredo.com\/wp-content\/litespeed\/avatar\/dca1d7ec750c399f025f23b0b314f4cf.jpg?ver=1777612120"},"magazineBlocksPostCommentsNumber":false,"magazineBlocksPostExcerpt":"Dan Morena y sus aliados voto en comisiones para que el dinero que no fue reclamado de los afores se vaya a un fondo \u2018semilla\u2019","magazineBlocksPostCategories":["Mexico"],"magazineBlocksPostViewCount":123,"magazineBlocksPostReadTime":4,"magazine_blocks_featured_image_url":{"full":["https:\/\/pornuestrolaredo.com\/wp-content\/uploads\/2024\/04\/Comisiones.jpg",960,541,false],"medium":["https:\/\/pornuestrolaredo.com\/wp-content\/uploads\/2024\/04\/Comisiones-300x169.jpg",300,169,true],"thumbnail":["https:\/\/pornuestrolaredo.com\/wp-content\/uploads\/2024\/04\/Comisiones-150x150.jpg",150,150,true]},"magazine_blocks_author":{"display_name":"Redactor","author_link":"https:\/\/pornuestrolaredo.com\/?author=1"},"magazine_blocks_comment":0,"magazine_blocks_author_image":"https:\/\/pornuestrolaredo.com\/wp-content\/litespeed\/avatar\/dca1d7ec750c399f025f23b0b314f4cf.jpg?ver=1777612120","magazine_blocks_category":"<a href=\"#\" class=\"category-link category-link-33\">Mexico<\/a>","jetpack_publicize_connections":[],"featured_image_urls":{"full":["https:\/\/pornuestrolaredo.com\/wp-content\/uploads\/2024\/04\/Comisiones.jpg",960,541,false],"thumbnail":["https:\/\/pornuestrolaredo.com\/wp-content\/uploads\/2024\/04\/Comisiones-150x150.jpg",150,150,true],"medium":["https:\/\/pornuestrolaredo.com\/wp-content\/uploads\/2024\/04\/Comisiones-300x169.jpg",300,169,true],"medium_large":["https:\/\/pornuestrolaredo.com\/wp-content\/uploads\/2024\/04\/Comisiones-768x433.jpg",640,361,true],"large":["https:\/\/pornuestrolaredo.com\/wp-content\/uploads\/2024\/04\/Comisiones.jpg",640,361,false],"1536x1536":["https:\/\/pornuestrolaredo.com\/wp-content\/uploads\/2024\/04\/Comisiones.jpg",960,541,false],"2048x2048":["https:\/\/pornuestrolaredo.com\/wp-content\/uploads\/2024\/04\/Comisiones.jpg",960,541,false],"morenews-large":["https:\/\/pornuestrolaredo.com\/wp-content\/uploads\/2024\/04\/Comisiones.jpg",825,465,false],"morenews-medium":["https:\/\/pornuestrolaredo.com\/wp-content\/uploads\/2024\/04\/Comisiones.jpg",590,332,false]},"author_info":{"info":["Redactor"]},"category_info":"<a href=\"https:\/\/pornuestrolaredo.com\/?cat=33\" rel=\"category\">Mexico<\/a>","tag_info":"Mexico","comment_count":"0","jetpack_featured_media_url":"https:\/\/pornuestrolaredo.com\/wp-content\/uploads\/2024\/04\/Comisiones.jpg","jetpack_sharing_enabled":true,"_links":{"self":[{"href":"https:\/\/pornuestrolaredo.com\/index.php?rest_route=\/wp\/v2\/posts\/4175","targetHints":{"allow":["GET"]}}],"collection":[{"href":"https:\/\/pornuestrolaredo.com\/index.php?rest_route=\/wp\/v2\/posts"}],"about":[{"href":"https:\/\/pornuestrolaredo.com\/index.php?rest_route=\/wp\/v2\/types\/post"}],"author":[{"embeddable":true,"href":"https:\/\/pornuestrolaredo.com\/index.php?rest_route=\/wp\/v2\/users\/1"}],"replies":[{"embeddable":true,"href":"https:\/\/pornuestrolaredo.com\/index.php?rest_route=%2Fwp%2Fv2%2Fcomments&post=4175"}],"version-history":[{"count":1,"href":"https:\/\/pornuestrolaredo.com\/index.php?rest_route=\/wp\/v2\/posts\/4175\/revisions"}],"predecessor-version":[{"id":4177,"href":"https:\/\/pornuestrolaredo.com\/index.php?rest_route=\/wp\/v2\/posts\/4175\/revisions\/4177"}],"wp:featuredmedia":[{"embeddable":true,"href":"https:\/\/pornuestrolaredo.com\/index.php?rest_route=\/wp\/v2\/media\/4176"}],"wp:attachment":[{"href":"https:\/\/pornuestrolaredo.com\/index.php?rest_route=%2Fwp%2Fv2%2Fmedia&parent=4175"}],"wp:term":[{"taxonomy":"category","embeddable":true,"href":"https:\/\/pornuestrolaredo.com\/index.php?rest_route=%2Fwp%2Fv2%2Fcategories&post=4175"},{"taxonomy":"post_tag","embeddable":true,"href":"https:\/\/pornuestrolaredo.com\/index.php?rest_route=%2Fwp%2Fv2%2Ftags&post=4175"}],"curies":[{"name":"wp","href":"https:\/\/api.w.org\/{rel}","templated":true}]}}