{"id":4178,"date":"2024-04-15T23:29:29","date_gmt":"2024-04-15T23:29:29","guid":{"rendered":"https:\/\/pornuestrolaredo.com\/?p=4178"},"modified":"2024-04-15T23:29:29","modified_gmt":"2024-04-15T23:29:29","slug":"tres-dias-de-tormentas-matan-a-36-personas","status":"publish","type":"post","link":"https:\/\/pornuestrolaredo.com\/?p=4178","title":{"rendered":"Tres d\u00edas de tormentas matan a 36 personas"},"content":{"rendered":"<p>ISLAMABAD.-\u00a0 Los rayos y aguaceros han matado al menos a 36 personas en Pakist\u00e1n, en su mayor\u00eda campesinos, durante los \u00faltimos tres d\u00edas, indicaron funcionarios el lunes, al tiempo que las autoridades declaraban un estado de emergencia en el suroeste del pa\u00eds.<\/p>\n<p>La mayor\u00eda de las muertes ocurri\u00f3 cuando un rayo cay\u00f3 sobre agricultores que cosechaban trigo y las lluvias provocaron el colapso de casas en la provincia oriental de Punjab, dijo Arfan Kathia, portavoz de la autoridad provincial de gesti\u00f3n de desastres. Advirti\u00f3 que se esperaban m\u00e1s lluvias esta semana.<\/p>\n<p>Las precipitaciones, que tambi\u00e9n azotaron la capital, Islamabad, dejaron siete muertos en la provincia suroccidental de Baluchist\u00e1n durante el fin de semana, y otras ocho personas murieron en la provincia noroccidental de Khyber Pakhtunkhwa, en la frontera con Afganist\u00e1n. Las lluvias inundaron calles en la ciudad noroccidental de Peshawar y en Quetta, la capital de Baluchist\u00e1n, donde las autoridades declararon el estado de emergencia.<\/p>\n<p>El primer ministro Shehbaz Sharif dijo en un mensaje televisado que orden\u00f3 a las autoridades que proporcionaran ayuda en las regiones afectadas. Las reservas de agua del pa\u00eds mejorar\u00e1n tras las precipitaciones, se\u00f1al\u00f3, aunque expres\u00f3 su preocupaci\u00f3n por las muertes y los da\u00f1os.<\/p>\n<p>En Afganist\u00e1n, las fuertes inundaciones por las lluvias estacionales mataron a 33 personas e hirieron a otras 27 en los \u00faltimos tres d\u00edas, seg\u00fan Abdullah Janan Saiq, vocero talib\u00e1n para el Ministerio de Estado para la Gesti\u00f3n de Desastres Naturales.<\/p>\n<p>M\u00e1s de 600 viviendas sufrieron da\u00f1os o quedaron destruidas y alrededor de 200 cabezas de ganado murieron, a\u00f1adi\u00f3. Las inundaciones tambi\u00e9n afectaron numerosos cultivos y m\u00e1s de 85 kil\u00f3metros (53 millas) de carreteras.<\/p>\n<p>Las autoridades en Afganist\u00e1n prestaron ayuda a casi 23 mil familias, y se reportaron inundaciones repentinas en 20 de las 34 provincias del pa\u00eds, apunt\u00f3.<\/p>\n<p>Unas lluvias tan intensas en abril resultan inusuales, afirm\u00f3 Rafay Alam, experto medioambiental paquistan\u00ed.<\/p>\n<p>\u201cHace dos a\u00f1os, Pakist\u00e1n lidi\u00f3 con una ola de calor en marzo y abril y ahora recibimos lluvias y todo es por el cambio clim\u00e1tico, que caus\u00f3 graves inundaciones en 2022\u201d, explic\u00f3.<\/p>\n<p>Los aguaceros desbordaron r\u00edos en 2022 y provocaron inundaciones que llegaron a cubrir un tercio de Pakist\u00e1n, causaron la muerte de mil 739 personas y da\u00f1os por valor de 30 mil millones de d\u00f3lares.<\/p>\n","protected":false},"excerpt":{"rendered":"<p>El temporal que azota a Pakist\u00e1n y muchas personas mueren al ser golpeados por rayos; las lluvias probocan el colapso de decenas de casas<\/p>\n","protected":false},"author":1,"featured_media":4179,"comment_status":"closed","ping_status":"closed","sticky":false,"template":"","format":"standard","meta":{"_crdt_document":"","_jetpack_memberships_contains_paid_content":false,"footnotes":"","jetpack_publicize_message":"","jetpack_publicize_feature_enabled":true,"jetpack_social_post_already_shared":true,"jetpack_social_options":{"image_generator_settings":{"template":"highway","default_image_id":0,"font":"","enabled":false},"version":2},"_wpas_customize_per_network":false},"categories":[9],"tags":[],"class_list":["post-4178","post","type-post","status-publish","format-standard","has-post-thumbnail","hentry","category-el-mundo"],"magazineBlocksPostFeaturedMedia":{"thumbnail":"https:\/\/pornuestrolaredo.com\/wp-content\/uploads\/2024\/04\/Tormentas-150x150.jpg","medium":"https:\/\/pornuestrolaredo.com\/wp-content\/uploads\/2024\/04\/Tormentas-300x225.jpg","medium_large":"https:\/\/pornuestrolaredo.com\/wp-content\/uploads\/2024\/04\/Tormentas-768x576.jpg","large":"https:\/\/pornuestrolaredo.com\/wp-content\/uploads\/2024\/04\/Tormentas-1000x750.jpg","1536x1536":"https:\/\/pornuestrolaredo.com\/wp-content\/uploads\/2024\/04\/Tormentas.jpg","2048x2048":"https:\/\/pornuestrolaredo.com\/wp-content\/uploads\/2024\/04\/Tormentas.jpg","morenews-large":"https:\/\/pornuestrolaredo.com\/wp-content\/uploads\/2024\/04\/Tormentas.jpg","morenews-medium":"https:\/\/pornuestrolaredo.com\/wp-content\/uploads\/2024\/04\/Tormentas.jpg"},"magazineBlocksPostAuthor":{"name":"Redactor","avatar":"https:\/\/pornuestrolaredo.com\/wp-content\/litespeed\/avatar\/dca1d7ec750c399f025f23b0b314f4cf.jpg?ver=1777612120"},"magazineBlocksPostCommentsNumber":false,"magazineBlocksPostExcerpt":"El temporal que azota a Pakist\u00e1n y muchas personas mueren al ser golpeados por rayos; las lluvias probocan el colapso de decenas de casas","magazineBlocksPostCategories":["El Mundo"],"magazineBlocksPostViewCount":114,"magazineBlocksPostReadTime":2,"magazine_blocks_featured_image_url":{"full":["https:\/\/pornuestrolaredo.com\/wp-content\/uploads\/2024\/04\/Tormentas.jpg",1440,1080,false],"medium":["https:\/\/pornuestrolaredo.com\/wp-content\/uploads\/2024\/04\/Tormentas-300x225.jpg",300,225,true],"thumbnail":["https:\/\/pornuestrolaredo.com\/wp-content\/uploads\/2024\/04\/Tormentas-150x150.jpg",150,150,true]},"magazine_blocks_author":{"display_name":"Redactor","author_link":"https:\/\/pornuestrolaredo.com\/?author=1"},"magazine_blocks_comment":0,"magazine_blocks_author_image":"https:\/\/pornuestrolaredo.com\/wp-content\/litespeed\/avatar\/dca1d7ec750c399f025f23b0b314f4cf.jpg?ver=1777612120","magazine_blocks_category":"<a href=\"#\" class=\"category-link category-link-9\">El Mundo<\/a>","jetpack_publicize_connections":[],"featured_image_urls":{"full":["https:\/\/pornuestrolaredo.com\/wp-content\/uploads\/2024\/04\/Tormentas.jpg",1440,1080,false],"thumbnail":["https:\/\/pornuestrolaredo.com\/wp-content\/uploads\/2024\/04\/Tormentas-150x150.jpg",150,150,true],"medium":["https:\/\/pornuestrolaredo.com\/wp-content\/uploads\/2024\/04\/Tormentas-300x225.jpg",300,225,true],"medium_large":["https:\/\/pornuestrolaredo.com\/wp-content\/uploads\/2024\/04\/Tormentas-768x576.jpg",640,480,true],"large":["https:\/\/pornuestrolaredo.com\/wp-content\/uploads\/2024\/04\/Tormentas-1000x750.jpg",640,480,true],"1536x1536":["https:\/\/pornuestrolaredo.com\/wp-content\/uploads\/2024\/04\/Tormentas.jpg",1440,1080,false],"2048x2048":["https:\/\/pornuestrolaredo.com\/wp-content\/uploads\/2024\/04\/Tormentas.jpg",1440,1080,false],"morenews-large":["https:\/\/pornuestrolaredo.com\/wp-content\/uploads\/2024\/04\/Tormentas.jpg",767,575,false],"morenews-medium":["https:\/\/pornuestrolaredo.com\/wp-content\/uploads\/2024\/04\/Tormentas.jpg",547,410,false]},"author_info":{"info":["Redactor"]},"category_info":"<a href=\"https:\/\/pornuestrolaredo.com\/?cat=9\" rel=\"category\">El Mundo<\/a>","tag_info":"El Mundo","comment_count":"0","jetpack_featured_media_url":"https:\/\/pornuestrolaredo.com\/wp-content\/uploads\/2024\/04\/Tormentas.jpg","jetpack_sharing_enabled":true,"_links":{"self":[{"href":"https:\/\/pornuestrolaredo.com\/index.php?rest_route=\/wp\/v2\/posts\/4178","targetHints":{"allow":["GET"]}}],"collection":[{"href":"https:\/\/pornuestrolaredo.com\/index.php?rest_route=\/wp\/v2\/posts"}],"about":[{"href":"https:\/\/pornuestrolaredo.com\/index.php?rest_route=\/wp\/v2\/types\/post"}],"author":[{"embeddable":true,"href":"https:\/\/pornuestrolaredo.com\/index.php?rest_route=\/wp\/v2\/users\/1"}],"replies":[{"embeddable":true,"href":"https:\/\/pornuestrolaredo.com\/index.php?rest_route=%2Fwp%2Fv2%2Fcomments&post=4178"}],"version-history":[{"count":1,"href":"https:\/\/pornuestrolaredo.com\/index.php?rest_route=\/wp\/v2\/posts\/4178\/revisions"}],"predecessor-version":[{"id":4180,"href":"https:\/\/pornuestrolaredo.com\/index.php?rest_route=\/wp\/v2\/posts\/4178\/revisions\/4180"}],"wp:featuredmedia":[{"embeddable":true,"href":"https:\/\/pornuestrolaredo.com\/index.php?rest_route=\/wp\/v2\/media\/4179"}],"wp:attachment":[{"href":"https:\/\/pornuestrolaredo.com\/index.php?rest_route=%2Fwp%2Fv2%2Fmedia&parent=4178"}],"wp:term":[{"taxonomy":"category","embeddable":true,"href":"https:\/\/pornuestrolaredo.com\/index.php?rest_route=%2Fwp%2Fv2%2Fcategories&post=4178"},{"taxonomy":"post_tag","embeddable":true,"href":"https:\/\/pornuestrolaredo.com\/index.php?rest_route=%2Fwp%2Fv2%2Ftags&post=4178"}],"curies":[{"name":"wp","href":"https:\/\/api.w.org\/{rel}","templated":true}]}}