{"id":4184,"date":"2024-04-16T05:01:25","date_gmt":"2024-04-16T05:01:25","guid":{"rendered":"https:\/\/pornuestrolaredo.com\/?p=4184"},"modified":"2024-04-16T05:01:25","modified_gmt":"2024-04-16T05:01:25","slug":"surgen-llamas-rosadas-del-sol-durante-el-eclipse","status":"publish","type":"post","link":"https:\/\/pornuestrolaredo.com\/?p=4184","title":{"rendered":"Surgen \u2018llamas\u2019 rosadas del Sol durante el eclipse"},"content":{"rendered":"<p><strong>HOUSTON.- <\/strong>Hace una semana, miles de personas fueron testigos del eclipse solar que recorri\u00f3 parte de M\u00e9xico, Estados Unidos y Canad\u00e1 y este lunes, la NASA revel\u00f3 sorprendentes im\u00e1genes, que parecen mostrar majestuosas llamas de color rosa brotando por detr\u00e1s de la Luna.<\/p>\n<p>Keegan Barber, el autor de estas impresionantes fotograf\u00edas, capt\u00f3 el eclipse total cuando la Luna bloque\u00f3 el Sol y sumi\u00f3 a Dallas, Texas, en la oscuridad el 8 de abril.<\/p>\n<p>Las im\u00e1genes revelan enormes llamaradas rosadas de plasma emergiendo de la superficie del Sol hacia su segunda atm\u00f3sfera, la cromosfera, y la corona solar m\u00e1s externa.<\/p>\n<p>Las gigantescas llamas del tama\u00f1o de un planeta son conocidas como &#8220;prominencias solares&#8221;. Se trata de bucles de plasma en la superficie del Sol, formados por gas sobrecalentado y cargado el\u00e9ctricamente, que pueden perdurar durante meses.<\/p>\n<p>Las capas exteriores m\u00e1s tenues del Sol, la crom\u00f3sfera y la corona, donde se manifiestan estos relieves solares, suelen quedar oscurecidas por el resplandor solar. Sin embargo, durante el eclipse de la semana pasada, tanto astr\u00f3nomos profesionales como aficionados tuvieron la oportunidad de observarlas.<\/p>\n<p>Keegan Barber, quien adem\u00e1s es investigador fotogr\u00e1fico de la NASA, logr\u00f3 capturar m\u00faltiples instant\u00e1neas de alta resoluci\u00f3n de las prominencias solares, que se volvieron inusualmente visibles gracias al eclipse lunar. Este fen\u00f3meno celestial eclips\u00f3 todo menos la corona blanca y la cromosfera rosa del Sol.<\/p>\n<p>La tonalidad rosada de los relieves solares se debe a la transformaci\u00f3n del gas hidr\u00f3geno del Sol en plasma. El hidr\u00f3geno elemental emite una luz rojiza cuando se calienta a altas temperaturas.<\/p>\n<p>Este fen\u00f3meno se basa en el hecho cient\u00edfico de que el calentamiento de diversos elementos qu\u00edmicos produce colores espec\u00edficos, una idea que se utiliza en la industria de los fuegos artificiales.<\/p>\n<p>Durante el eclipse, el Sol estaba cerca de su m\u00e1ximo solar, un per\u00edodo de intensa actividad magn\u00e9tica que ocurre cada 11 a\u00f1os.<\/p>\n<p>Este evento contrast\u00f3 con el eclipse solar total de 2017, que ocurri\u00f3 durante un m\u00ednimo solar, mostrando menos actividad magn\u00e9tica en el sol y prominencias solares restringidas principalmente a la regi\u00f3n ecuatorial.<\/p>\n","protected":false},"excerpt":{"rendered":"<p>Fot\u00f3grafo de la NASA logra captar lo que se conoce como \u2018prominencias solares\u2019<\/p>\n","protected":false},"author":1,"featured_media":4185,"comment_status":"closed","ping_status":"closed","sticky":false,"template":"","format":"standard","meta":{"_crdt_document":"","_jetpack_memberships_contains_paid_content":false,"footnotes":"","jetpack_publicize_message":"","jetpack_publicize_feature_enabled":true,"jetpack_social_post_already_shared":true,"jetpack_social_options":{"image_generator_settings":{"template":"highway","default_image_id":0,"font":"","enabled":false},"version":2},"_wpas_customize_per_network":false},"categories":[9],"tags":[],"class_list":["post-4184","post","type-post","status-publish","format-standard","has-post-thumbnail","hentry","category-el-mundo"],"magazineBlocksPostFeaturedMedia":{"thumbnail":"https:\/\/pornuestrolaredo.com\/wp-content\/uploads\/2024\/04\/107FM-20240414-7-150x150.jpg","medium":"https:\/\/pornuestrolaredo.com\/wp-content\/uploads\/2024\/04\/107FM-20240414-7-300x204.jpg","medium_large":"https:\/\/pornuestrolaredo.com\/wp-content\/uploads\/2024\/04\/107FM-20240414-7-768x523.jpg","large":"https:\/\/pornuestrolaredo.com\/wp-content\/uploads\/2024\/04\/107FM-20240414-7.jpg","1536x1536":"https:\/\/pornuestrolaredo.com\/wp-content\/uploads\/2024\/04\/107FM-20240414-7.jpg","2048x2048":"https:\/\/pornuestrolaredo.com\/wp-content\/uploads\/2024\/04\/107FM-20240414-7.jpg","morenews-large":"https:\/\/pornuestrolaredo.com\/wp-content\/uploads\/2024\/04\/107FM-20240414-7.jpg","morenews-medium":"https:\/\/pornuestrolaredo.com\/wp-content\/uploads\/2024\/04\/107FM-20240414-7.jpg"},"magazineBlocksPostAuthor":{"name":"Redactor","avatar":"https:\/\/pornuestrolaredo.com\/wp-content\/litespeed\/avatar\/dca1d7ec750c399f025f23b0b314f4cf.jpg?ver=1777612120"},"magazineBlocksPostCommentsNumber":false,"magazineBlocksPostExcerpt":"Fot\u00f3grafo de la NASA logra captar lo que se conoce como \u2018prominencias solares\u2019","magazineBlocksPostCategories":["El Mundo"],"magazineBlocksPostViewCount":130,"magazineBlocksPostReadTime":2,"magazine_blocks_featured_image_url":{"full":["https:\/\/pornuestrolaredo.com\/wp-content\/uploads\/2024\/04\/107FM-20240414-7.jpg",830,565,false],"medium":["https:\/\/pornuestrolaredo.com\/wp-content\/uploads\/2024\/04\/107FM-20240414-7-300x204.jpg",300,204,true],"thumbnail":["https:\/\/pornuestrolaredo.com\/wp-content\/uploads\/2024\/04\/107FM-20240414-7-150x150.jpg",150,150,true]},"magazine_blocks_author":{"display_name":"Redactor","author_link":"https:\/\/pornuestrolaredo.com\/?author=1"},"magazine_blocks_comment":0,"magazine_blocks_author_image":"https:\/\/pornuestrolaredo.com\/wp-content\/litespeed\/avatar\/dca1d7ec750c399f025f23b0b314f4cf.jpg?ver=1777612120","magazine_blocks_category":"<a href=\"#\" class=\"category-link category-link-9\">El Mundo<\/a>","jetpack_publicize_connections":[],"featured_image_urls":{"full":["https:\/\/pornuestrolaredo.com\/wp-content\/uploads\/2024\/04\/107FM-20240414-7.jpg",830,565,false],"thumbnail":["https:\/\/pornuestrolaredo.com\/wp-content\/uploads\/2024\/04\/107FM-20240414-7-150x150.jpg",150,150,true],"medium":["https:\/\/pornuestrolaredo.com\/wp-content\/uploads\/2024\/04\/107FM-20240414-7-300x204.jpg",300,204,true],"medium_large":["https:\/\/pornuestrolaredo.com\/wp-content\/uploads\/2024\/04\/107FM-20240414-7-768x523.jpg",640,436,true],"large":["https:\/\/pornuestrolaredo.com\/wp-content\/uploads\/2024\/04\/107FM-20240414-7.jpg",640,436,false],"1536x1536":["https:\/\/pornuestrolaredo.com\/wp-content\/uploads\/2024\/04\/107FM-20240414-7.jpg",830,565,false],"2048x2048":["https:\/\/pornuestrolaredo.com\/wp-content\/uploads\/2024\/04\/107FM-20240414-7.jpg",830,565,false],"morenews-large":["https:\/\/pornuestrolaredo.com\/wp-content\/uploads\/2024\/04\/107FM-20240414-7.jpg",825,562,false],"morenews-medium":["https:\/\/pornuestrolaredo.com\/wp-content\/uploads\/2024\/04\/107FM-20240414-7.jpg",590,402,false]},"author_info":{"info":["Redactor"]},"category_info":"<a href=\"https:\/\/pornuestrolaredo.com\/?cat=9\" rel=\"category\">El Mundo<\/a>","tag_info":"El Mundo","comment_count":"0","jetpack_featured_media_url":"https:\/\/pornuestrolaredo.com\/wp-content\/uploads\/2024\/04\/107FM-20240414-7.jpg","jetpack_sharing_enabled":true,"_links":{"self":[{"href":"https:\/\/pornuestrolaredo.com\/index.php?rest_route=\/wp\/v2\/posts\/4184","targetHints":{"allow":["GET"]}}],"collection":[{"href":"https:\/\/pornuestrolaredo.com\/index.php?rest_route=\/wp\/v2\/posts"}],"about":[{"href":"https:\/\/pornuestrolaredo.com\/index.php?rest_route=\/wp\/v2\/types\/post"}],"author":[{"embeddable":true,"href":"https:\/\/pornuestrolaredo.com\/index.php?rest_route=\/wp\/v2\/users\/1"}],"replies":[{"embeddable":true,"href":"https:\/\/pornuestrolaredo.com\/index.php?rest_route=%2Fwp%2Fv2%2Fcomments&post=4184"}],"version-history":[{"count":1,"href":"https:\/\/pornuestrolaredo.com\/index.php?rest_route=\/wp\/v2\/posts\/4184\/revisions"}],"predecessor-version":[{"id":4186,"href":"https:\/\/pornuestrolaredo.com\/index.php?rest_route=\/wp\/v2\/posts\/4184\/revisions\/4186"}],"wp:featuredmedia":[{"embeddable":true,"href":"https:\/\/pornuestrolaredo.com\/index.php?rest_route=\/wp\/v2\/media\/4185"}],"wp:attachment":[{"href":"https:\/\/pornuestrolaredo.com\/index.php?rest_route=%2Fwp%2Fv2%2Fmedia&parent=4184"}],"wp:term":[{"taxonomy":"category","embeddable":true,"href":"https:\/\/pornuestrolaredo.com\/index.php?rest_route=%2Fwp%2Fv2%2Fcategories&post=4184"},{"taxonomy":"post_tag","embeddable":true,"href":"https:\/\/pornuestrolaredo.com\/index.php?rest_route=%2Fwp%2Fv2%2Ftags&post=4184"}],"curies":[{"name":"wp","href":"https:\/\/api.w.org\/{rel}","templated":true}]}}