{"id":4195,"date":"2024-04-17T17:33:36","date_gmt":"2024-04-17T17:33:36","guid":{"rendered":"https:\/\/pornuestrolaredo.com\/?p=4195"},"modified":"2024-04-17T17:33:36","modified_gmt":"2024-04-17T17:33:36","slug":"los-latin-grammy-regresaran-a-su-casa","status":"publish","type":"post","link":"https:\/\/pornuestrolaredo.com\/?p=4195","title":{"rendered":"Los Latin Grammy regresar\u00e1n a su casa"},"content":{"rendered":"<p><strong><em>MIAMI.-<\/em><\/strong> Los Latin Grammy 2024 regresar\u00e1n a Miami, donde tiene su sede la Academia Latina de la Grabaci\u00f3n.<\/p>\n<p>La 25\u00aa edici\u00f3n anual de los premios se transmitir\u00e1 en vivo desde el Kaseya Center el 14 de noviembre. Las nominaciones se anunciar\u00e1n el 17 de septiembre.<\/p>\n<p>La ceremonia del a\u00f1o pasado se llev\u00f3 a cabo en Sevilla, Espa\u00f1a, era la primera vez que los premios se celebraban fuera de Estados Unidos, como resultado de un acuerdo de casi 19 millones de euros entre el gobierno de Andaluc\u00eda y la Academia Latina de la Grabaci\u00f3n, as\u00ed como los esfuerzos para ampliar el alcance global de los Latin Grammy.<\/p>\n<blockquote><\/blockquote>\n<p>El crecimiento internacional es consistente con nuestra misi\u00f3n\u201d, dijo en ese entonces el director ejecutivo de La Academia Latina de la Grabaci\u00f3n, Manuel Abud. \u201cTenemos miembros de m\u00e1s de 40 pa\u00edses, y siempre hemos celebrado la m\u00fasica en espa\u00f1ol y portugu\u00e9s. Ahora, lo \u00fanico que est\u00e1 cambiando es que estamos llevando la celebraci\u00f3n a otro lugar, lo que en \u00faltima instancia ampliar\u00e1 a\u00fan m\u00e1s nuestro alcance global\u201d.<\/p>\n<p>La decisi\u00f3n fue recibida con cierta controversia, y algunos criticaron que el espect\u00e1culo fuera trasladado al pa\u00eds europeo que coloniz\u00f3 gran parte de Am\u00e9rica Latina.<\/p>\n<p>Sin embargo, la llegada de los premios a Espa\u00f1a se aline\u00f3 perfectamente con los esfuerzos del pa\u00eds por hacer crecer a\u00fan m\u00e1s el turismo musical, que ahora alberga algunos de los festivales m\u00e1s importantes.<\/p>\n<p>La entrega de premios celebra regularmente a artistas que act\u00faan en espa\u00f1ol o portugu\u00e9s, sin que necesariamente sean latinoamericanos o latinos de Estados Unidos. Un ejemplo es la cantante espa\u00f1ola Rosal\u00eda, que es hispana pero no latinoamericana, y que en 2022 se convirti\u00f3 en la primera mujer en ganar dos veces el premio al \u00e1lbum del a\u00f1o en la entrega de premios.<\/p>\n<p>En un comunicado, Abud dijo que la decisi\u00f3n de trasladar el espect\u00e1culo a Miami refleja la posici\u00f3n de la ciudad como \u201cel epicentro del entretenimiento latino\u201d.<\/p>\n<blockquote><p>Estamos agradecidos por el apoyo de la comunidad y el entusiasmo que hemos recibido\u201d.<\/p><\/blockquote>\n","protected":false},"excerpt":{"rendered":"<p>La edici\u00f3n de este a\u00f1o se realizar\u00e1 en la su sede la Academia Latina de la Grabaci\u00f3n y las nominaciones se anunciar\u00e1n el 17 de septiembre<\/p>\n","protected":false},"author":1,"featured_media":4196,"comment_status":"closed","ping_status":"closed","sticky":false,"template":"","format":"standard","meta":{"_crdt_document":"","_jetpack_memberships_contains_paid_content":false,"footnotes":"","jetpack_publicize_message":"","jetpack_publicize_feature_enabled":true,"jetpack_social_post_already_shared":true,"jetpack_social_options":{"image_generator_settings":{"template":"highway","default_image_id":0,"font":"","enabled":false},"version":2},"_wpas_customize_per_network":false},"categories":[34],"tags":[],"class_list":["post-4195","post","type-post","status-publish","format-standard","has-post-thumbnail","hentry","category-farandula"],"magazineBlocksPostFeaturedMedia":{"thumbnail":"https:\/\/pornuestrolaredo.com\/wp-content\/uploads\/2024\/04\/107FM-20240417-1-150x150.jpg","medium":"https:\/\/pornuestrolaredo.com\/wp-content\/uploads\/2024\/04\/107FM-20240417-1-300x180.jpg","medium_large":"https:\/\/pornuestrolaredo.com\/wp-content\/uploads\/2024\/04\/107FM-20240417-1-768x460.jpg","large":"https:\/\/pornuestrolaredo.com\/wp-content\/uploads\/2024\/04\/107FM-20240417-1.jpg","1536x1536":"https:\/\/pornuestrolaredo.com\/wp-content\/uploads\/2024\/04\/107FM-20240417-1.jpg","2048x2048":"https:\/\/pornuestrolaredo.com\/wp-content\/uploads\/2024\/04\/107FM-20240417-1.jpg","morenews-large":"https:\/\/pornuestrolaredo.com\/wp-content\/uploads\/2024\/04\/107FM-20240417-1.jpg","morenews-medium":"https:\/\/pornuestrolaredo.com\/wp-content\/uploads\/2024\/04\/107FM-20240417-1.jpg"},"magazineBlocksPostAuthor":{"name":"Redactor","avatar":"https:\/\/pornuestrolaredo.com\/wp-content\/litespeed\/avatar\/dca1d7ec750c399f025f23b0b314f4cf.jpg?ver=1777612120"},"magazineBlocksPostCommentsNumber":false,"magazineBlocksPostExcerpt":"La edici\u00f3n de este a\u00f1o se realizar\u00e1 en la su sede la Academia Latina de la Grabaci\u00f3n y las nominaciones se anunciar\u00e1n el 17 de septiembre","magazineBlocksPostCategories":["Far\u00e1ndula"],"magazineBlocksPostViewCount":129,"magazineBlocksPostReadTime":2,"magazine_blocks_featured_image_url":{"full":["https:\/\/pornuestrolaredo.com\/wp-content\/uploads\/2024\/04\/107FM-20240417-1.jpg",980,587,false],"medium":["https:\/\/pornuestrolaredo.com\/wp-content\/uploads\/2024\/04\/107FM-20240417-1-300x180.jpg",300,180,true],"thumbnail":["https:\/\/pornuestrolaredo.com\/wp-content\/uploads\/2024\/04\/107FM-20240417-1-150x150.jpg",150,150,true]},"magazine_blocks_author":{"display_name":"Redactor","author_link":"https:\/\/pornuestrolaredo.com\/?author=1"},"magazine_blocks_comment":0,"magazine_blocks_author_image":"https:\/\/pornuestrolaredo.com\/wp-content\/litespeed\/avatar\/dca1d7ec750c399f025f23b0b314f4cf.jpg?ver=1777612120","magazine_blocks_category":"<a href=\"#\" class=\"category-link category-link-34\">Far\u00e1ndula<\/a>","jetpack_publicize_connections":[],"featured_image_urls":{"full":["https:\/\/pornuestrolaredo.com\/wp-content\/uploads\/2024\/04\/107FM-20240417-1.jpg",980,587,false],"thumbnail":["https:\/\/pornuestrolaredo.com\/wp-content\/uploads\/2024\/04\/107FM-20240417-1-150x150.jpg",150,150,true],"medium":["https:\/\/pornuestrolaredo.com\/wp-content\/uploads\/2024\/04\/107FM-20240417-1-300x180.jpg",300,180,true],"medium_large":["https:\/\/pornuestrolaredo.com\/wp-content\/uploads\/2024\/04\/107FM-20240417-1-768x460.jpg",640,383,true],"large":["https:\/\/pornuestrolaredo.com\/wp-content\/uploads\/2024\/04\/107FM-20240417-1.jpg",640,383,false],"1536x1536":["https:\/\/pornuestrolaredo.com\/wp-content\/uploads\/2024\/04\/107FM-20240417-1.jpg",980,587,false],"2048x2048":["https:\/\/pornuestrolaredo.com\/wp-content\/uploads\/2024\/04\/107FM-20240417-1.jpg",980,587,false],"morenews-large":["https:\/\/pornuestrolaredo.com\/wp-content\/uploads\/2024\/04\/107FM-20240417-1.jpg",825,494,false],"morenews-medium":["https:\/\/pornuestrolaredo.com\/wp-content\/uploads\/2024\/04\/107FM-20240417-1.jpg",590,353,false]},"author_info":{"info":["Redactor"]},"category_info":"<a href=\"https:\/\/pornuestrolaredo.com\/?cat=34\" rel=\"category\">Far\u00e1ndula<\/a>","tag_info":"Far\u00e1ndula","comment_count":"0","jetpack_featured_media_url":"https:\/\/pornuestrolaredo.com\/wp-content\/uploads\/2024\/04\/107FM-20240417-1.jpg","jetpack_sharing_enabled":true,"_links":{"self":[{"href":"https:\/\/pornuestrolaredo.com\/index.php?rest_route=\/wp\/v2\/posts\/4195","targetHints":{"allow":["GET"]}}],"collection":[{"href":"https:\/\/pornuestrolaredo.com\/index.php?rest_route=\/wp\/v2\/posts"}],"about":[{"href":"https:\/\/pornuestrolaredo.com\/index.php?rest_route=\/wp\/v2\/types\/post"}],"author":[{"embeddable":true,"href":"https:\/\/pornuestrolaredo.com\/index.php?rest_route=\/wp\/v2\/users\/1"}],"replies":[{"embeddable":true,"href":"https:\/\/pornuestrolaredo.com\/index.php?rest_route=%2Fwp%2Fv2%2Fcomments&post=4195"}],"version-history":[{"count":1,"href":"https:\/\/pornuestrolaredo.com\/index.php?rest_route=\/wp\/v2\/posts\/4195\/revisions"}],"predecessor-version":[{"id":4197,"href":"https:\/\/pornuestrolaredo.com\/index.php?rest_route=\/wp\/v2\/posts\/4195\/revisions\/4197"}],"wp:featuredmedia":[{"embeddable":true,"href":"https:\/\/pornuestrolaredo.com\/index.php?rest_route=\/wp\/v2\/media\/4196"}],"wp:attachment":[{"href":"https:\/\/pornuestrolaredo.com\/index.php?rest_route=%2Fwp%2Fv2%2Fmedia&parent=4195"}],"wp:term":[{"taxonomy":"category","embeddable":true,"href":"https:\/\/pornuestrolaredo.com\/index.php?rest_route=%2Fwp%2Fv2%2Fcategories&post=4195"},{"taxonomy":"post_tag","embeddable":true,"href":"https:\/\/pornuestrolaredo.com\/index.php?rest_route=%2Fwp%2Fv2%2Ftags&post=4195"}],"curies":[{"name":"wp","href":"https:\/\/api.w.org\/{rel}","templated":true}]}}