{"id":4198,"date":"2024-04-17T18:20:11","date_gmt":"2024-04-17T18:20:11","guid":{"rendered":"https:\/\/pornuestrolaredo.com\/?p=4198"},"modified":"2024-04-17T18:20:11","modified_gmt":"2024-04-17T18:20:11","slug":"keanue-reeves-sera-shadow-en-sonic","status":"publish","type":"post","link":"https:\/\/pornuestrolaredo.com\/?p=4198","title":{"rendered":"Keanue Reeves ser\u00e1 Shadow, en Sonic"},"content":{"rendered":"<p><strong><em>LOS \u00c1NGELES.- <\/em><\/strong>El actor Keanue Reeves ser\u00e1 parte de la pr\u00f3xima pel\u00edcula Sonic d\u00e1ndole la voz a uno de los personajes m\u00e1s esperados: Shadow, esto luego de que diversos medios de espect\u00e1culos filtraran la informaci\u00f3n en las \u00faltimas horas.<\/p>\n<p>Shadow tuvo su primera aparici\u00f3n en la pel\u00edcula Sonic 2 cuando Shadow emergi\u00f3 en el cierre de la cinta denomin\u00e1ndolo \u201cProyecto Shadow\u201d, o tambi\u00e9n mencionado como \u201cel lado oscuro\u201d.<\/p>\n<p>La salida del personaje en la pel\u00edcula caus\u00f3 mucho revuelo dentro de los asistentes y varios videos en redes sociales mostraban el gusto por verlo en la tercera cinta. Ahora, la pel\u00edcula ya ha terminado su rodaje y la primera imagen con el ansiado protagonista se mostr\u00f3.<\/p>\n<p>El reparto de Sonic ya cuenta con Ben Schwartz como la voz principal de Sonic as\u00ed como Idris Elba en Knuckles y Collen O\u2019Shaughnessey con la voz de Tails.<\/p>\n<p>Reeves ya ha prestado su voz en anteriores ocasiones para otros proyectos como en The Animatrix o siendo el narrador del documental The Great Warming. En cintas animadas ha estado en Toy Story 4 como Duke Caboo, y en DC League of Super-Pets como Bruce Wayne.<\/p>\n<p><strong>\u00bfQUI\u00c9N ES SHADOW EN SONIC?<br \/>\n<\/strong><br \/>\nShadow es un producto creado por Gerald Robotnik y es considerado la ant\u00edtesis de Sonic con quien comparte la supervelocidad. Sin embargo, su relaci\u00f3n con el erizo azul no siempre ha sido mala ya que en ocasiones ha forjado una amistad con \u00e9l, pero separ\u00e1ndose por los diferentes valores que manejan.<\/p>\n<p>Algunos consideran a Shadow como un antih\u00e9roe dentro del mundo de Sonic.<\/p>\n<p><strong>\u00bfCU\u00c1NDO SE ESTRENAR\u00c1 SONIC 3, LA PEL\u00cdCULA, EN M\u00c9XICO?<br \/>\n<\/strong><br \/>\nLa cinta se encuentra en su etapa final pero no llegar\u00e1 a los cines hasta finales del 2024. Se espera que en M\u00e9xico se estrene el 20 de diciembre, siguiendo la tendencia de cada dos a\u00f1os lanzar una pel\u00edcula del erizo desde que debut\u00f3 la primer Sonic, la pel\u00edcula el 12 de febrero de 2020 y, posteriormente en abril de 2022 la segunda parte.<\/p>\n","protected":false},"excerpt":{"rendered":"<p>El reparto de Sonic ya cuenta con Ben Schwartz como la voz principal de Sonic as\u00ed como Idris Elba en Knuckles y Collen O\u2019Shaughnessey con la voz de Tails<\/p>\n","protected":false},"author":1,"featured_media":4199,"comment_status":"closed","ping_status":"closed","sticky":false,"template":"","format":"standard","meta":{"_crdt_document":"","_jetpack_memberships_contains_paid_content":false,"footnotes":"","jetpack_publicize_message":"","jetpack_publicize_feature_enabled":true,"jetpack_social_post_already_shared":true,"jetpack_social_options":{"image_generator_settings":{"template":"highway","default_image_id":0,"font":"","enabled":false},"version":2},"_wpas_customize_per_network":false},"categories":[34],"tags":[],"class_list":["post-4198","post","type-post","status-publish","format-standard","has-post-thumbnail","hentry","category-farandula"],"magazineBlocksPostFeaturedMedia":{"thumbnail":"https:\/\/pornuestrolaredo.com\/wp-content\/uploads\/2024\/04\/107FM-20240417-4-150x150.jpg","medium":"https:\/\/pornuestrolaredo.com\/wp-content\/uploads\/2024\/04\/107FM-20240417-4-300x150.jpg","medium_large":"https:\/\/pornuestrolaredo.com\/wp-content\/uploads\/2024\/04\/107FM-20240417-4-768x384.jpg","large":"https:\/\/pornuestrolaredo.com\/wp-content\/uploads\/2024\/04\/107FM-20240417-4-1000x500.jpg","1536x1536":"https:\/\/pornuestrolaredo.com\/wp-content\/uploads\/2024\/04\/107FM-20240417-4.jpg","2048x2048":"https:\/\/pornuestrolaredo.com\/wp-content\/uploads\/2024\/04\/107FM-20240417-4.jpg","morenews-large":"https:\/\/pornuestrolaredo.com\/wp-content\/uploads\/2024\/04\/107FM-20240417-4.jpg","morenews-medium":"https:\/\/pornuestrolaredo.com\/wp-content\/uploads\/2024\/04\/107FM-20240417-4.jpg"},"magazineBlocksPostAuthor":{"name":"Redactor","avatar":"https:\/\/pornuestrolaredo.com\/wp-content\/litespeed\/avatar\/dca1d7ec750c399f025f23b0b314f4cf.jpg?ver=1777612120"},"magazineBlocksPostCommentsNumber":false,"magazineBlocksPostExcerpt":"El reparto de Sonic ya cuenta con Ben Schwartz como la voz principal de Sonic as\u00ed como Idris Elba en Knuckles y Collen O\u2019Shaughnessey con la voz de Tails","magazineBlocksPostCategories":["Far\u00e1ndula"],"magazineBlocksPostViewCount":106,"magazineBlocksPostReadTime":2,"magazine_blocks_featured_image_url":{"full":["https:\/\/pornuestrolaredo.com\/wp-content\/uploads\/2024\/04\/107FM-20240417-4.jpg",1200,600,false],"medium":["https:\/\/pornuestrolaredo.com\/wp-content\/uploads\/2024\/04\/107FM-20240417-4-300x150.jpg",300,150,true],"thumbnail":["https:\/\/pornuestrolaredo.com\/wp-content\/uploads\/2024\/04\/107FM-20240417-4-150x150.jpg",150,150,true]},"magazine_blocks_author":{"display_name":"Redactor","author_link":"https:\/\/pornuestrolaredo.com\/?author=1"},"magazine_blocks_comment":0,"magazine_blocks_author_image":"https:\/\/pornuestrolaredo.com\/wp-content\/litespeed\/avatar\/dca1d7ec750c399f025f23b0b314f4cf.jpg?ver=1777612120","magazine_blocks_category":"<a href=\"#\" class=\"category-link category-link-34\">Far\u00e1ndula<\/a>","jetpack_publicize_connections":[],"featured_image_urls":{"full":["https:\/\/pornuestrolaredo.com\/wp-content\/uploads\/2024\/04\/107FM-20240417-4.jpg",1200,600,false],"thumbnail":["https:\/\/pornuestrolaredo.com\/wp-content\/uploads\/2024\/04\/107FM-20240417-4-150x150.jpg",150,150,true],"medium":["https:\/\/pornuestrolaredo.com\/wp-content\/uploads\/2024\/04\/107FM-20240417-4-300x150.jpg",300,150,true],"medium_large":["https:\/\/pornuestrolaredo.com\/wp-content\/uploads\/2024\/04\/107FM-20240417-4-768x384.jpg",640,320,true],"large":["https:\/\/pornuestrolaredo.com\/wp-content\/uploads\/2024\/04\/107FM-20240417-4-1000x500.jpg",640,320,true],"1536x1536":["https:\/\/pornuestrolaredo.com\/wp-content\/uploads\/2024\/04\/107FM-20240417-4.jpg",1200,600,false],"2048x2048":["https:\/\/pornuestrolaredo.com\/wp-content\/uploads\/2024\/04\/107FM-20240417-4.jpg",1200,600,false],"morenews-large":["https:\/\/pornuestrolaredo.com\/wp-content\/uploads\/2024\/04\/107FM-20240417-4.jpg",825,413,false],"morenews-medium":["https:\/\/pornuestrolaredo.com\/wp-content\/uploads\/2024\/04\/107FM-20240417-4.jpg",590,295,false]},"author_info":{"info":["Redactor"]},"category_info":"<a href=\"https:\/\/pornuestrolaredo.com\/?cat=34\" rel=\"category\">Far\u00e1ndula<\/a>","tag_info":"Far\u00e1ndula","comment_count":"0","jetpack_featured_media_url":"https:\/\/pornuestrolaredo.com\/wp-content\/uploads\/2024\/04\/107FM-20240417-4.jpg","jetpack_sharing_enabled":true,"_links":{"self":[{"href":"https:\/\/pornuestrolaredo.com\/index.php?rest_route=\/wp\/v2\/posts\/4198","targetHints":{"allow":["GET"]}}],"collection":[{"href":"https:\/\/pornuestrolaredo.com\/index.php?rest_route=\/wp\/v2\/posts"}],"about":[{"href":"https:\/\/pornuestrolaredo.com\/index.php?rest_route=\/wp\/v2\/types\/post"}],"author":[{"embeddable":true,"href":"https:\/\/pornuestrolaredo.com\/index.php?rest_route=\/wp\/v2\/users\/1"}],"replies":[{"embeddable":true,"href":"https:\/\/pornuestrolaredo.com\/index.php?rest_route=%2Fwp%2Fv2%2Fcomments&post=4198"}],"version-history":[{"count":1,"href":"https:\/\/pornuestrolaredo.com\/index.php?rest_route=\/wp\/v2\/posts\/4198\/revisions"}],"predecessor-version":[{"id":4200,"href":"https:\/\/pornuestrolaredo.com\/index.php?rest_route=\/wp\/v2\/posts\/4198\/revisions\/4200"}],"wp:featuredmedia":[{"embeddable":true,"href":"https:\/\/pornuestrolaredo.com\/index.php?rest_route=\/wp\/v2\/media\/4199"}],"wp:attachment":[{"href":"https:\/\/pornuestrolaredo.com\/index.php?rest_route=%2Fwp%2Fv2%2Fmedia&parent=4198"}],"wp:term":[{"taxonomy":"category","embeddable":true,"href":"https:\/\/pornuestrolaredo.com\/index.php?rest_route=%2Fwp%2Fv2%2Fcategories&post=4198"},{"taxonomy":"post_tag","embeddable":true,"href":"https:\/\/pornuestrolaredo.com\/index.php?rest_route=%2Fwp%2Fv2%2Ftags&post=4198"}],"curies":[{"name":"wp","href":"https:\/\/api.w.org\/{rel}","templated":true}]}}