{"id":421,"date":"2022-10-01T05:54:04","date_gmt":"2022-10-01T05:54:04","guid":{"rendered":"https:\/\/pornuestrolaredo.com\/?p=421"},"modified":"2022-10-04T22:24:58","modified_gmt":"2022-10-04T22:24:58","slug":"aprovecha-ciudadania-vacunacion-transfronteriza","status":"publish","type":"post","link":"https:\/\/pornuestrolaredo.com\/?p=421","title":{"rendered":"Aprovecha ciudadan\u00eda vacunaci\u00f3n transfronteriza"},"content":{"rendered":"\n<p class=\"wp-block-paragraph\"><strong><em>NUEVO LAREDO.-<\/em><\/strong> La Campa\u00f1a de Vacunaci\u00f3n Transfronteriza del Gobierno Municipal no se detiene y durante septiembre m\u00e1s de mil 700 neolaredenses fueron vacunados contra del Covid-19,&nbsp; gracias a las gestiones de la alcaldesa Carmen Lilia Canturosas Villarreal y el doctor Victor Trevi\u00f1o de Laredo, Texas.<\/p>\n\n\n\n<p class=\"wp-block-paragraph\">Durante los jueves de septiembre lograron vacunarse 572 beb\u00e9s de 6 meses a 4 a\u00f1os, 380 menores de 5 a 11 a\u00f1os, 197 adolescentes de 12 a 17 a\u00f1os y 563 adultos, en su mayor\u00eda para completar su esquema de vacunaci\u00f3n.<\/p>\n\n\n\n<p class=\"wp-block-paragraph\">Los candidatos a vacunarse se dieron cita en la Antigua Aduana en punto de las 8:00 AM cada jueves de septiembre, de ah\u00ed fueron trasladados a territorio americano sin necesidad de visa para aplicarles la dosis correspondiente.<\/p>\n\n\n\n<p class=\"wp-block-paragraph\">Martha Olivia Pe\u00f1a L\u00f3pez, quien asisti\u00f3 para completar su esquema de vacunaci\u00f3n, explic\u00f3 que antes de la aplicaci\u00f3n de la vacuna se le pregunta la edad y que n\u00famero de dosis recibir\u00e1.<\/p>\n\n\n\n<blockquote class=\"wp-block-quote is-layout-flow wp-block-quote-is-layout-flow\"><p>Toda la gesti\u00f3n fue muy r\u00e1pida, agradezco a la alcaldesa todo lo que ha hecho por nosotros los ciudadanos que a comparaci\u00f3n de otros gobiernos, ahora estamos muy bien con ella\u201d, recalc\u00f3.<\/p><\/blockquote>\n\n\n\n<p class=\"wp-block-paragraph\">Alfredo Coronado Flores, apoy\u00f3 a su hermana y sobrina para que pudieran vacunarse ante este virus como compromiso con la salud de su familia y con la sociedad.<\/p>\n\n\n\n<blockquote class=\"wp-block-quote is-layout-flow wp-block-quote-is-layout-flow\"><p>Mi hermana y yo queremos que mi sobrina tenga reforzado su sistema inmunol\u00f3gico para cuando entre a la escuela, adem\u00e1s con la vacuna evitaremos m\u00e1s infecciones. Veo bien que el Gobierno Municipal facilite la vacuna y agradezco esta oportunidad que nos dan para protegernos ante el Covid-19\u201d, manifest\u00f3.<\/p><\/blockquote>\n\n\n\n<p class=\"wp-block-paragraph\">Nancy Garc\u00eda, beneficiaria de esta campa\u00f1a, mencion\u00f3 que acudi\u00f3 con su hijo de 1 a\u00f1o para que&nbsp; ambos cumplieran con la segunda dosis.<\/p>\n\n\n\n<blockquote class=\"wp-block-quote is-layout-flow wp-block-quote-is-layout-flow\"><p>Que nos faciliten la vacuna es un excelente servicio por parte del Municipio, el personal es muy atento y en verdad agradezco a la presidenta municipal este benef\u00edcio\u201d, expres\u00f3.<\/p><\/blockquote>\n\n\n\n<p class=\"wp-block-paragraph\">Jazm\u00edn Valadez S\u00e1nchez, llev\u00f3 a su hijo de 8 a\u00f1os a recibir una dosis de refuerzo y dijo que de ser posible, todos deber\u00edan considerar aplicarse una tercera o cuarta dosis para salvaguardar su salud. <\/p>\n\n\n\n<blockquote class=\"wp-block-quote is-layout-flow wp-block-quote-is-layout-flow\"><p>Vacunarse es responsabilidad de todos, no debemos desaprovechar estas oportunidades\u201d, coment\u00f3.<\/p><\/blockquote>\n","protected":false},"excerpt":{"rendered":"<p>NUEVO LAREDO.- La Campa\u00f1a de Vacunaci\u00f3n Transfronteriza del Gobierno Municipal no se detiene y durante septiembre m\u00e1s de<\/p>\n","protected":false},"author":1,"featured_media":422,"comment_status":"closed","ping_status":"closed","sticky":false,"template":"","format":"standard","meta":{"_crdt_document":"","_jetpack_memberships_contains_paid_content":false,"footnotes":"","jetpack_publicize_message":"S\u00f3lo en septiembre, m\u00e1s de mil 700 neolaredenses recibieron dosis contra del Covid-19","jetpack_publicize_feature_enabled":true,"jetpack_social_post_already_shared":true,"jetpack_social_options":{"image_generator_settings":{"template":"highway","default_image_id":0,"font":"","enabled":false},"version":2},"_wpas_customize_per_network":false},"categories":[5],"tags":[],"class_list":["post-421","post","type-post","status-publish","format-standard","has-post-thumbnail","hentry","category-dos-laredos"],"magazineBlocksPostFeaturedMedia":{"thumbnail":"https:\/\/pornuestrolaredo.com\/wp-content\/uploads\/2022\/10\/PNL-20220930-5-150x150.jpg","medium":"https:\/\/pornuestrolaredo.com\/wp-content\/uploads\/2022\/10\/PNL-20220930-5-300x200.jpg","medium_large":"https:\/\/pornuestrolaredo.com\/wp-content\/uploads\/2022\/10\/PNL-20220930-5-768x512.jpg","large":"https:\/\/pornuestrolaredo.com\/wp-content\/uploads\/2022\/10\/PNL-20220930-5-1024x682.jpg","1536x1536":"https:\/\/pornuestrolaredo.com\/wp-content\/uploads\/2022\/10\/PNL-20220930-5.jpg","2048x2048":"https:\/\/pornuestrolaredo.com\/wp-content\/uploads\/2022\/10\/PNL-20220930-5.jpg","morenews-large":"https:\/\/pornuestrolaredo.com\/wp-content\/uploads\/2022\/10\/PNL-20220930-5.jpg","morenews-medium":"https:\/\/pornuestrolaredo.com\/wp-content\/uploads\/2022\/10\/PNL-20220930-5.jpg"},"magazineBlocksPostAuthor":{"name":"Redactor","avatar":"https:\/\/pornuestrolaredo.com\/wp-content\/litespeed\/avatar\/dca1d7ec750c399f025f23b0b314f4cf.jpg?ver=1777007253"},"magazineBlocksPostCommentsNumber":false,"magazineBlocksPostExcerpt":"NUEVO LAREDO.- La Campa\u00f1a de Vacunaci\u00f3n Transfronteriza del Gobierno Municipal no se detiene y durante septiembre m\u00e1s de","magazineBlocksPostCategories":["Dos Laredos"],"magazineBlocksPostViewCount":136,"magazineBlocksPostReadTime":2,"magazine_blocks_featured_image_url":{"full":["https:\/\/pornuestrolaredo.com\/wp-content\/uploads\/2022\/10\/PNL-20220930-5.jpg",1280,853,false],"medium":["https:\/\/pornuestrolaredo.com\/wp-content\/uploads\/2022\/10\/PNL-20220930-5-300x200.jpg",300,200,true],"thumbnail":["https:\/\/pornuestrolaredo.com\/wp-content\/uploads\/2022\/10\/PNL-20220930-5-150x150.jpg",150,150,true]},"magazine_blocks_author":{"display_name":"Redactor","author_link":"https:\/\/pornuestrolaredo.com\/?author=1"},"magazine_blocks_comment":0,"magazine_blocks_author_image":"https:\/\/pornuestrolaredo.com\/wp-content\/litespeed\/avatar\/dca1d7ec750c399f025f23b0b314f4cf.jpg?ver=1777007253","magazine_blocks_category":"<a href=\"#\" class=\"category-link category-link-5\">Dos Laredos<\/a>","jetpack_publicize_connections":[],"featured_image_urls":{"full":["https:\/\/pornuestrolaredo.com\/wp-content\/uploads\/2022\/10\/PNL-20220930-5.jpg",1280,853,false],"thumbnail":["https:\/\/pornuestrolaredo.com\/wp-content\/uploads\/2022\/10\/PNL-20220930-5-150x150.jpg",150,150,true],"medium":["https:\/\/pornuestrolaredo.com\/wp-content\/uploads\/2022\/10\/PNL-20220930-5-300x200.jpg",300,200,true],"medium_large":["https:\/\/pornuestrolaredo.com\/wp-content\/uploads\/2022\/10\/PNL-20220930-5-768x512.jpg",640,427,true],"large":["https:\/\/pornuestrolaredo.com\/wp-content\/uploads\/2022\/10\/PNL-20220930-5-1024x682.jpg",640,426,true],"1536x1536":["https:\/\/pornuestrolaredo.com\/wp-content\/uploads\/2022\/10\/PNL-20220930-5.jpg",1280,853,false],"2048x2048":["https:\/\/pornuestrolaredo.com\/wp-content\/uploads\/2022\/10\/PNL-20220930-5.jpg",1280,853,false],"morenews-large":["https:\/\/pornuestrolaredo.com\/wp-content\/uploads\/2022\/10\/PNL-20220930-5.jpg",825,550,false],"morenews-medium":["https:\/\/pornuestrolaredo.com\/wp-content\/uploads\/2022\/10\/PNL-20220930-5.jpg",590,393,false]},"author_info":{"info":["Redactor"]},"category_info":"<a href=\"https:\/\/pornuestrolaredo.com\/?cat=5\" rel=\"category\">Dos Laredos<\/a>","tag_info":"Dos Laredos","comment_count":"0","jetpack_featured_media_url":"https:\/\/pornuestrolaredo.com\/wp-content\/uploads\/2022\/10\/PNL-20220930-5.jpg","jetpack_sharing_enabled":true,"_links":{"self":[{"href":"https:\/\/pornuestrolaredo.com\/index.php?rest_route=\/wp\/v2\/posts\/421","targetHints":{"allow":["GET"]}}],"collection":[{"href":"https:\/\/pornuestrolaredo.com\/index.php?rest_route=\/wp\/v2\/posts"}],"about":[{"href":"https:\/\/pornuestrolaredo.com\/index.php?rest_route=\/wp\/v2\/types\/post"}],"author":[{"embeddable":true,"href":"https:\/\/pornuestrolaredo.com\/index.php?rest_route=\/wp\/v2\/users\/1"}],"replies":[{"embeddable":true,"href":"https:\/\/pornuestrolaredo.com\/index.php?rest_route=%2Fwp%2Fv2%2Fcomments&post=421"}],"version-history":[{"count":2,"href":"https:\/\/pornuestrolaredo.com\/index.php?rest_route=\/wp\/v2\/posts\/421\/revisions"}],"predecessor-version":[{"id":481,"href":"https:\/\/pornuestrolaredo.com\/index.php?rest_route=\/wp\/v2\/posts\/421\/revisions\/481"}],"wp:featuredmedia":[{"embeddable":true,"href":"https:\/\/pornuestrolaredo.com\/index.php?rest_route=\/wp\/v2\/media\/422"}],"wp:attachment":[{"href":"https:\/\/pornuestrolaredo.com\/index.php?rest_route=%2Fwp%2Fv2%2Fmedia&parent=421"}],"wp:term":[{"taxonomy":"category","embeddable":true,"href":"https:\/\/pornuestrolaredo.com\/index.php?rest_route=%2Fwp%2Fv2%2Fcategories&post=421"},{"taxonomy":"post_tag","embeddable":true,"href":"https:\/\/pornuestrolaredo.com\/index.php?rest_route=%2Fwp%2Fv2%2Ftags&post=421"}],"curies":[{"name":"wp","href":"https:\/\/api.w.org\/{rel}","templated":true}]}}