{"id":4216,"date":"2024-04-19T15:00:44","date_gmt":"2024-04-19T15:00:44","guid":{"rendered":"https:\/\/pornuestrolaredo.com\/?p=4216"},"modified":"2024-04-19T16:53:48","modified_gmt":"2024-04-19T16:53:48","slug":"lanza-israel-ataque-a-iran-escala-el-conflicto","status":"publish","type":"post","link":"https:\/\/pornuestrolaredo.com\/?p=4216","title":{"rendered":"Lanza Israel ataque a Ir\u00e1n; escala el conflicto"},"content":{"rendered":"<p><strong>JERUSALEN.-<\/strong> El conflicto en Medio Oriente escal\u00f3 la madrugada de ayer, luego de que Israel atac\u00f3 una ciudad de Ir\u00e1n.<\/p>\n<p>Funcionarios iran\u00edes confirmaron que la ofensiva israel\u00ed alcanz\u00f3 una base a\u00e9rea militar cerca de la ciudad de Isfah\u00e1n, aunque no se\u00f1alaron a Israel.<\/p>\n<p>Fars News, una agencia de noticias iran\u00ed afiliada al Cuerpo de la Guardia Revolucionaria Isl\u00e1mica, inform\u00f3 que se escucharon explosiones cerca del aeropuerto civil de Isfah\u00e1n, sin dar m\u00e1s detalles.<\/p>\n<p>Ir\u00e1n anunci\u00f3 que suspendi\u00f3 vuelos comerciales en Teher\u00e1n y en \u00e1reas de sus regiones occidental y central.<\/p>\n<p>El Ej\u00e9rcito israel\u00ed se neg\u00f3 a hacer comentarios, aunque funcionarios de defensa de ese pa\u00eds confirmaron el ataque, como respuesta militar de su pa\u00eds al bombardeo con drones lanzado por Ir\u00e1n el fin de semana pasado.<\/p>\n","protected":false},"excerpt":{"rendered":"<p>Funcionarios iran\u00edes confirmaron que la ofensiva israel\u00ed alcanz\u00f3 una base a\u00e9rea militar cerca de la ciudad de Isfah\u00e1n<\/p>\n","protected":false},"author":1,"featured_media":4217,"comment_status":"closed","ping_status":"closed","sticky":false,"template":"","format":"standard","meta":{"_crdt_document":"","_jetpack_memberships_contains_paid_content":false,"footnotes":"","jetpack_publicize_message":"","jetpack_publicize_feature_enabled":true,"jetpack_social_post_already_shared":true,"jetpack_social_options":{"image_generator_settings":{"template":"highway","default_image_id":0,"font":"","enabled":false},"version":2},"_wpas_customize_per_network":false},"categories":[9],"tags":[],"class_list":["post-4216","post","type-post","status-publish","format-standard","has-post-thumbnail","hentry","category-el-mundo"],"magazineBlocksPostFeaturedMedia":{"thumbnail":"https:\/\/pornuestrolaredo.com\/wp-content\/uploads\/2024\/04\/Stereo91-20240419-6-150x150.jpeg","medium":"https:\/\/pornuestrolaredo.com\/wp-content\/uploads\/2024\/04\/Stereo91-20240419-6-300x171.jpeg","medium_large":"https:\/\/pornuestrolaredo.com\/wp-content\/uploads\/2024\/04\/Stereo91-20240419-6-768x439.jpeg","large":"https:\/\/pornuestrolaredo.com\/wp-content\/uploads\/2024\/04\/Stereo91-20240419-6-1000x572.jpeg","1536x1536":"https:\/\/pornuestrolaredo.com\/wp-content\/uploads\/2024\/04\/Stereo91-20240419-6.jpeg","2048x2048":"https:\/\/pornuestrolaredo.com\/wp-content\/uploads\/2024\/04\/Stereo91-20240419-6.jpeg","morenews-large":"https:\/\/pornuestrolaredo.com\/wp-content\/uploads\/2024\/04\/Stereo91-20240419-6.jpeg","morenews-medium":"https:\/\/pornuestrolaredo.com\/wp-content\/uploads\/2024\/04\/Stereo91-20240419-6.jpeg"},"magazineBlocksPostAuthor":{"name":"Redactor","avatar":"https:\/\/pornuestrolaredo.com\/wp-content\/litespeed\/avatar\/dca1d7ec750c399f025f23b0b314f4cf.jpg?ver=1777612120"},"magazineBlocksPostCommentsNumber":false,"magazineBlocksPostExcerpt":"Funcionarios iran\u00edes confirmaron que la ofensiva israel\u00ed alcanz\u00f3 una base a\u00e9rea militar cerca de la ciudad de Isfah\u00e1n","magazineBlocksPostCategories":["El Mundo"],"magazineBlocksPostViewCount":115,"magazineBlocksPostReadTime":1,"magazine_blocks_featured_image_url":{"full":["https:\/\/pornuestrolaredo.com\/wp-content\/uploads\/2024\/04\/Stereo91-20240419-6.jpeg",1440,823,false],"medium":["https:\/\/pornuestrolaredo.com\/wp-content\/uploads\/2024\/04\/Stereo91-20240419-6-300x171.jpeg",300,171,true],"thumbnail":["https:\/\/pornuestrolaredo.com\/wp-content\/uploads\/2024\/04\/Stereo91-20240419-6-150x150.jpeg",150,150,true]},"magazine_blocks_author":{"display_name":"Redactor","author_link":"https:\/\/pornuestrolaredo.com\/?author=1"},"magazine_blocks_comment":0,"magazine_blocks_author_image":"https:\/\/pornuestrolaredo.com\/wp-content\/litespeed\/avatar\/dca1d7ec750c399f025f23b0b314f4cf.jpg?ver=1777612120","magazine_blocks_category":"<a href=\"#\" class=\"category-link category-link-9\">El Mundo<\/a>","jetpack_publicize_connections":[],"featured_image_urls":{"full":["https:\/\/pornuestrolaredo.com\/wp-content\/uploads\/2024\/04\/Stereo91-20240419-6.jpeg",1440,823,false],"thumbnail":["https:\/\/pornuestrolaredo.com\/wp-content\/uploads\/2024\/04\/Stereo91-20240419-6-150x150.jpeg",150,150,true],"medium":["https:\/\/pornuestrolaredo.com\/wp-content\/uploads\/2024\/04\/Stereo91-20240419-6-300x171.jpeg",300,171,true],"medium_large":["https:\/\/pornuestrolaredo.com\/wp-content\/uploads\/2024\/04\/Stereo91-20240419-6-768x439.jpeg",640,366,true],"large":["https:\/\/pornuestrolaredo.com\/wp-content\/uploads\/2024\/04\/Stereo91-20240419-6-1000x572.jpeg",640,366,true],"1536x1536":["https:\/\/pornuestrolaredo.com\/wp-content\/uploads\/2024\/04\/Stereo91-20240419-6.jpeg",1440,823,false],"2048x2048":["https:\/\/pornuestrolaredo.com\/wp-content\/uploads\/2024\/04\/Stereo91-20240419-6.jpeg",1440,823,false],"morenews-large":["https:\/\/pornuestrolaredo.com\/wp-content\/uploads\/2024\/04\/Stereo91-20240419-6.jpeg",825,472,false],"morenews-medium":["https:\/\/pornuestrolaredo.com\/wp-content\/uploads\/2024\/04\/Stereo91-20240419-6.jpeg",590,337,false]},"author_info":{"info":["Redactor"]},"category_info":"<a href=\"https:\/\/pornuestrolaredo.com\/?cat=9\" rel=\"category\">El Mundo<\/a>","tag_info":"El Mundo","comment_count":"0","jetpack_featured_media_url":"https:\/\/pornuestrolaredo.com\/wp-content\/uploads\/2024\/04\/Stereo91-20240419-6.jpeg","jetpack_sharing_enabled":true,"_links":{"self":[{"href":"https:\/\/pornuestrolaredo.com\/index.php?rest_route=\/wp\/v2\/posts\/4216","targetHints":{"allow":["GET"]}}],"collection":[{"href":"https:\/\/pornuestrolaredo.com\/index.php?rest_route=\/wp\/v2\/posts"}],"about":[{"href":"https:\/\/pornuestrolaredo.com\/index.php?rest_route=\/wp\/v2\/types\/post"}],"author":[{"embeddable":true,"href":"https:\/\/pornuestrolaredo.com\/index.php?rest_route=\/wp\/v2\/users\/1"}],"replies":[{"embeddable":true,"href":"https:\/\/pornuestrolaredo.com\/index.php?rest_route=%2Fwp%2Fv2%2Fcomments&post=4216"}],"version-history":[{"count":1,"href":"https:\/\/pornuestrolaredo.com\/index.php?rest_route=\/wp\/v2\/posts\/4216\/revisions"}],"predecessor-version":[{"id":4218,"href":"https:\/\/pornuestrolaredo.com\/index.php?rest_route=\/wp\/v2\/posts\/4216\/revisions\/4218"}],"wp:featuredmedia":[{"embeddable":true,"href":"https:\/\/pornuestrolaredo.com\/index.php?rest_route=\/wp\/v2\/media\/4217"}],"wp:attachment":[{"href":"https:\/\/pornuestrolaredo.com\/index.php?rest_route=%2Fwp%2Fv2%2Fmedia&parent=4216"}],"wp:term":[{"taxonomy":"category","embeddable":true,"href":"https:\/\/pornuestrolaredo.com\/index.php?rest_route=%2Fwp%2Fv2%2Fcategories&post=4216"},{"taxonomy":"post_tag","embeddable":true,"href":"https:\/\/pornuestrolaredo.com\/index.php?rest_route=%2Fwp%2Fv2%2Ftags&post=4216"}],"curies":[{"name":"wp","href":"https:\/\/api.w.org\/{rel}","templated":true}]}}