{"id":424,"date":"2022-10-01T06:01:30","date_gmt":"2022-10-01T06:01:30","guid":{"rendered":"https:\/\/pornuestrolaredo.com\/?p=424"},"modified":"2022-10-04T22:24:46","modified_gmt":"2022-10-04T22:24:46","slug":"dispara-a-migrantes-y-asesina-a-unodispara-a-migrantes-y-asesina-a-uno","status":"publish","type":"post","link":"https:\/\/pornuestrolaredo.com\/?p=424","title":{"rendered":"Dispara a migrantes y asesina a unoDispara a migrantes y asesina a uno"},"content":{"rendered":"\n<p class=\"wp-block-paragraph\"><strong><em>AUSTIN, Texas.-<\/em><\/strong> Dos hermanos \u2014uno de los cuales fue director de un centro de detenciones que alberg\u00f3 a inmigrantes\u2014 fueron arrestados en Texas luego de que uno de ellos dispar\u00f3 contra un grupo de migrantes que tomaban agua cerca de la frontera con M\u00e9xico, matando a un hombre e hiriendo a una mujer en el est\u00f3mago.<\/p>\n\n\n\n<p class=\"wp-block-paragraph\">El incidente ocurri\u00f3 el martes en el condado de Hudspeth, un \u00e1rea rural a 145 kil\u00f3metros (90 millas) de El Paso, de acuerdo con documentos presentados en la corte el jueves. La mujer fue llevada a un hospital en El Paso, donde se estaba recuperando, de acuerdo con el Departamento de Seguridad P\u00fablica de Texas.<\/p>\n\n\n\n<p class=\"wp-block-paragraph\">El Departamento agreg\u00f3 que las v\u00edctimas eran parte de un grupo de migrantes que se pararon junto a un camino para tomar agua, cuando una camioneta con los dos hombres se les acerc\u00f3. De acuerdo con los documentos judiciales, el grupo se hab\u00eda ocultado cuando la camioneta pas\u00f3 por primera vez para evitar ser detectado, pero la camioneta ech\u00f3 marcha atr\u00e1s.<\/p>\n\n\n\n<p class=\"wp-block-paragraph\">Michael y Mark Sheppard, ambos de 60 a\u00f1os, fueron acusados de homicidio, de acuerdo con los documentos en la corte. No estaba claro si alguno de ellos ten\u00eda un abogado y no se pudo conseguir informaci\u00f3n de contacto el jueves para conocer sus puntos de vista.<\/p>\n\n\n\n<p class=\"wp-block-paragraph\">Los documentos muestran que Michael Sheppard fue director de la West Texas Detention Facility, un centro privado de detenciones que ha albergado a migrantes detenidos. Un portavoz del Servicio de Control de Inmigraci\u00f3n y Aduanas (ICE) dijo a The Associated Press que no ha habido detenidos de inmigraci\u00f3n en esa instalaci\u00f3n desde octubre de 2019.<\/p>\n\n\n\n<p class=\"wp-block-paragraph\">Scott Sutterfield, portavoz de Lasalle Corrections, que opera el centro de detenciones, dijo que el director hab\u00eda sido despedido \u201cdebido a un incidente no relacionado con su empleo\u201d. No dio m\u00e1s detalles. <\/p>\n\n\n\n<p class=\"wp-block-paragraph\">Las autoridades localizaron la camioneta utilizando videos de seguridad y encontraron un veh\u00edculo que se correspond\u00eda con la descripci\u00f3n provista por los migrantes, de acuerdo con los documentos en la corte.<\/p>\n","protected":false},"excerpt":{"rendered":"<p>AUSTIN, Texas.- Dos hermanos \u2014uno de los cuales fue director de un centro de detenciones que alberg\u00f3 a<\/p>\n","protected":false},"author":1,"featured_media":425,"comment_status":"closed","ping_status":"closed","sticky":false,"template":"","format":"standard","meta":{"_crdt_document":"","_jetpack_memberships_contains_paid_content":false,"footnotes":"","jetpack_publicize_message":"Una mujer result\u00f3 herida en el incidente protagonizado en Texas por dos hermanos, uno de ellos es director de un centro de detenci\u00f3n de indocumentados","jetpack_publicize_feature_enabled":true,"jetpack_social_post_already_shared":true,"jetpack_social_options":{"image_generator_settings":{"template":"highway","default_image_id":0,"font":"","enabled":false},"version":2},"_wpas_customize_per_network":false},"categories":[9],"tags":[],"class_list":["post-424","post","type-post","status-publish","format-standard","has-post-thumbnail","hentry","category-el-mundo"],"magazineBlocksPostFeaturedMedia":{"thumbnail":"https:\/\/pornuestrolaredo.com\/wp-content\/uploads\/2022\/10\/Stereo91-20220930-3-150x150.jpeg","medium":"https:\/\/pornuestrolaredo.com\/wp-content\/uploads\/2022\/10\/Stereo91-20220930-3-300x189.jpeg","medium_large":"https:\/\/pornuestrolaredo.com\/wp-content\/uploads\/2022\/10\/Stereo91-20220930-3-768x484.jpeg","large":"https:\/\/pornuestrolaredo.com\/wp-content\/uploads\/2022\/10\/Stereo91-20220930-3.jpeg","1536x1536":"https:\/\/pornuestrolaredo.com\/wp-content\/uploads\/2022\/10\/Stereo91-20220930-3.jpeg","2048x2048":"https:\/\/pornuestrolaredo.com\/wp-content\/uploads\/2022\/10\/Stereo91-20220930-3.jpeg","morenews-large":"https:\/\/pornuestrolaredo.com\/wp-content\/uploads\/2022\/10\/Stereo91-20220930-3.jpeg","morenews-medium":"https:\/\/pornuestrolaredo.com\/wp-content\/uploads\/2022\/10\/Stereo91-20220930-3.jpeg"},"magazineBlocksPostAuthor":{"name":"Redactor","avatar":"https:\/\/pornuestrolaredo.com\/wp-content\/litespeed\/avatar\/dca1d7ec750c399f025f23b0b314f4cf.jpg?ver=1777007253"},"magazineBlocksPostCommentsNumber":false,"magazineBlocksPostExcerpt":"AUSTIN, Texas.- Dos hermanos \u2014uno de los cuales fue director de un centro de detenciones que alberg\u00f3 a","magazineBlocksPostCategories":["El Mundo"],"magazineBlocksPostViewCount":128,"magazineBlocksPostReadTime":2,"magazine_blocks_featured_image_url":{"full":["https:\/\/pornuestrolaredo.com\/wp-content\/uploads\/2022\/10\/Stereo91-20220930-3.jpeg",980,617,false],"medium":["https:\/\/pornuestrolaredo.com\/wp-content\/uploads\/2022\/10\/Stereo91-20220930-3-300x189.jpeg",300,189,true],"thumbnail":["https:\/\/pornuestrolaredo.com\/wp-content\/uploads\/2022\/10\/Stereo91-20220930-3-150x150.jpeg",150,150,true]},"magazine_blocks_author":{"display_name":"Redactor","author_link":"https:\/\/pornuestrolaredo.com\/?author=1"},"magazine_blocks_comment":0,"magazine_blocks_author_image":"https:\/\/pornuestrolaredo.com\/wp-content\/litespeed\/avatar\/dca1d7ec750c399f025f23b0b314f4cf.jpg?ver=1777007253","magazine_blocks_category":"<a href=\"#\" class=\"category-link category-link-9\">El Mundo<\/a>","jetpack_publicize_connections":[],"featured_image_urls":{"full":["https:\/\/pornuestrolaredo.com\/wp-content\/uploads\/2022\/10\/Stereo91-20220930-3.jpeg",980,617,false],"thumbnail":["https:\/\/pornuestrolaredo.com\/wp-content\/uploads\/2022\/10\/Stereo91-20220930-3-150x150.jpeg",150,150,true],"medium":["https:\/\/pornuestrolaredo.com\/wp-content\/uploads\/2022\/10\/Stereo91-20220930-3-300x189.jpeg",300,189,true],"medium_large":["https:\/\/pornuestrolaredo.com\/wp-content\/uploads\/2022\/10\/Stereo91-20220930-3-768x484.jpeg",640,403,true],"large":["https:\/\/pornuestrolaredo.com\/wp-content\/uploads\/2022\/10\/Stereo91-20220930-3.jpeg",640,403,false],"1536x1536":["https:\/\/pornuestrolaredo.com\/wp-content\/uploads\/2022\/10\/Stereo91-20220930-3.jpeg",980,617,false],"2048x2048":["https:\/\/pornuestrolaredo.com\/wp-content\/uploads\/2022\/10\/Stereo91-20220930-3.jpeg",980,617,false],"morenews-large":["https:\/\/pornuestrolaredo.com\/wp-content\/uploads\/2022\/10\/Stereo91-20220930-3.jpeg",825,519,false],"morenews-medium":["https:\/\/pornuestrolaredo.com\/wp-content\/uploads\/2022\/10\/Stereo91-20220930-3.jpeg",590,371,false]},"author_info":{"info":["Redactor"]},"category_info":"<a href=\"https:\/\/pornuestrolaredo.com\/?cat=9\" rel=\"category\">El Mundo<\/a>","tag_info":"El Mundo","comment_count":"0","jetpack_featured_media_url":"https:\/\/pornuestrolaredo.com\/wp-content\/uploads\/2022\/10\/Stereo91-20220930-3.jpeg","jetpack_sharing_enabled":true,"_links":{"self":[{"href":"https:\/\/pornuestrolaredo.com\/index.php?rest_route=\/wp\/v2\/posts\/424","targetHints":{"allow":["GET"]}}],"collection":[{"href":"https:\/\/pornuestrolaredo.com\/index.php?rest_route=\/wp\/v2\/posts"}],"about":[{"href":"https:\/\/pornuestrolaredo.com\/index.php?rest_route=\/wp\/v2\/types\/post"}],"author":[{"embeddable":true,"href":"https:\/\/pornuestrolaredo.com\/index.php?rest_route=\/wp\/v2\/users\/1"}],"replies":[{"embeddable":true,"href":"https:\/\/pornuestrolaredo.com\/index.php?rest_route=%2Fwp%2Fv2%2Fcomments&post=424"}],"version-history":[{"count":2,"href":"https:\/\/pornuestrolaredo.com\/index.php?rest_route=\/wp\/v2\/posts\/424\/revisions"}],"predecessor-version":[{"id":480,"href":"https:\/\/pornuestrolaredo.com\/index.php?rest_route=\/wp\/v2\/posts\/424\/revisions\/480"}],"wp:featuredmedia":[{"embeddable":true,"href":"https:\/\/pornuestrolaredo.com\/index.php?rest_route=\/wp\/v2\/media\/425"}],"wp:attachment":[{"href":"https:\/\/pornuestrolaredo.com\/index.php?rest_route=%2Fwp%2Fv2%2Fmedia&parent=424"}],"wp:term":[{"taxonomy":"category","embeddable":true,"href":"https:\/\/pornuestrolaredo.com\/index.php?rest_route=%2Fwp%2Fv2%2Fcategories&post=424"},{"taxonomy":"post_tag","embeddable":true,"href":"https:\/\/pornuestrolaredo.com\/index.php?rest_route=%2Fwp%2Fv2%2Ftags&post=424"}],"curies":[{"name":"wp","href":"https:\/\/api.w.org\/{rel}","templated":true}]}}