{"id":4250,"date":"2024-04-23T18:36:43","date_gmt":"2024-04-23T18:36:43","guid":{"rendered":"https:\/\/pornuestrolaredo.com\/?p=4250"},"modified":"2024-04-23T18:36:43","modified_gmt":"2024-04-23T18:36:43","slug":"este-martes-por-la-noche-la-luna-llena-rosa","status":"publish","type":"post","link":"https:\/\/pornuestrolaredo.com\/?p=4250","title":{"rendered":"Este martes por la noche, la Luna Llena Rosa"},"content":{"rendered":"<p><strong>LOS DOS LAREDOS.-<\/strong> Esta noche, si las nubes nos lo permiten, los habitantes de los dos Laredos podr\u00e1n disfrutar de la Luna Llena Rosa.<\/p>\n<p>Cada Luna llena del calendario lunar tiene su propio nombre, algunos m\u00e1s po\u00e9ticos que otros. Abril nos trae la Luna Llena Rosa, la primera de la primavera en el hemisferio norte.<\/p>\n<p>A pesar de su nombre, no tiene relaci\u00f3n con el color de la Luna, sino con las flores rosadas que florecen durante la temporada primaveral. Pero hay m\u00e1s historia y tradici\u00f3n detr\u00e1s de esta Luna Llena tan especial.<\/p>\n<p>\u00bfQU\u00c9 ES LA LUNA ROSA?<\/p>\n<p>El t\u00e9rmino &#8220;rosa&#8221; hace referencia a las flores rosadas que suelen florecer durante la primavera. Se cree que los nativos americanos fueron quienes bautizaron la Luna de abril con este nombre, en honor a una flor silvestre de floraci\u00f3n temprana.<\/p>\n<p>Estas flores tempranas de primavera, espec\u00edficamente de la especie Phlox subulata, tambi\u00e9n conocida como flox rastrero o flox musgoso emergen con tonos rosados durante la primavera, son la raz\u00f3n detr\u00e1s de este nombre po\u00e9tico.<\/p>\n<p>Los nombres de Luna Llena utilizados por &#8220;The Old Farmer&#8217;s Almanac&#8221; provienen de varias fuentes, incluidas fuentes nativas americanas, coloniales americanas y europeas. Aunque desear\u00edamos que el nombre &#8220;Luna Rosa&#8221; se refiriera al color de la Luna, es simplemente un gui\u00f1o a las flores que aparecen en esta \u00e9poca del a\u00f1o.<\/p>\n<p>La mejor forma de disfrutar la Luna Llena Rosa es aventurarse afuera hoy martes 23 de abril. Para obtener la mejor vista de esta hermosa Luna primaveral, busque un \u00e1rea abierta y observe c\u00f3mo la Luna sale justo por encima del horizonte.<\/p>\n<p>En este punto, parecer\u00e1 m\u00e1s grande y tendr\u00e1 un tono dorado, lo cual es perfecto para la fotograf\u00eda o simplemente para disfrutar del espect\u00e1culo natural.<\/p>\n<p>\u00bfA QU\u00c9 HORA VER LA LUNA ROSA?<\/p>\n<p>La Luna Llena Rosa alcanza su iluminaci\u00f3n m\u00e1xima a las 6:49 de la tarde, hora de los dos Laredos. Por lo tanto, aseg\u00farese de estar en una ubicaci\u00f3n con una vista despejada del horizonte antes de esa hora para ver c\u00f3mo la Luna empieza a salir y a brillar en todo su esplendor.<\/p>\n<p>Adem\u00e1s de &#8220;Luna Rosa&#8221;, abril tiene otros nombres para la Luna Llena que tambi\u00e9n hacen referencia a la primavera. El &#8220;Breaking Ice Moon&#8221; (Algonquin) y el &#8220;Moon When the Streams Are Again Navigable&#8221; (Dakota) hacen referencia al derretimiento del hielo y al aumento de la movilidad a principios de la temporada de primavera.<\/p>\n<p>\u00bfListo para ver la Luna Llena Rosa y disfrutar de la primera luna llena de primavera?<\/p>\n","protected":false},"excerpt":{"rendered":"<p>No, no veremos nuestro sat\u00e9lite de color rosa, pero s\u00ed dorado durante un corto tiempo al salir desde el horizonte; se llama as\u00ed por las flores que aparecen en primavera<\/p>\n","protected":false},"author":1,"featured_media":4251,"comment_status":"closed","ping_status":"closed","sticky":false,"template":"","format":"standard","meta":{"_crdt_document":"","_jetpack_memberships_contains_paid_content":false,"footnotes":"","jetpack_publicize_message":"","jetpack_publicize_feature_enabled":true,"jetpack_social_post_already_shared":true,"jetpack_social_options":{"image_generator_settings":{"template":"highway","default_image_id":0,"font":"","enabled":false},"version":2},"_wpas_customize_per_network":false},"categories":[4],"tags":[],"class_list":["post-4250","post","type-post","status-publish","format-standard","has-post-thumbnail","hentry","category-los-dos-laredos"],"magazineBlocksPostFeaturedMedia":{"thumbnail":"https:\/\/pornuestrolaredo.com\/wp-content\/uploads\/2024\/04\/PNL-20240423-5-150x150.jpg","medium":"https:\/\/pornuestrolaredo.com\/wp-content\/uploads\/2024\/04\/PNL-20240423-5-300x225.jpg","medium_large":"https:\/\/pornuestrolaredo.com\/wp-content\/uploads\/2024\/04\/PNL-20240423-5-768x576.jpg","large":"https:\/\/pornuestrolaredo.com\/wp-content\/uploads\/2024\/04\/PNL-20240423-5-1000x750.jpg","1536x1536":"https:\/\/pornuestrolaredo.com\/wp-content\/uploads\/2024\/04\/PNL-20240423-5.jpg","2048x2048":"https:\/\/pornuestrolaredo.com\/wp-content\/uploads\/2024\/04\/PNL-20240423-5.jpg","morenews-large":"https:\/\/pornuestrolaredo.com\/wp-content\/uploads\/2024\/04\/PNL-20240423-5.jpg","morenews-medium":"https:\/\/pornuestrolaredo.com\/wp-content\/uploads\/2024\/04\/PNL-20240423-5.jpg"},"magazineBlocksPostAuthor":{"name":"Redactor","avatar":"https:\/\/pornuestrolaredo.com\/wp-content\/litespeed\/avatar\/dca1d7ec750c399f025f23b0b314f4cf.jpg?ver=1777612120"},"magazineBlocksPostCommentsNumber":false,"magazineBlocksPostExcerpt":"No, no veremos nuestro sat\u00e9lite de color rosa, pero s\u00ed dorado durante un corto tiempo al salir desde el horizonte; se llama as\u00ed por las flores que aparecen en primavera","magazineBlocksPostCategories":["Los dos Laredos"],"magazineBlocksPostViewCount":118,"magazineBlocksPostReadTime":3,"magazine_blocks_featured_image_url":{"full":["https:\/\/pornuestrolaredo.com\/wp-content\/uploads\/2024\/04\/PNL-20240423-5.jpg",1200,900,false],"medium":["https:\/\/pornuestrolaredo.com\/wp-content\/uploads\/2024\/04\/PNL-20240423-5-300x225.jpg",300,225,true],"thumbnail":["https:\/\/pornuestrolaredo.com\/wp-content\/uploads\/2024\/04\/PNL-20240423-5-150x150.jpg",150,150,true]},"magazine_blocks_author":{"display_name":"Redactor","author_link":"https:\/\/pornuestrolaredo.com\/?author=1"},"magazine_blocks_comment":0,"magazine_blocks_author_image":"https:\/\/pornuestrolaredo.com\/wp-content\/litespeed\/avatar\/dca1d7ec750c399f025f23b0b314f4cf.jpg?ver=1777612120","magazine_blocks_category":"<a href=\"#\" class=\"category-link category-link-4\">Los dos Laredos<\/a>","jetpack_publicize_connections":[],"featured_image_urls":{"full":["https:\/\/pornuestrolaredo.com\/wp-content\/uploads\/2024\/04\/PNL-20240423-5.jpg",1200,900,false],"thumbnail":["https:\/\/pornuestrolaredo.com\/wp-content\/uploads\/2024\/04\/PNL-20240423-5-150x150.jpg",150,150,true],"medium":["https:\/\/pornuestrolaredo.com\/wp-content\/uploads\/2024\/04\/PNL-20240423-5-300x225.jpg",300,225,true],"medium_large":["https:\/\/pornuestrolaredo.com\/wp-content\/uploads\/2024\/04\/PNL-20240423-5-768x576.jpg",640,480,true],"large":["https:\/\/pornuestrolaredo.com\/wp-content\/uploads\/2024\/04\/PNL-20240423-5-1000x750.jpg",640,480,true],"1536x1536":["https:\/\/pornuestrolaredo.com\/wp-content\/uploads\/2024\/04\/PNL-20240423-5.jpg",1200,900,false],"2048x2048":["https:\/\/pornuestrolaredo.com\/wp-content\/uploads\/2024\/04\/PNL-20240423-5.jpg",1200,900,false],"morenews-large":["https:\/\/pornuestrolaredo.com\/wp-content\/uploads\/2024\/04\/PNL-20240423-5.jpg",767,575,false],"morenews-medium":["https:\/\/pornuestrolaredo.com\/wp-content\/uploads\/2024\/04\/PNL-20240423-5.jpg",547,410,false]},"author_info":{"info":["Redactor"]},"category_info":"<a href=\"https:\/\/pornuestrolaredo.com\/?cat=4\" rel=\"category\">Los dos Laredos<\/a>","tag_info":"Los dos Laredos","comment_count":"0","jetpack_featured_media_url":"https:\/\/pornuestrolaredo.com\/wp-content\/uploads\/2024\/04\/PNL-20240423-5.jpg","jetpack_sharing_enabled":true,"_links":{"self":[{"href":"https:\/\/pornuestrolaredo.com\/index.php?rest_route=\/wp\/v2\/posts\/4250","targetHints":{"allow":["GET"]}}],"collection":[{"href":"https:\/\/pornuestrolaredo.com\/index.php?rest_route=\/wp\/v2\/posts"}],"about":[{"href":"https:\/\/pornuestrolaredo.com\/index.php?rest_route=\/wp\/v2\/types\/post"}],"author":[{"embeddable":true,"href":"https:\/\/pornuestrolaredo.com\/index.php?rest_route=\/wp\/v2\/users\/1"}],"replies":[{"embeddable":true,"href":"https:\/\/pornuestrolaredo.com\/index.php?rest_route=%2Fwp%2Fv2%2Fcomments&post=4250"}],"version-history":[{"count":1,"href":"https:\/\/pornuestrolaredo.com\/index.php?rest_route=\/wp\/v2\/posts\/4250\/revisions"}],"predecessor-version":[{"id":4252,"href":"https:\/\/pornuestrolaredo.com\/index.php?rest_route=\/wp\/v2\/posts\/4250\/revisions\/4252"}],"wp:featuredmedia":[{"embeddable":true,"href":"https:\/\/pornuestrolaredo.com\/index.php?rest_route=\/wp\/v2\/media\/4251"}],"wp:attachment":[{"href":"https:\/\/pornuestrolaredo.com\/index.php?rest_route=%2Fwp%2Fv2%2Fmedia&parent=4250"}],"wp:term":[{"taxonomy":"category","embeddable":true,"href":"https:\/\/pornuestrolaredo.com\/index.php?rest_route=%2Fwp%2Fv2%2Fcategories&post=4250"},{"taxonomy":"post_tag","embeddable":true,"href":"https:\/\/pornuestrolaredo.com\/index.php?rest_route=%2Fwp%2Fv2%2Ftags&post=4250"}],"curies":[{"name":"wp","href":"https:\/\/api.w.org\/{rel}","templated":true}]}}