{"id":4269,"date":"2024-04-25T17:00:13","date_gmt":"2024-04-25T17:00:13","guid":{"rendered":"https:\/\/pornuestrolaredo.com\/?p=4269"},"modified":"2024-04-25T17:00:13","modified_gmt":"2024-04-25T17:00:13","slug":"gana-manuel-serrat-premio-princesa-de-asturias","status":"publish","type":"post","link":"https:\/\/pornuestrolaredo.com\/?p=4269","title":{"rendered":"Gana Manuel Serrat Premio Princesa de Asturias"},"content":{"rendered":"<p><strong><em>MADRID.-<\/em><\/strong> El m\u00fasico y cantautor Joan Manuel Serrat gan\u00f3 el mi\u00e9rcoles el Premio Princesa de Asturias de las Artes, anunci\u00f3 la fundaci\u00f3n que concede los galardones.<\/p>\n<blockquote><p>Sus canciones forman parte de la memoria emocional de varias generaciones en Espa\u00f1a e Iberoam\u00e9rica, tanto en catal\u00e1n como en castellano, dos lenguas que ha fomentado y ayudado a progresar, lejos de cualquier enfrentamiento, desde un equilibrio natural como veh\u00edculos de concordia y entendimiento\u201d, se\u00f1al\u00f3 el jurado en su acta.<\/p><\/blockquote>\n<p>En sus m\u00e1s de 50 a\u00f1os de carrera como compositor e int\u00e9rprete, Serrat, quien seg\u00fan la Fundaci\u00f3n Princesa de Asturias es \u201cuna de las figuras m\u00e1s destacadas de la canci\u00f3n moderna\u201d, ha puesto voz a canciones ic\u00f3nicas como \u201cMediterr\u00e1neo\u201d o \u201cHoy puede ser un gran d\u00eda\u201d, as\u00ed como a poemas de Antonio Machado, Miguel Hern\u00e1ndez, Pablo Neruda o Mario Benedetti.<\/p>\n<blockquote><p>Estos poetas han influido en su propia creaci\u00f3n musical, que tambi\u00e9n est\u00e1 marcada por otros g\u00e9neros, como el folclore catal\u00e1n, la copla espa\u00f1ola, el tango, el bolero y el cancionero popular\u201d latinoamericano, apunt\u00f3 el jurado, que destac\u00f3 adem\u00e1s \u201csu compromiso y defensa de la democracia y los derechos humanos\u201d tanto en Espa\u00f1a como en Latinoam\u00e9rica.<\/p><\/blockquote>\n<p>El m\u00fasico barcelon\u00e9s, de 80 a\u00f1os y que fue pionero de lo que se denomin\u00f3 \u201cnova can\u00e7\u00f3 catalana\u201d en la d\u00e9cada de 1960, ha grabado m\u00e1s de 30 discos de estudio a lo largo de su vasta trayectoria. Recibi\u00f3 numerosos reconocimientos, incluyendo el Latin Grammy a la Persona del A\u00f1o en 2014, la Medalla de Oro en las Bellas Artes en 1994 o la insignia de la Orden de \u00c1guila Azteca de M\u00e9xico en 2010.<\/p>\n<blockquote><p>No encuentro mejor manera que una distinci\u00f3n tan prestigiosa como esta para despedir una carrera profesional larga y satisfactoria como la m\u00eda\u201d, dijo Serrat en un comunicado.<\/p><\/blockquote>\n<p>Abandon\u00f3 oficialmente los escenarios tras un \u00faltimo concierto en diciembre de 2022 en el Palau Sant Jordi de su ciudad natal.<\/p>\n<p>Serrat toma el relevo a la actriz estadounidense Meryl Streep, que gan\u00f3 el premio el a\u00f1o pasado. Entre los galardonados figuran tambi\u00e9n las bailaoras de flamenco Carmen Linares y Mar\u00eda Pag\u00e9s, el director ingl\u00e9s Peter Brook o los realizadores estadounidenses Martin Scorsese y Francis Ford Coppola.<\/p>\n<p>El galard\u00f3n, que tiene una dotaci\u00f3n econ\u00f3mica de 50.000 euros (53.000 d\u00f3lares), es el primero de los ocho que concede anualmente la Fundaci\u00f3n Princesa de Asturias y que se entregan en octubre en una ceremonia celebrada en Oviedo, en el norte de Espa\u00f1a.<\/p>\n<p>En las pr\u00f3ximas semanas se dar\u00e1n a conocer los premiados en las dem\u00e1s categor\u00edas, incluyendo Letras, Ciencia, Deportes, Cooperaci\u00f3n Internacional o Concordia.<\/p>\n","protected":false},"excerpt":{"rendered":"<p>En sus m\u00e1s de 50 a\u00f1os de carrera como compositor e int\u00e9rprete es \u2018una de las figuras m\u00e1s destacadas de la canci\u00f3n moderna\u2019<\/p>\n","protected":false},"author":1,"featured_media":4270,"comment_status":"closed","ping_status":"closed","sticky":false,"template":"","format":"standard","meta":{"_crdt_document":"","_jetpack_memberships_contains_paid_content":false,"footnotes":"","jetpack_publicize_message":"","jetpack_publicize_feature_enabled":true,"jetpack_social_post_already_shared":true,"jetpack_social_options":{"image_generator_settings":{"template":"highway","default_image_id":0,"font":"","enabled":false},"version":2},"_wpas_customize_per_network":false},"categories":[34],"tags":[],"class_list":["post-4269","post","type-post","status-publish","format-standard","has-post-thumbnail","hentry","category-farandula"],"magazineBlocksPostFeaturedMedia":{"thumbnail":"https:\/\/pornuestrolaredo.com\/wp-content\/uploads\/2024\/04\/Stereo91-20240424-5-150x150.jpg","medium":"https:\/\/pornuestrolaredo.com\/wp-content\/uploads\/2024\/04\/Stereo91-20240424-5-300x171.jpg","medium_large":"https:\/\/pornuestrolaredo.com\/wp-content\/uploads\/2024\/04\/Stereo91-20240424-5-768x438.jpg","large":"https:\/\/pornuestrolaredo.com\/wp-content\/uploads\/2024\/04\/Stereo91-20240424-5.jpg","1536x1536":"https:\/\/pornuestrolaredo.com\/wp-content\/uploads\/2024\/04\/Stereo91-20240424-5.jpg","2048x2048":"https:\/\/pornuestrolaredo.com\/wp-content\/uploads\/2024\/04\/Stereo91-20240424-5.jpg","morenews-large":"https:\/\/pornuestrolaredo.com\/wp-content\/uploads\/2024\/04\/Stereo91-20240424-5.jpg","morenews-medium":"https:\/\/pornuestrolaredo.com\/wp-content\/uploads\/2024\/04\/Stereo91-20240424-5.jpg"},"magazineBlocksPostAuthor":{"name":"Redactor","avatar":"https:\/\/pornuestrolaredo.com\/wp-content\/litespeed\/avatar\/dca1d7ec750c399f025f23b0b314f4cf.jpg?ver=1777612120"},"magazineBlocksPostCommentsNumber":false,"magazineBlocksPostExcerpt":"En sus m\u00e1s de 50 a\u00f1os de carrera como compositor e int\u00e9rprete es \u2018una de las figuras m\u00e1s destacadas de la canci\u00f3n moderna\u2019","magazineBlocksPostCategories":["Far\u00e1ndula"],"magazineBlocksPostViewCount":117,"magazineBlocksPostReadTime":3,"magazine_blocks_featured_image_url":{"full":["https:\/\/pornuestrolaredo.com\/wp-content\/uploads\/2024\/04\/Stereo91-20240424-5.jpg",980,559,false],"medium":["https:\/\/pornuestrolaredo.com\/wp-content\/uploads\/2024\/04\/Stereo91-20240424-5-300x171.jpg",300,171,true],"thumbnail":["https:\/\/pornuestrolaredo.com\/wp-content\/uploads\/2024\/04\/Stereo91-20240424-5-150x150.jpg",150,150,true]},"magazine_blocks_author":{"display_name":"Redactor","author_link":"https:\/\/pornuestrolaredo.com\/?author=1"},"magazine_blocks_comment":0,"magazine_blocks_author_image":"https:\/\/pornuestrolaredo.com\/wp-content\/litespeed\/avatar\/dca1d7ec750c399f025f23b0b314f4cf.jpg?ver=1777612120","magazine_blocks_category":"<a href=\"#\" class=\"category-link category-link-34\">Far\u00e1ndula<\/a>","jetpack_publicize_connections":[],"featured_image_urls":{"full":["https:\/\/pornuestrolaredo.com\/wp-content\/uploads\/2024\/04\/Stereo91-20240424-5.jpg",980,559,false],"thumbnail":["https:\/\/pornuestrolaredo.com\/wp-content\/uploads\/2024\/04\/Stereo91-20240424-5-150x150.jpg",150,150,true],"medium":["https:\/\/pornuestrolaredo.com\/wp-content\/uploads\/2024\/04\/Stereo91-20240424-5-300x171.jpg",300,171,true],"medium_large":["https:\/\/pornuestrolaredo.com\/wp-content\/uploads\/2024\/04\/Stereo91-20240424-5-768x438.jpg",640,365,true],"large":["https:\/\/pornuestrolaredo.com\/wp-content\/uploads\/2024\/04\/Stereo91-20240424-5.jpg",640,365,false],"1536x1536":["https:\/\/pornuestrolaredo.com\/wp-content\/uploads\/2024\/04\/Stereo91-20240424-5.jpg",980,559,false],"2048x2048":["https:\/\/pornuestrolaredo.com\/wp-content\/uploads\/2024\/04\/Stereo91-20240424-5.jpg",980,559,false],"morenews-large":["https:\/\/pornuestrolaredo.com\/wp-content\/uploads\/2024\/04\/Stereo91-20240424-5.jpg",825,471,false],"morenews-medium":["https:\/\/pornuestrolaredo.com\/wp-content\/uploads\/2024\/04\/Stereo91-20240424-5.jpg",590,337,false]},"author_info":{"info":["Redactor"]},"category_info":"<a href=\"https:\/\/pornuestrolaredo.com\/?cat=34\" rel=\"category\">Far\u00e1ndula<\/a>","tag_info":"Far\u00e1ndula","comment_count":"0","jetpack_featured_media_url":"https:\/\/pornuestrolaredo.com\/wp-content\/uploads\/2024\/04\/Stereo91-20240424-5.jpg","jetpack_sharing_enabled":true,"_links":{"self":[{"href":"https:\/\/pornuestrolaredo.com\/index.php?rest_route=\/wp\/v2\/posts\/4269","targetHints":{"allow":["GET"]}}],"collection":[{"href":"https:\/\/pornuestrolaredo.com\/index.php?rest_route=\/wp\/v2\/posts"}],"about":[{"href":"https:\/\/pornuestrolaredo.com\/index.php?rest_route=\/wp\/v2\/types\/post"}],"author":[{"embeddable":true,"href":"https:\/\/pornuestrolaredo.com\/index.php?rest_route=\/wp\/v2\/users\/1"}],"replies":[{"embeddable":true,"href":"https:\/\/pornuestrolaredo.com\/index.php?rest_route=%2Fwp%2Fv2%2Fcomments&post=4269"}],"version-history":[{"count":1,"href":"https:\/\/pornuestrolaredo.com\/index.php?rest_route=\/wp\/v2\/posts\/4269\/revisions"}],"predecessor-version":[{"id":4271,"href":"https:\/\/pornuestrolaredo.com\/index.php?rest_route=\/wp\/v2\/posts\/4269\/revisions\/4271"}],"wp:featuredmedia":[{"embeddable":true,"href":"https:\/\/pornuestrolaredo.com\/index.php?rest_route=\/wp\/v2\/media\/4270"}],"wp:attachment":[{"href":"https:\/\/pornuestrolaredo.com\/index.php?rest_route=%2Fwp%2Fv2%2Fmedia&parent=4269"}],"wp:term":[{"taxonomy":"category","embeddable":true,"href":"https:\/\/pornuestrolaredo.com\/index.php?rest_route=%2Fwp%2Fv2%2Fcategories&post=4269"},{"taxonomy":"post_tag","embeddable":true,"href":"https:\/\/pornuestrolaredo.com\/index.php?rest_route=%2Fwp%2Fv2%2Ftags&post=4269"}],"curies":[{"name":"wp","href":"https:\/\/api.w.org\/{rel}","templated":true}]}}