{"id":4272,"date":"2024-04-25T18:01:28","date_gmt":"2024-04-25T18:01:28","guid":{"rendered":"https:\/\/pornuestrolaredo.com\/?p=4272"},"modified":"2024-04-25T18:01:28","modified_gmt":"2024-04-25T18:01:28","slug":"fotografian-sondas-europeas-aranas-en-marte","status":"publish","type":"post","link":"https:\/\/pornuestrolaredo.com\/?p=4272","title":{"rendered":"Fotograf\u00edan sondas europeas \u2018ara\u00f1as\u2019 en Marte"},"content":{"rendered":"<p><strong><em>PAR\u00cdS.-<\/em> <\/strong>Nuevas im\u00e1genes de dos sondas de la Agencia Espacial Europea (ESA) la Mars Express y la Trace Gas Orbiter, muestran curiosas formaciones en Marte con incre\u00edble detalle.<\/p>\n<p>Se trata de formas ar\u00e1cnidas agrupadas alrededor del polo sur del planeta, conocidas como &#8220;ara\u00f1as de Marte&#8221; debido a su forma distintiva, similar a la de un ar\u00e1cnido.<\/p>\n<p>Su nombre cient\u00edfico es &#8220;araneiformes&#8221;, significa literalmente &#8220;con forma de ara\u00f1a&#8221; en lat\u00edn, las cuales se forman cuando la luz del sol primaveral cae sobre capas de di\u00f3xido de carbono (CO2) congelado en la superficie de Marte.<\/p>\n<p>La luz solar hace que el hielo de CO2 en el fondo de la capa s\u00f3lida se convierta en gas, que posteriormente se acumula y estalla hacia arriba a trav\u00e9s de las placas de hielo superpuestas.<\/p>\n<p>Los chorros de gas que emergen, cargados de polvo oscuro, rompen capas de hielo de hasta un metro de espesor antes de volver a caer y asentarse en la superficie, creando caracter\u00edsticas manchas oscuras en forma de ara\u00f1a de entre 45 metros y hasta un kil\u00f3metro de ancho que se pueden ver en im\u00e1genes de sondas espaciales.<\/p>\n<p>Este mismo proceso crea patrones caracter\u00edsticos en forma de ara\u00f1a grabados debajo del hielo.<\/p>\n<p>Los araneiformes se observaron por primera vez hace m\u00e1s de 20 a\u00f1os, pero no fue hasta 2021 que los astr\u00f3nomos demostraron c\u00f3mo se forman exactamente, cuando investigadores del Trinity College Dublin recrearon el proceso marciano en el laboratorio bajando y levantando bloques de CO2 congelado sobre lechos de grava.<\/p>\n<p>Seg\u00fan la ESA, los araneiformes se encuentran especialmente agrupados en las afueras de una parte de Marte apodada Ciudad Inca. M\u00e1s formalmente conocida como Angustus Labyrinthus, Inca City fue descubierta en 1972 por la sonda Mariner 9 de la NASA.<\/p>\n","protected":false},"excerpt":{"rendered":"<p>En realidad se trata de formaciones que surgen de la explosi\u00f3n de gas debajo de capas de di\u00f3xido de carbono, cerca del polo sur del Planeta Rojo<\/p>\n","protected":false},"author":1,"featured_media":4273,"comment_status":"closed","ping_status":"closed","sticky":false,"template":"","format":"standard","meta":{"_crdt_document":"","_jetpack_memberships_contains_paid_content":false,"footnotes":"","jetpack_publicize_message":"","jetpack_publicize_feature_enabled":true,"jetpack_social_post_already_shared":true,"jetpack_social_options":{"image_generator_settings":{"template":"highway","default_image_id":0,"font":"","enabled":false},"version":2},"_wpas_customize_per_network":false},"categories":[9],"tags":[],"class_list":["post-4272","post","type-post","status-publish","format-standard","has-post-thumbnail","hentry","category-el-mundo"],"magazineBlocksPostFeaturedMedia":{"thumbnail":"https:\/\/pornuestrolaredo.com\/wp-content\/uploads\/2024\/04\/Stereo91-20240425-4-150x150.jpg","medium":"https:\/\/pornuestrolaredo.com\/wp-content\/uploads\/2024\/04\/Stereo91-20240425-4-300x150.jpg","medium_large":"https:\/\/pornuestrolaredo.com\/wp-content\/uploads\/2024\/04\/Stereo91-20240425-4-768x384.jpg","large":"https:\/\/pornuestrolaredo.com\/wp-content\/uploads\/2024\/04\/Stereo91-20240425-4-1000x500.jpg","1536x1536":"https:\/\/pornuestrolaredo.com\/wp-content\/uploads\/2024\/04\/Stereo91-20240425-4.jpg","2048x2048":"https:\/\/pornuestrolaredo.com\/wp-content\/uploads\/2024\/04\/Stereo91-20240425-4.jpg","morenews-large":"https:\/\/pornuestrolaredo.com\/wp-content\/uploads\/2024\/04\/Stereo91-20240425-4.jpg","morenews-medium":"https:\/\/pornuestrolaredo.com\/wp-content\/uploads\/2024\/04\/Stereo91-20240425-4.jpg"},"magazineBlocksPostAuthor":{"name":"Redactor","avatar":"https:\/\/pornuestrolaredo.com\/wp-content\/litespeed\/avatar\/dca1d7ec750c399f025f23b0b314f4cf.jpg?ver=1777612120"},"magazineBlocksPostCommentsNumber":false,"magazineBlocksPostExcerpt":"En realidad se trata de formaciones que surgen de la explosi\u00f3n de gas debajo de capas de di\u00f3xido de carbono, cerca del polo sur del Planeta Rojo","magazineBlocksPostCategories":["El Mundo"],"magazineBlocksPostViewCount":128,"magazineBlocksPostReadTime":2,"magazine_blocks_featured_image_url":{"full":["https:\/\/pornuestrolaredo.com\/wp-content\/uploads\/2024\/04\/Stereo91-20240425-4.jpg",1200,600,false],"medium":["https:\/\/pornuestrolaredo.com\/wp-content\/uploads\/2024\/04\/Stereo91-20240425-4-300x150.jpg",300,150,true],"thumbnail":["https:\/\/pornuestrolaredo.com\/wp-content\/uploads\/2024\/04\/Stereo91-20240425-4-150x150.jpg",150,150,true]},"magazine_blocks_author":{"display_name":"Redactor","author_link":"https:\/\/pornuestrolaredo.com\/?author=1"},"magazine_blocks_comment":0,"magazine_blocks_author_image":"https:\/\/pornuestrolaredo.com\/wp-content\/litespeed\/avatar\/dca1d7ec750c399f025f23b0b314f4cf.jpg?ver=1777612120","magazine_blocks_category":"<a href=\"#\" class=\"category-link category-link-9\">El Mundo<\/a>","jetpack_publicize_connections":[],"featured_image_urls":{"full":["https:\/\/pornuestrolaredo.com\/wp-content\/uploads\/2024\/04\/Stereo91-20240425-4.jpg",1200,600,false],"thumbnail":["https:\/\/pornuestrolaredo.com\/wp-content\/uploads\/2024\/04\/Stereo91-20240425-4-150x150.jpg",150,150,true],"medium":["https:\/\/pornuestrolaredo.com\/wp-content\/uploads\/2024\/04\/Stereo91-20240425-4-300x150.jpg",300,150,true],"medium_large":["https:\/\/pornuestrolaredo.com\/wp-content\/uploads\/2024\/04\/Stereo91-20240425-4-768x384.jpg",640,320,true],"large":["https:\/\/pornuestrolaredo.com\/wp-content\/uploads\/2024\/04\/Stereo91-20240425-4-1000x500.jpg",640,320,true],"1536x1536":["https:\/\/pornuestrolaredo.com\/wp-content\/uploads\/2024\/04\/Stereo91-20240425-4.jpg",1200,600,false],"2048x2048":["https:\/\/pornuestrolaredo.com\/wp-content\/uploads\/2024\/04\/Stereo91-20240425-4.jpg",1200,600,false],"morenews-large":["https:\/\/pornuestrolaredo.com\/wp-content\/uploads\/2024\/04\/Stereo91-20240425-4.jpg",825,413,false],"morenews-medium":["https:\/\/pornuestrolaredo.com\/wp-content\/uploads\/2024\/04\/Stereo91-20240425-4.jpg",590,295,false]},"author_info":{"info":["Redactor"]},"category_info":"<a href=\"https:\/\/pornuestrolaredo.com\/?cat=9\" rel=\"category\">El Mundo<\/a>","tag_info":"El Mundo","comment_count":"0","jetpack_featured_media_url":"https:\/\/pornuestrolaredo.com\/wp-content\/uploads\/2024\/04\/Stereo91-20240425-4.jpg","jetpack_sharing_enabled":true,"_links":{"self":[{"href":"https:\/\/pornuestrolaredo.com\/index.php?rest_route=\/wp\/v2\/posts\/4272","targetHints":{"allow":["GET"]}}],"collection":[{"href":"https:\/\/pornuestrolaredo.com\/index.php?rest_route=\/wp\/v2\/posts"}],"about":[{"href":"https:\/\/pornuestrolaredo.com\/index.php?rest_route=\/wp\/v2\/types\/post"}],"author":[{"embeddable":true,"href":"https:\/\/pornuestrolaredo.com\/index.php?rest_route=\/wp\/v2\/users\/1"}],"replies":[{"embeddable":true,"href":"https:\/\/pornuestrolaredo.com\/index.php?rest_route=%2Fwp%2Fv2%2Fcomments&post=4272"}],"version-history":[{"count":1,"href":"https:\/\/pornuestrolaredo.com\/index.php?rest_route=\/wp\/v2\/posts\/4272\/revisions"}],"predecessor-version":[{"id":4274,"href":"https:\/\/pornuestrolaredo.com\/index.php?rest_route=\/wp\/v2\/posts\/4272\/revisions\/4274"}],"wp:featuredmedia":[{"embeddable":true,"href":"https:\/\/pornuestrolaredo.com\/index.php?rest_route=\/wp\/v2\/media\/4273"}],"wp:attachment":[{"href":"https:\/\/pornuestrolaredo.com\/index.php?rest_route=%2Fwp%2Fv2%2Fmedia&parent=4272"}],"wp:term":[{"taxonomy":"category","embeddable":true,"href":"https:\/\/pornuestrolaredo.com\/index.php?rest_route=%2Fwp%2Fv2%2Fcategories&post=4272"},{"taxonomy":"post_tag","embeddable":true,"href":"https:\/\/pornuestrolaredo.com\/index.php?rest_route=%2Fwp%2Fv2%2Ftags&post=4272"}],"curies":[{"name":"wp","href":"https:\/\/api.w.org\/{rel}","templated":true}]}}