{"id":4275,"date":"2024-04-25T18:47:27","date_gmt":"2024-04-25T18:47:27","guid":{"rendered":"https:\/\/pornuestrolaredo.com\/?p=4275"},"modified":"2024-04-25T18:47:27","modified_gmt":"2024-04-25T18:47:27","slug":"quiere-ser-miss-universo-a-los-60-anos","status":"publish","type":"post","link":"https:\/\/pornuestrolaredo.com\/?p=4275","title":{"rendered":"Quiere ser Miss Universo \u00a1a los 60 a\u00f1os!"},"content":{"rendered":"<p><strong><em>CIUDAD DE M\u00c9XICO.-<\/em><\/strong> Una argentina de 60 a\u00f1os buscar\u00e1 participar en el certamen mundial de Miss Universo que tendr\u00e1 lugar en la Ciudad de M\u00e9xico en septiembre, tras ganar esta semana el concurso de belleza Miss Universo de Buenos Aires.<\/p>\n<blockquote><p>Fue una decisi\u00f3n bastante meditada pero gracias a la directora de Miss Universo Buenos Aires (&#8230;) decid\u00ed presentarme con mis 60 a\u00f1os&#8221;, dijo Alejandra Rodr\u00edguez al canal TN.<\/p><\/blockquote>\n<p>Para competir en Miss Universo Internacional, Rodr\u00edguez debe ser electa entre las ganadoras de otras provincias en el certamen nacional Miss Universo Argentina, que tendr\u00e1 lugar el 25 de mayo en Buenos Aires.<\/p>\n<p>Abogada y periodista, la ahora modelo vive y trabaja en la ciudad de La Plata, en la provincia de Buenos Aires, y es primeriza en el certamen regional que este a\u00f1o elimin\u00f3 por primera vez el l\u00edmite m\u00e1ximo de edad.<\/p>\n<blockquote><p>Yo nunca me hab\u00eda presentado (&#8230;), ahora surgi\u00f3 esta oportunidad y decid\u00ed hacerlo porque me pareci\u00f3 un desaf\u00edo, una propuesta muy interesante y bueno, me anim\u00e9 a m\u00e1s y logr\u00e9 el triunfo&#8221;, puntualiz\u00f3.<\/p><\/blockquote>\n<p>Rodr\u00edguez opin\u00f3 que el concurso actualmente tiene otro paradigma de belleza tras los cambios que se han presentado en los \u00faltimos a\u00f1os.<\/p>\n<blockquote><p>La belleza no es solamente lo f\u00edsico, sino que tiene que ver una actitud frente a la vida y que va m\u00e1s all\u00e1 de lo est\u00e9tico, por eso pienso que el certamen viene a romper con esos estereotipos, y eso es lo que seguramente lo est\u00e1 visibilizando tanto&#8221;, sostuvo.<\/p><\/blockquote>\n<p>En Argentina, los cert\u00e1menes de belleza se han visto envueltos en cr\u00edticas de parte de la opini\u00f3n p\u00fablica en los \u00faltimos a\u00f1os.<\/p>\n<p>En 2023, el octogenario concurso de la &#8220;Reina de la vendimia&#8221; de la provincia de Mendoza tuvo que ser intervenido judicialmente ya que uno de los departamentos provinciales se negaba a participar por considerar el certamen anacr\u00f3nico, retr\u00f3grado y discriminador.<\/p>\n<p>El concurso de Miss Universo, que durante mucho tiempo ha sido criticado por promover ideas anticuadas y estereotipadas de la feminidad, se celebra desde 1952.<\/p>\n<p>La nicarag\u00fcense Sheynnis Palacios gan\u00f3 la \u00faltima edici\u00f3n. Fue la primera candidata de Am\u00e9rica Central en obtener el t\u00edtulo y la celebraci\u00f3n de su victoria provoc\u00f3 las mayores movilizaciones en Nicaragua desde que las protestas callejeras de 2018 sacudieron al gobierno.<\/p>\n<p>En enero, la empresa tailandesa de medios de comunicaci\u00f3n JKN Global Group, propietaria de Miss Universo, anunci\u00f3 la venta del 50 por ciento de sus acciones en el certamen a una sociedad basada en M\u00e9xico, Legacy Holding, por 16 millones de d\u00f3lares.<\/p>\n<p>El grupo tailand\u00e9s hab\u00eda comprado el concurso, anteriormente propiedad de Donald Trump, en octubre de 2022 por 20 millones de d\u00f3lares.<\/p>\n","protected":false},"excerpt":{"rendered":"<p>Alejandra Rodr\u00edguez es una argentina que pese a su edad, es modelo y trabaja en la ciudad de La Plata <\/p>\n","protected":false},"author":1,"featured_media":4276,"comment_status":"closed","ping_status":"closed","sticky":false,"template":"","format":"standard","meta":{"_crdt_document":"","_jetpack_memberships_contains_paid_content":false,"footnotes":"","jetpack_publicize_message":"","jetpack_publicize_feature_enabled":true,"jetpack_social_post_already_shared":true,"jetpack_social_options":{"image_generator_settings":{"template":"highway","default_image_id":0,"font":"","enabled":false},"version":2},"_wpas_customize_per_network":false},"categories":[9],"tags":[],"class_list":["post-4275","post","type-post","status-publish","format-standard","has-post-thumbnail","hentry","category-el-mundo"],"magazineBlocksPostFeaturedMedia":{"thumbnail":"https:\/\/pornuestrolaredo.com\/wp-content\/uploads\/2024\/04\/107FM-20240425-1-150x150.jpg","medium":"https:\/\/pornuestrolaredo.com\/wp-content\/uploads\/2024\/04\/107FM-20240425-1-300x150.jpg","medium_large":"https:\/\/pornuestrolaredo.com\/wp-content\/uploads\/2024\/04\/107FM-20240425-1-768x384.jpg","large":"https:\/\/pornuestrolaredo.com\/wp-content\/uploads\/2024\/04\/107FM-20240425-1.jpg","1536x1536":"https:\/\/pornuestrolaredo.com\/wp-content\/uploads\/2024\/04\/107FM-20240425-1.jpg","2048x2048":"https:\/\/pornuestrolaredo.com\/wp-content\/uploads\/2024\/04\/107FM-20240425-1.jpg","morenews-large":"https:\/\/pornuestrolaredo.com\/wp-content\/uploads\/2024\/04\/107FM-20240425-1.jpg","morenews-medium":"https:\/\/pornuestrolaredo.com\/wp-content\/uploads\/2024\/04\/107FM-20240425-1.jpg"},"magazineBlocksPostAuthor":{"name":"Redactor","avatar":"https:\/\/pornuestrolaredo.com\/wp-content\/litespeed\/avatar\/dca1d7ec750c399f025f23b0b314f4cf.jpg?ver=1777612120"},"magazineBlocksPostCommentsNumber":false,"magazineBlocksPostExcerpt":"Alejandra Rodr\u00edguez es una argentina que pese a su edad, es modelo y trabaja en la ciudad de La Plata ","magazineBlocksPostCategories":["El Mundo"],"magazineBlocksPostViewCount":129,"magazineBlocksPostReadTime":3,"magazine_blocks_featured_image_url":{"full":["https:\/\/pornuestrolaredo.com\/wp-content\/uploads\/2024\/04\/107FM-20240425-1.jpg",850,425,false],"medium":["https:\/\/pornuestrolaredo.com\/wp-content\/uploads\/2024\/04\/107FM-20240425-1-300x150.jpg",300,150,true],"thumbnail":["https:\/\/pornuestrolaredo.com\/wp-content\/uploads\/2024\/04\/107FM-20240425-1-150x150.jpg",150,150,true]},"magazine_blocks_author":{"display_name":"Redactor","author_link":"https:\/\/pornuestrolaredo.com\/?author=1"},"magazine_blocks_comment":0,"magazine_blocks_author_image":"https:\/\/pornuestrolaredo.com\/wp-content\/litespeed\/avatar\/dca1d7ec750c399f025f23b0b314f4cf.jpg?ver=1777612120","magazine_blocks_category":"<a href=\"#\" class=\"category-link category-link-9\">El Mundo<\/a>","jetpack_publicize_connections":[],"featured_image_urls":{"full":["https:\/\/pornuestrolaredo.com\/wp-content\/uploads\/2024\/04\/107FM-20240425-1.jpg",850,425,false],"thumbnail":["https:\/\/pornuestrolaredo.com\/wp-content\/uploads\/2024\/04\/107FM-20240425-1-150x150.jpg",150,150,true],"medium":["https:\/\/pornuestrolaredo.com\/wp-content\/uploads\/2024\/04\/107FM-20240425-1-300x150.jpg",300,150,true],"medium_large":["https:\/\/pornuestrolaredo.com\/wp-content\/uploads\/2024\/04\/107FM-20240425-1-768x384.jpg",640,320,true],"large":["https:\/\/pornuestrolaredo.com\/wp-content\/uploads\/2024\/04\/107FM-20240425-1.jpg",640,320,false],"1536x1536":["https:\/\/pornuestrolaredo.com\/wp-content\/uploads\/2024\/04\/107FM-20240425-1.jpg",850,425,false],"2048x2048":["https:\/\/pornuestrolaredo.com\/wp-content\/uploads\/2024\/04\/107FM-20240425-1.jpg",850,425,false],"morenews-large":["https:\/\/pornuestrolaredo.com\/wp-content\/uploads\/2024\/04\/107FM-20240425-1.jpg",825,413,false],"morenews-medium":["https:\/\/pornuestrolaredo.com\/wp-content\/uploads\/2024\/04\/107FM-20240425-1.jpg",590,295,false]},"author_info":{"info":["Redactor"]},"category_info":"<a href=\"https:\/\/pornuestrolaredo.com\/?cat=9\" rel=\"category\">El Mundo<\/a>","tag_info":"El Mundo","comment_count":"0","jetpack_featured_media_url":"https:\/\/pornuestrolaredo.com\/wp-content\/uploads\/2024\/04\/107FM-20240425-1.jpg","jetpack_sharing_enabled":true,"_links":{"self":[{"href":"https:\/\/pornuestrolaredo.com\/index.php?rest_route=\/wp\/v2\/posts\/4275","targetHints":{"allow":["GET"]}}],"collection":[{"href":"https:\/\/pornuestrolaredo.com\/index.php?rest_route=\/wp\/v2\/posts"}],"about":[{"href":"https:\/\/pornuestrolaredo.com\/index.php?rest_route=\/wp\/v2\/types\/post"}],"author":[{"embeddable":true,"href":"https:\/\/pornuestrolaredo.com\/index.php?rest_route=\/wp\/v2\/users\/1"}],"replies":[{"embeddable":true,"href":"https:\/\/pornuestrolaredo.com\/index.php?rest_route=%2Fwp%2Fv2%2Fcomments&post=4275"}],"version-history":[{"count":1,"href":"https:\/\/pornuestrolaredo.com\/index.php?rest_route=\/wp\/v2\/posts\/4275\/revisions"}],"predecessor-version":[{"id":4277,"href":"https:\/\/pornuestrolaredo.com\/index.php?rest_route=\/wp\/v2\/posts\/4275\/revisions\/4277"}],"wp:featuredmedia":[{"embeddable":true,"href":"https:\/\/pornuestrolaredo.com\/index.php?rest_route=\/wp\/v2\/media\/4276"}],"wp:attachment":[{"href":"https:\/\/pornuestrolaredo.com\/index.php?rest_route=%2Fwp%2Fv2%2Fmedia&parent=4275"}],"wp:term":[{"taxonomy":"category","embeddable":true,"href":"https:\/\/pornuestrolaredo.com\/index.php?rest_route=%2Fwp%2Fv2%2Fcategories&post=4275"},{"taxonomy":"post_tag","embeddable":true,"href":"https:\/\/pornuestrolaredo.com\/index.php?rest_route=%2Fwp%2Fv2%2Ftags&post=4275"}],"curies":[{"name":"wp","href":"https:\/\/api.w.org\/{rel}","templated":true}]}}