{"id":4280,"date":"2024-04-25T21:37:42","date_gmt":"2024-04-25T21:37:42","guid":{"rendered":"https:\/\/pornuestrolaredo.com\/?p=4280"},"modified":"2024-04-25T21:37:42","modified_gmt":"2024-04-25T21:37:42","slug":"anula-ny-condena-contra-harvey-weinstein","status":"publish","type":"post","link":"https:\/\/pornuestrolaredo.com\/?p=4280","title":{"rendered":"Anula NY condena contra Harvey Weinstein"},"content":{"rendered":"<p><strong><em>NUEVA YORK.-<\/em> <\/strong>El m\u00e1ximo tribunal de Nueva York anul\u00f3 este jueves la condena por delitos sexuales dictada en 2020 contra el ex productor de Hollywood Harvey Weinstein, en el caso que contribuy\u00f3 a desencadenar el movimiento #MeToo.<\/p>\n<p>En una decisi\u00f3n de 4-3, el Tribunal de Apelaciones del estado dijo que el juez de primera instancia cometi\u00f3 un error al permitir que los fiscales presentaran testimonios de mujeres que afirmaron que Weinstein las agredi\u00f3, aunque no formaban parte de los cargos que enfrentaba.<\/p>\n<p>El Tribunal de apelaciones tambi\u00e9n dijo que el juez de primera instancia agrav\u00f3 el error al permitir que Weinstein fuera interrogado de una manera que lo retrat\u00f3 bajo una luz &#8220;altamente perjudicial&#8221;.<\/p>\n<blockquote><p>Es un abuso de la discreci\u00f3n judicial permitir acusaciones no probadas de nada m\u00e1s que mal comportamiento que destruye el car\u00e1cter de un acusado, pero no arroja luz sobre su credibilidad en relaci\u00f3n con los cargos penales&#8221;, escribi\u00f3 la juez Jenny Rivera en representaci\u00f3n de la mayor\u00eda.<\/p><\/blockquote>\n<blockquote><p>El remedio para estos errores atroces es un nuevo juicio&#8221;, dijo el tribunal.<\/p><\/blockquote>\n<p>Weinstein ha estado cumpliendo una condena de 23 a\u00f1os de prisi\u00f3n por la condena. En 2023 fue condenado por separado en California a 16 a\u00f1os de prisi\u00f3n por la violaci\u00f3n en 2013 de una actriz en Los \u00c1ngeles.<\/p>\n<p>Ahora corresponder\u00e1 al fiscal del distrito de Manhattan, Alvin Bragg, cuyo predecesor Cyrus Vance llev\u00f3 el caso, decidir si vuelve a juzgar a Weinstein.<\/p>\n<p>Un portavoz de Bragg no respondi\u00f3 inmediatamente a las solicitudes de comentarios. El abogado de Weinstein no respondi\u00f3 de inmediato a una solicitud similar.<\/p>\n<p>El veredicto original fue considerado un hito para #MeToo, en el que las mujeres han acusado a cientos de hombres del mundo del entretenimiento, los medios de comunicaci\u00f3n, la pol\u00edtica y otros campos, de conducta sexual inapropiada.<\/p>\n<blockquote><p>La decisi\u00f3n de hoy es un gran paso atr\u00e1s para responsabilizar a quienes cometen actos de violencia sexual&#8221;, dijo Douglas Wigdor, un abogado que represent\u00f3 a ocho de las acusadoras de Weinstein. &#8220;Obligar\u00e1 a las v\u00edctimas a soportar otro juicio m\u00e1s&#8221;.<\/p><\/blockquote>\n<p>Weinstein fue cofundador del estudio cinematogr\u00e1fico Miramax, entre cuyos grandes \u00e9xitos figuran Shakespeare Enamorado (Shakespeare in Love) y Tiempos Violentos (Pulp Fiction). Su propio estudio de cine hom\u00f3nimo se declar\u00f3 en bancarrota en marzo de 2018.<\/p>\n","protected":false},"excerpt":{"rendered":"<p>Fiscales cometen error de presentar testimonios de mujeres que se dijeron agredidas, pero que no eran parte del caso<\/p>\n","protected":false},"author":1,"featured_media":4281,"comment_status":"closed","ping_status":"closed","sticky":false,"template":"","format":"standard","meta":{"_crdt_document":"","_jetpack_memberships_contains_paid_content":false,"footnotes":"","jetpack_publicize_message":"","jetpack_publicize_feature_enabled":true,"jetpack_social_post_already_shared":true,"jetpack_social_options":{"image_generator_settings":{"template":"highway","default_image_id":0,"font":"","enabled":false},"version":2},"_wpas_customize_per_network":false},"categories":[34],"tags":[],"class_list":["post-4280","post","type-post","status-publish","format-standard","has-post-thumbnail","hentry","category-farandula"],"magazineBlocksPostFeaturedMedia":{"thumbnail":"https:\/\/pornuestrolaredo.com\/wp-content\/uploads\/2024\/04\/107FM-20240425-2-150x150.jpg","medium":"https:\/\/pornuestrolaredo.com\/wp-content\/uploads\/2024\/04\/107FM-20240425-2-300x178.jpg","medium_large":"https:\/\/pornuestrolaredo.com\/wp-content\/uploads\/2024\/04\/107FM-20240425-2-768x455.jpg","large":"https:\/\/pornuestrolaredo.com\/wp-content\/uploads\/2024\/04\/107FM-20240425-2.jpg","1536x1536":"https:\/\/pornuestrolaredo.com\/wp-content\/uploads\/2024\/04\/107FM-20240425-2.jpg","2048x2048":"https:\/\/pornuestrolaredo.com\/wp-content\/uploads\/2024\/04\/107FM-20240425-2.jpg","morenews-large":"https:\/\/pornuestrolaredo.com\/wp-content\/uploads\/2024\/04\/107FM-20240425-2.jpg","morenews-medium":"https:\/\/pornuestrolaredo.com\/wp-content\/uploads\/2024\/04\/107FM-20240425-2.jpg"},"magazineBlocksPostAuthor":{"name":"Redactor","avatar":"https:\/\/pornuestrolaredo.com\/wp-content\/litespeed\/avatar\/dca1d7ec750c399f025f23b0b314f4cf.jpg?ver=1777612120"},"magazineBlocksPostCommentsNumber":false,"magazineBlocksPostExcerpt":"Fiscales cometen error de presentar testimonios de mujeres que se dijeron agredidas, pero que no eran parte del caso","magazineBlocksPostCategories":["Far\u00e1ndula"],"magazineBlocksPostViewCount":129,"magazineBlocksPostReadTime":2,"magazine_blocks_featured_image_url":{"full":["https:\/\/pornuestrolaredo.com\/wp-content\/uploads\/2024\/04\/107FM-20240425-2.jpg",960,569,false],"medium":["https:\/\/pornuestrolaredo.com\/wp-content\/uploads\/2024\/04\/107FM-20240425-2-300x178.jpg",300,178,true],"thumbnail":["https:\/\/pornuestrolaredo.com\/wp-content\/uploads\/2024\/04\/107FM-20240425-2-150x150.jpg",150,150,true]},"magazine_blocks_author":{"display_name":"Redactor","author_link":"https:\/\/pornuestrolaredo.com\/?author=1"},"magazine_blocks_comment":0,"magazine_blocks_author_image":"https:\/\/pornuestrolaredo.com\/wp-content\/litespeed\/avatar\/dca1d7ec750c399f025f23b0b314f4cf.jpg?ver=1777612120","magazine_blocks_category":"<a href=\"#\" class=\"category-link category-link-34\">Far\u00e1ndula<\/a>","jetpack_publicize_connections":[],"featured_image_urls":{"full":["https:\/\/pornuestrolaredo.com\/wp-content\/uploads\/2024\/04\/107FM-20240425-2.jpg",960,569,false],"thumbnail":["https:\/\/pornuestrolaredo.com\/wp-content\/uploads\/2024\/04\/107FM-20240425-2-150x150.jpg",150,150,true],"medium":["https:\/\/pornuestrolaredo.com\/wp-content\/uploads\/2024\/04\/107FM-20240425-2-300x178.jpg",300,178,true],"medium_large":["https:\/\/pornuestrolaredo.com\/wp-content\/uploads\/2024\/04\/107FM-20240425-2-768x455.jpg",640,379,true],"large":["https:\/\/pornuestrolaredo.com\/wp-content\/uploads\/2024\/04\/107FM-20240425-2.jpg",640,379,false],"1536x1536":["https:\/\/pornuestrolaredo.com\/wp-content\/uploads\/2024\/04\/107FM-20240425-2.jpg",960,569,false],"2048x2048":["https:\/\/pornuestrolaredo.com\/wp-content\/uploads\/2024\/04\/107FM-20240425-2.jpg",960,569,false],"morenews-large":["https:\/\/pornuestrolaredo.com\/wp-content\/uploads\/2024\/04\/107FM-20240425-2.jpg",825,489,false],"morenews-medium":["https:\/\/pornuestrolaredo.com\/wp-content\/uploads\/2024\/04\/107FM-20240425-2.jpg",590,350,false]},"author_info":{"info":["Redactor"]},"category_info":"<a href=\"https:\/\/pornuestrolaredo.com\/?cat=34\" rel=\"category\">Far\u00e1ndula<\/a>","tag_info":"Far\u00e1ndula","comment_count":"0","jetpack_featured_media_url":"https:\/\/pornuestrolaredo.com\/wp-content\/uploads\/2024\/04\/107FM-20240425-2.jpg","jetpack_sharing_enabled":true,"_links":{"self":[{"href":"https:\/\/pornuestrolaredo.com\/index.php?rest_route=\/wp\/v2\/posts\/4280","targetHints":{"allow":["GET"]}}],"collection":[{"href":"https:\/\/pornuestrolaredo.com\/index.php?rest_route=\/wp\/v2\/posts"}],"about":[{"href":"https:\/\/pornuestrolaredo.com\/index.php?rest_route=\/wp\/v2\/types\/post"}],"author":[{"embeddable":true,"href":"https:\/\/pornuestrolaredo.com\/index.php?rest_route=\/wp\/v2\/users\/1"}],"replies":[{"embeddable":true,"href":"https:\/\/pornuestrolaredo.com\/index.php?rest_route=%2Fwp%2Fv2%2Fcomments&post=4280"}],"version-history":[{"count":1,"href":"https:\/\/pornuestrolaredo.com\/index.php?rest_route=\/wp\/v2\/posts\/4280\/revisions"}],"predecessor-version":[{"id":4282,"href":"https:\/\/pornuestrolaredo.com\/index.php?rest_route=\/wp\/v2\/posts\/4280\/revisions\/4282"}],"wp:featuredmedia":[{"embeddable":true,"href":"https:\/\/pornuestrolaredo.com\/index.php?rest_route=\/wp\/v2\/media\/4281"}],"wp:attachment":[{"href":"https:\/\/pornuestrolaredo.com\/index.php?rest_route=%2Fwp%2Fv2%2Fmedia&parent=4280"}],"wp:term":[{"taxonomy":"category","embeddable":true,"href":"https:\/\/pornuestrolaredo.com\/index.php?rest_route=%2Fwp%2Fv2%2Fcategories&post=4280"},{"taxonomy":"post_tag","embeddable":true,"href":"https:\/\/pornuestrolaredo.com\/index.php?rest_route=%2Fwp%2Fv2%2Ftags&post=4280"}],"curies":[{"name":"wp","href":"https:\/\/api.w.org\/{rel}","templated":true}]}}