{"id":4283,"date":"2024-04-26T16:17:06","date_gmt":"2024-04-26T16:17:06","guid":{"rendered":"https:\/\/pornuestrolaredo.com\/?p=4283"},"modified":"2024-04-26T16:17:06","modified_gmt":"2024-04-26T16:17:06","slug":"el-1-de-julio-primer-pago-del-fondo-de-afores","status":"publish","type":"post","link":"https:\/\/pornuestrolaredo.com\/?p=4283","title":{"rendered":"El 1 de julio, primer pago del fondo de afores"},"content":{"rendered":"<p><strong><em>CIUDAD DE M\u00c9XICO.-<<\/em>\/strong> El Fondo de Pensiones para el Bienestar ya es una realidad luego de que fue aprobado por el Senado, con lo que los recursos no reclamados de las Afores pasar\u00e1n a ser parte y hoy el presidente Andr\u00e9s Manuel L\u00f3pez Obrador revel\u00f3 cu\u00e1ndo se empezar\u00e1n a realizar los pagos de compensaciones. <\/p>\n<p>Durante su ma\u00f1anera de hoy 26 de abril de 2024, el mandatario explic\u00f3 que una vez aprobada su reforma a las pensiones que contempla la creaci\u00f3n de este fondo el siguiente paso es publicar la ley en el Diario Oficial de la Federaci\u00f3n (DOF) para su entrada en vigor.<\/p>\n<blockquote><p>Se est\u00e1 trabajando en estos d\u00edas, primero se tiene que publicar la ley, luego establecer los reglamentos, el acuerdo. Vamos a tratar este asunto el primero de mayo\u201d, coment\u00f3.<\/p><\/blockquote>\n<p>Detall\u00f3 que una vez aprobada la reforma, ahora tienen que definir los procedimientos, crear el fideicomiso que va a operar el Banco de M\u00e9xico (Banxico), verla para que una vez que ya tengan todo ello puedan pagarse las compensaciones a los trabajadores. El presidente L\u00f3pez Obrador previ\u00f3 que ser\u00e1 el pr\u00f3ximo 1 de julio cuando arrancar\u00e1n con el pago de la primera compensaci\u00f3n con la puesta en marcha del Fondo de Pensiones para el Bienestar.<\/p>\n<blockquote><p>Se publica y se definen los procedimientos, se va a crear el fideicomiso, se va a financiar para que tenga recursos y que ya para el d\u00eda primero de julio se pueda entregar la primera compensaci\u00f3n al primer trabajador y a partir de ah\u00ed, ya hacia adelante\u201d, coment\u00f3.<\/p><\/blockquote>\n","protected":false},"excerpt":{"rendered":"<p>Ya fue aprobado por el Senado y s\u00f3lo falta la publicaci\u00f3n de la ley en el Diario Oficial de la Federaci\u00f3n<\/p>\n","protected":false},"author":1,"featured_media":4284,"comment_status":"closed","ping_status":"closed","sticky":false,"template":"","format":"standard","meta":{"_crdt_document":"","_jetpack_memberships_contains_paid_content":false,"footnotes":"","jetpack_publicize_message":"","jetpack_publicize_feature_enabled":true,"jetpack_social_post_already_shared":true,"jetpack_social_options":{"image_generator_settings":{"template":"highway","default_image_id":0,"font":"","enabled":false},"version":2},"_wpas_customize_per_network":false},"categories":[33],"tags":[],"class_list":["post-4283","post","type-post","status-publish","format-standard","has-post-thumbnail","hentry","category-mexico"],"magazineBlocksPostFeaturedMedia":{"thumbnail":"https:\/\/pornuestrolaredo.com\/wp-content\/uploads\/2024\/04\/Stereo91-20240426-1-150x150.jpg","medium":"https:\/\/pornuestrolaredo.com\/wp-content\/uploads\/2024\/04\/Stereo91-20240426-1-300x200.jpg","medium_large":"https:\/\/pornuestrolaredo.com\/wp-content\/uploads\/2024\/04\/Stereo91-20240426-1-768x511.jpg","large":"https:\/\/pornuestrolaredo.com\/wp-content\/uploads\/2024\/04\/Stereo91-20240426-1.jpg","1536x1536":"https:\/\/pornuestrolaredo.com\/wp-content\/uploads\/2024\/04\/Stereo91-20240426-1.jpg","2048x2048":"https:\/\/pornuestrolaredo.com\/wp-content\/uploads\/2024\/04\/Stereo91-20240426-1.jpg","morenews-large":"https:\/\/pornuestrolaredo.com\/wp-content\/uploads\/2024\/04\/Stereo91-20240426-1.jpg","morenews-medium":"https:\/\/pornuestrolaredo.com\/wp-content\/uploads\/2024\/04\/Stereo91-20240426-1.jpg"},"magazineBlocksPostAuthor":{"name":"Redactor","avatar":"https:\/\/pornuestrolaredo.com\/wp-content\/litespeed\/avatar\/dca1d7ec750c399f025f23b0b314f4cf.jpg?ver=1777612120"},"magazineBlocksPostCommentsNumber":false,"magazineBlocksPostExcerpt":"Ya fue aprobado por el Senado y s\u00f3lo falta la publicaci\u00f3n de la ley en el Diario Oficial de la Federaci\u00f3n","magazineBlocksPostCategories":["Mexico"],"magazineBlocksPostViewCount":134,"magazineBlocksPostReadTime":2,"magazine_blocks_featured_image_url":{"full":["https:\/\/pornuestrolaredo.com\/wp-content\/uploads\/2024\/04\/Stereo91-20240426-1.jpg",850,566,false],"medium":["https:\/\/pornuestrolaredo.com\/wp-content\/uploads\/2024\/04\/Stereo91-20240426-1-300x200.jpg",300,200,true],"thumbnail":["https:\/\/pornuestrolaredo.com\/wp-content\/uploads\/2024\/04\/Stereo91-20240426-1-150x150.jpg",150,150,true]},"magazine_blocks_author":{"display_name":"Redactor","author_link":"https:\/\/pornuestrolaredo.com\/?author=1"},"magazine_blocks_comment":0,"magazine_blocks_author_image":"https:\/\/pornuestrolaredo.com\/wp-content\/litespeed\/avatar\/dca1d7ec750c399f025f23b0b314f4cf.jpg?ver=1777612120","magazine_blocks_category":"<a href=\"#\" class=\"category-link category-link-33\">Mexico<\/a>","jetpack_publicize_connections":[],"featured_image_urls":{"full":["https:\/\/pornuestrolaredo.com\/wp-content\/uploads\/2024\/04\/Stereo91-20240426-1.jpg",850,566,false],"thumbnail":["https:\/\/pornuestrolaredo.com\/wp-content\/uploads\/2024\/04\/Stereo91-20240426-1-150x150.jpg",150,150,true],"medium":["https:\/\/pornuestrolaredo.com\/wp-content\/uploads\/2024\/04\/Stereo91-20240426-1-300x200.jpg",300,200,true],"medium_large":["https:\/\/pornuestrolaredo.com\/wp-content\/uploads\/2024\/04\/Stereo91-20240426-1-768x511.jpg",640,426,true],"large":["https:\/\/pornuestrolaredo.com\/wp-content\/uploads\/2024\/04\/Stereo91-20240426-1.jpg",640,426,false],"1536x1536":["https:\/\/pornuestrolaredo.com\/wp-content\/uploads\/2024\/04\/Stereo91-20240426-1.jpg",850,566,false],"2048x2048":["https:\/\/pornuestrolaredo.com\/wp-content\/uploads\/2024\/04\/Stereo91-20240426-1.jpg",850,566,false],"morenews-large":["https:\/\/pornuestrolaredo.com\/wp-content\/uploads\/2024\/04\/Stereo91-20240426-1.jpg",825,549,false],"morenews-medium":["https:\/\/pornuestrolaredo.com\/wp-content\/uploads\/2024\/04\/Stereo91-20240426-1.jpg",590,393,false]},"author_info":{"info":["Redactor"]},"category_info":"<a href=\"https:\/\/pornuestrolaredo.com\/?cat=33\" rel=\"category\">Mexico<\/a>","tag_info":"Mexico","comment_count":"0","jetpack_featured_media_url":"https:\/\/pornuestrolaredo.com\/wp-content\/uploads\/2024\/04\/Stereo91-20240426-1.jpg","jetpack_sharing_enabled":true,"_links":{"self":[{"href":"https:\/\/pornuestrolaredo.com\/index.php?rest_route=\/wp\/v2\/posts\/4283","targetHints":{"allow":["GET"]}}],"collection":[{"href":"https:\/\/pornuestrolaredo.com\/index.php?rest_route=\/wp\/v2\/posts"}],"about":[{"href":"https:\/\/pornuestrolaredo.com\/index.php?rest_route=\/wp\/v2\/types\/post"}],"author":[{"embeddable":true,"href":"https:\/\/pornuestrolaredo.com\/index.php?rest_route=\/wp\/v2\/users\/1"}],"replies":[{"embeddable":true,"href":"https:\/\/pornuestrolaredo.com\/index.php?rest_route=%2Fwp%2Fv2%2Fcomments&post=4283"}],"version-history":[{"count":1,"href":"https:\/\/pornuestrolaredo.com\/index.php?rest_route=\/wp\/v2\/posts\/4283\/revisions"}],"predecessor-version":[{"id":4285,"href":"https:\/\/pornuestrolaredo.com\/index.php?rest_route=\/wp\/v2\/posts\/4283\/revisions\/4285"}],"wp:featuredmedia":[{"embeddable":true,"href":"https:\/\/pornuestrolaredo.com\/index.php?rest_route=\/wp\/v2\/media\/4284"}],"wp:attachment":[{"href":"https:\/\/pornuestrolaredo.com\/index.php?rest_route=%2Fwp%2Fv2%2Fmedia&parent=4283"}],"wp:term":[{"taxonomy":"category","embeddable":true,"href":"https:\/\/pornuestrolaredo.com\/index.php?rest_route=%2Fwp%2Fv2%2Fcategories&post=4283"},{"taxonomy":"post_tag","embeddable":true,"href":"https:\/\/pornuestrolaredo.com\/index.php?rest_route=%2Fwp%2Fv2%2Ftags&post=4283"}],"curies":[{"name":"wp","href":"https:\/\/api.w.org\/{rel}","templated":true}]}}