{"id":430,"date":"2022-10-02T06:20:45","date_gmt":"2022-10-02T06:20:45","guid":{"rendered":"https:\/\/pornuestrolaredo.com\/?p=430"},"modified":"2022-10-04T22:24:21","modified_gmt":"2022-10-04T22:24:21","slug":"huracan-orlene-se-fortalece-a-categoria-2","status":"publish","type":"post","link":"https:\/\/pornuestrolaredo.com\/?p=430","title":{"rendered":"Hurac\u00e1n \u2018Orlene\u2019 se fortalece a categor\u00eda 2"},"content":{"rendered":"\n<p class=\"wp-block-paragraph\"><strong><em>CIUDAD DE M\u00c9XICO.-<\/em><\/strong> El hurac\u00e1n &#8220;Orlene&#8221; alcanz\u00f3 la categor\u00eda 2 durante esta tarde del viernes en su recorrido por las costas de Jalisco, Colima, Sinaloa y Nayarit en el Oc\u00e9ano Pac\u00edfico, alert\u00f3 la Comisi\u00f3n Nacional del Agua (Conagua).<\/p>\n\n\n\n<p class=\"wp-block-paragraph\">A las 7:00 de la tarde se ubic\u00f3 a &#8220;Orlene&#8221; a 285 kil\u00f3metros (km) al sur-suroeste de Cabo Corrientes, Jalisco, y a 375 km al sur de las Islas Mar\u00edas, Nayarit y avanzaba a una velocidad de 9 km\/h. El radio del ojo del hurac\u00e1n es de 28 kil\u00f3metros.<\/p>\n\n\n\n<p class=\"wp-block-paragraph\">Debido a las fuertes rachas de viento, alto oleaje y precipitaciones intensas, la Coordinaci\u00f3n de Protecci\u00f3n Civil Nacional (CNPC) inform\u00f3 el cierre de puertos en las costas afectadas indicado por la Secretar\u00eda de Marina (Semar).<\/p>\n\n\n\n<p class=\"wp-block-paragraph\">Las embarcaciones menores no podr\u00e1n navegar en San Blas, Nuevo Vallarta, La Cruz de Huanacaxtle, Chacala, en Nayarit, tampoco en costas de Puerto Vallarta y Barra de Navidad, en Jalisco, ni en Manzanillo, Colima.<\/p>\n\n\n\n<p class=\"wp-block-paragraph\">En Puerto Vallarta tambi\u00e9n se cerrar\u00e1 el puerto para embarcaciones mayores.<\/p>\n\n\n\n<p class=\"wp-block-paragraph\">En Sinaloa se mantiene activa la alerta amarilla, que significa riesgo moderado por el paso de &#8220;Orlene&#8221;, mientras que Jalisco elementos de Protecci\u00f3n Civil realizan recorridos preventivos en las zonas que se ver\u00edan afectadas.<\/p>\n\n\n\n<p class=\"wp-block-paragraph\">Nayarit coloc\u00f3 banderas rojas en sus costas para indicar que las actividades acu\u00e1ticas quedan suspendidas, asimismo exhort\u00f3 a la poblaci\u00f3n a evitar cruzar cuerpos de agua que pudieran arrastrarlos.<\/p>\n\n\n\n<p class=\"has-text-align-center wp-block-paragraph\"><strong>EFECTOS DE &#8220;ORLENE&#8221;<\/strong><\/p>\n\n\n\n<p class=\"wp-block-paragraph\">El pron\u00f3stico emitido por la Conagua detall\u00f3 que se esperan lluvias muy intensas en zonas de Jalisco y Colima, muy fuertes en Sinaloa, Nayarit, Michoac\u00e1n y Guerrero, as\u00ed como fuertes en Durango.<\/p>\n\n\n\n<p class=\"wp-block-paragraph\">Se pronostica viento con rachas de 60 a 70 km\/h y oleaje de 2 a 4 metros de altura en costas de Jalisco y Nayarit, y rachas de viento de 40 a 50 km\/h con oleaje de 1 a 2 metros de altura en costas de Colima y al sur de Sinaloa (sur). <\/p>\n\n\n\n<blockquote class=\"wp-block-quote is-layout-flow wp-block-quote-is-layout-flow\"><p>Se recomienda extremar precauciones a la poblaci\u00f3n en general en las zonas de los estados mencionados por lluvias, viento y oleaje (incluyendo la navegaci\u00f3n mar\u00edtima) y atender las recomendaciones emitidas por las autoridades del Sistema Nacional de Protecci\u00f3n Civil, en cada entidad\u201d, explic\u00f3 la Conagua.<\/p><\/blockquote>\n","protected":false},"excerpt":{"rendered":"<p>CIUDAD DE M\u00c9XICO.- El hurac\u00e1n &#8220;Orlene&#8221; alcanz\u00f3 la categor\u00eda 2 durante esta tarde del viernes en su recorrido<\/p>\n","protected":false},"author":1,"featured_media":431,"comment_status":"closed","ping_status":"closed","sticky":false,"template":"","format":"standard","meta":{"_crdt_document":"","_jetpack_memberships_contains_paid_content":false,"footnotes":"","jetpack_publicize_message":"Se prev\u00e9 que afecte a las costas de Jalisco, Colima, Sinaloa y Nayarit en el Oc\u00e9ano Pac\u00edfico","jetpack_publicize_feature_enabled":true,"jetpack_social_post_already_shared":true,"jetpack_social_options":{"image_generator_settings":{"template":"highway","default_image_id":0,"font":"","enabled":false},"version":2},"_wpas_customize_per_network":false},"categories":[9],"tags":[],"class_list":["post-430","post","type-post","status-publish","format-standard","has-post-thumbnail","hentry","category-el-mundo"],"magazineBlocksPostFeaturedMedia":{"thumbnail":"https:\/\/pornuestrolaredo.com\/wp-content\/uploads\/2022\/10\/Stereo91-20221001-3-150x150.jpeg","medium":"https:\/\/pornuestrolaredo.com\/wp-content\/uploads\/2022\/10\/Stereo91-20221001-3-300x163.jpeg","medium_large":"https:\/\/pornuestrolaredo.com\/wp-content\/uploads\/2022\/10\/Stereo91-20221001-3-768x417.jpeg","large":"https:\/\/pornuestrolaredo.com\/wp-content\/uploads\/2022\/10\/Stereo91-20221001-3.jpeg","1536x1536":"https:\/\/pornuestrolaredo.com\/wp-content\/uploads\/2022\/10\/Stereo91-20221001-3.jpeg","2048x2048":"https:\/\/pornuestrolaredo.com\/wp-content\/uploads\/2022\/10\/Stereo91-20221001-3.jpeg","morenews-large":"https:\/\/pornuestrolaredo.com\/wp-content\/uploads\/2022\/10\/Stereo91-20221001-3.jpeg","morenews-medium":"https:\/\/pornuestrolaredo.com\/wp-content\/uploads\/2022\/10\/Stereo91-20221001-3.jpeg"},"magazineBlocksPostAuthor":{"name":"Redactor","avatar":"https:\/\/pornuestrolaredo.com\/wp-content\/litespeed\/avatar\/dca1d7ec750c399f025f23b0b314f4cf.jpg?ver=1777007253"},"magazineBlocksPostCommentsNumber":false,"magazineBlocksPostExcerpt":"CIUDAD DE M\u00c9XICO.- El hurac\u00e1n &#8220;Orlene&#8221; alcanz\u00f3 la categor\u00eda 2 durante esta tarde del viernes en su recorrido","magazineBlocksPostCategories":["El Mundo"],"magazineBlocksPostViewCount":137,"magazineBlocksPostReadTime":2,"magazine_blocks_featured_image_url":{"full":["https:\/\/pornuestrolaredo.com\/wp-content\/uploads\/2022\/10\/Stereo91-20221001-3.jpeg",825,448,false],"medium":["https:\/\/pornuestrolaredo.com\/wp-content\/uploads\/2022\/10\/Stereo91-20221001-3-300x163.jpeg",300,163,true],"thumbnail":["https:\/\/pornuestrolaredo.com\/wp-content\/uploads\/2022\/10\/Stereo91-20221001-3-150x150.jpeg",150,150,true]},"magazine_blocks_author":{"display_name":"Redactor","author_link":"https:\/\/pornuestrolaredo.com\/?author=1"},"magazine_blocks_comment":0,"magazine_blocks_author_image":"https:\/\/pornuestrolaredo.com\/wp-content\/litespeed\/avatar\/dca1d7ec750c399f025f23b0b314f4cf.jpg?ver=1777007253","magazine_blocks_category":"<a href=\"#\" class=\"category-link category-link-9\">El Mundo<\/a>","jetpack_publicize_connections":[],"featured_image_urls":{"full":["https:\/\/pornuestrolaredo.com\/wp-content\/uploads\/2022\/10\/Stereo91-20221001-3.jpeg",825,448,false],"thumbnail":["https:\/\/pornuestrolaredo.com\/wp-content\/uploads\/2022\/10\/Stereo91-20221001-3-150x150.jpeg",150,150,true],"medium":["https:\/\/pornuestrolaredo.com\/wp-content\/uploads\/2022\/10\/Stereo91-20221001-3-300x163.jpeg",300,163,true],"medium_large":["https:\/\/pornuestrolaredo.com\/wp-content\/uploads\/2022\/10\/Stereo91-20221001-3-768x417.jpeg",640,348,true],"large":["https:\/\/pornuestrolaredo.com\/wp-content\/uploads\/2022\/10\/Stereo91-20221001-3.jpeg",640,348,false],"1536x1536":["https:\/\/pornuestrolaredo.com\/wp-content\/uploads\/2022\/10\/Stereo91-20221001-3.jpeg",825,448,false],"2048x2048":["https:\/\/pornuestrolaredo.com\/wp-content\/uploads\/2022\/10\/Stereo91-20221001-3.jpeg",825,448,false],"morenews-large":["https:\/\/pornuestrolaredo.com\/wp-content\/uploads\/2022\/10\/Stereo91-20221001-3.jpeg",825,448,false],"morenews-medium":["https:\/\/pornuestrolaredo.com\/wp-content\/uploads\/2022\/10\/Stereo91-20221001-3.jpeg",590,320,false]},"author_info":{"info":["Redactor"]},"category_info":"<a href=\"https:\/\/pornuestrolaredo.com\/?cat=9\" rel=\"category\">El Mundo<\/a>","tag_info":"El Mundo","comment_count":"0","jetpack_featured_media_url":"https:\/\/pornuestrolaredo.com\/wp-content\/uploads\/2022\/10\/Stereo91-20221001-3.jpeg","jetpack_sharing_enabled":true,"_links":{"self":[{"href":"https:\/\/pornuestrolaredo.com\/index.php?rest_route=\/wp\/v2\/posts\/430","targetHints":{"allow":["GET"]}}],"collection":[{"href":"https:\/\/pornuestrolaredo.com\/index.php?rest_route=\/wp\/v2\/posts"}],"about":[{"href":"https:\/\/pornuestrolaredo.com\/index.php?rest_route=\/wp\/v2\/types\/post"}],"author":[{"embeddable":true,"href":"https:\/\/pornuestrolaredo.com\/index.php?rest_route=\/wp\/v2\/users\/1"}],"replies":[{"embeddable":true,"href":"https:\/\/pornuestrolaredo.com\/index.php?rest_route=%2Fwp%2Fv2%2Fcomments&post=430"}],"version-history":[{"count":2,"href":"https:\/\/pornuestrolaredo.com\/index.php?rest_route=\/wp\/v2\/posts\/430\/revisions"}],"predecessor-version":[{"id":479,"href":"https:\/\/pornuestrolaredo.com\/index.php?rest_route=\/wp\/v2\/posts\/430\/revisions\/479"}],"wp:featuredmedia":[{"embeddable":true,"href":"https:\/\/pornuestrolaredo.com\/index.php?rest_route=\/wp\/v2\/media\/431"}],"wp:attachment":[{"href":"https:\/\/pornuestrolaredo.com\/index.php?rest_route=%2Fwp%2Fv2%2Fmedia&parent=430"}],"wp:term":[{"taxonomy":"category","embeddable":true,"href":"https:\/\/pornuestrolaredo.com\/index.php?rest_route=%2Fwp%2Fv2%2Fcategories&post=430"},{"taxonomy":"post_tag","embeddable":true,"href":"https:\/\/pornuestrolaredo.com\/index.php?rest_route=%2Fwp%2Fv2%2Ftags&post=430"}],"curies":[{"name":"wp","href":"https:\/\/api.w.org\/{rel}","templated":true}]}}