{"id":4322,"date":"2024-05-03T18:50:43","date_gmt":"2024-05-03T18:50:43","guid":{"rendered":"https:\/\/pornuestrolaredo.com\/?p=4322"},"modified":"2024-05-03T18:50:43","modified_gmt":"2024-05-03T18:50:43","slug":"amigos-imaginarios-pelicula-inspirada-por-dos-ninas","status":"publish","type":"post","link":"https:\/\/pornuestrolaredo.com\/?p=4322","title":{"rendered":"\u2018Amigos imaginarios\u2019, pel\u00edcula inspirada por dos ni\u00f1as"},"content":{"rendered":"<p><strong><em>LOS \u00c1NGELES.-<\/em><\/strong> John Krasinski no suele preocuparse por las cr\u00edticas. Pero le aterrorizaba la reacci\u00f3n a su nueva pel\u00edcula \u201cIF\u201d (\u201cAmigos imaginarios\u201d) de dos personas: sus hijas de 7 y 10 a\u00f1os.<\/p>\n<blockquote><p>Nunca he estado m\u00e1s preocupado por dos cr\u00edticas en mi vida\u201d, dijo Krasinski a The Associated Press en una entrevista reciente. \u201cEstoy realmente aterrorizado. Espero que salga bien\u201d.<\/p><\/blockquote>\n<p>\u201cIF\u201d, sobre una joven (Cailey Fleming) y su vecino (Ryan Reynolds) que pueden ver a los amigos imaginarios de todos, incluidos los que se han quedado atr\u00e1s, es uno de los principales estrenos de estudio de esta temporada veraniega (boreal) debuta el 15 de mayo en M\u00e9xico y el 17 en Estados Unidos. En un panorama lleno de marcas y franquicias, es la rara idea original que cuenta con el respaldo de un gran estudio, Paramount, y una escala y alcance ambiciosos. Fue filmada en gran parte en Nueva York por el director de fotograf\u00eda ganador del Oscar Janusz Kaminski y combina acci\u00f3n en vivo y animaci\u00f3n con un ej\u00e9rcito de voces famosas en el elenco en ingl\u00e9s que incluyen a Steve Carell, Phoebe Waller-Bridge, Matt Damon, Jon Stewart, Maya Rudolph y el difunto Louis Gossett Jr.<\/p>\n<p>La idea de hacer una pel\u00edcula sobre amigos imaginarios comenz\u00f3 y evolucion\u00f3 con sus hijas, producto de su relaci\u00f3n con la actriz Emily Blunt (quien tambi\u00e9n presta su voz para un personaje). Al principio, sonaba como una idea divertida y familiar.<\/p>\n<p>\u201cMis hijas son extremadamente imaginativas\u201d, dijo Krasinski. \u201cSiempre sol\u00eda decirle a Emily: \u2018Me encantar\u00eda que pudi\u00e9ramos ir a donde sea que vayan, s\u00f3lo por un rato\u2019\u201d.<\/p>\n<p>Paramount estuvo de acuerdo y en octubre de 2019 firm\u00f3 para ayudar a hacer y distribuir la pel\u00edcula, con Maximum Effort de Krasinski y Reynolds. Luego lleg\u00f3 la pandemia y, como tantos padres de ni\u00f1os peque\u00f1os, el director vio c\u00f3mo los mundos de sus hijas cambiaban dr\u00e1sticamente.<\/p>\n<blockquote><p>Empezaron a hacer preguntas como: \u2018\u00bfVamos a estar bien?\u2019 y \u2018\u00bfQu\u00e9 est\u00e1 pasando?\u2019. Me entr\u00f3 mucho p\u00e1nico. S\u00f3lo dije, de ninguna manera, tenemos que hacer algo al respecto\u201d, dijo. \u201cFue entonces cuando me di cuenta de que ten\u00eda que hacer esta pel\u00edcula sobre algo un poco m\u00e1s, un poco m\u00e1s profundo que s\u00f3lo amigos imaginarios\u201d.<\/p><\/blockquote>\n<p>Cuando comenz\u00f3 a investigar la psicolog\u00eda detr\u00e1s de los amigos imaginarios, comenz\u00f3 a comprender que no se trataba de creaciones caprichosas. De hecho, eran mecanismos para \u201cmetabolizar\u201d la vida diaria, ya sea que se trate de acosadores en la escuela, un divorcio en casa, una proyecci\u00f3n de sue\u00f1os y ambiciones, o cualquier n\u00famero de factores estresantes que se abren camino en las mentes de los peque\u00f1os. Ahora lo entend\u00eda como un lugar sagrado.<\/p>\n<blockquote><p>Una vez que me di cuenta de que est\u00e1bamos lidiando con algo de alto nivel, algunas cosas altamente imaginarias e inflamables, pens\u00e9, esto es muy, muy emocionante\u201d, dijo. \u201cSab\u00eda que est\u00e1bamos ante algo especial, y s\u00f3lo quer\u00eda tom\u00e1rmelo lo m\u00e1s en serio posible\u201d.<\/p><\/blockquote>\n<p><strong>DIRIGIR CON IMAGINACI\u00d3N<\/strong><\/p>\n<p>Para interpretar a la joven Bea, Krasinski eligi\u00f3 a Cailey Fleming, de 15 a\u00f1os (ahora tiene 17), una actriz que los fan\u00e1ticos de \u201cThe Walking Dead\u201d conocer\u00e1n como Judith Grimes. Acababa de terminar la temporada 11 del programa y se estaba preparando para tomarse un descanso y volver al bachillerato cuando recibi\u00f3 la llamada de que Krasinski quer\u00eda que hiciera una audici\u00f3n.<\/p>\n<blockquote><p>Nunca he tenido un papel protag\u00f3nico en una pel\u00edcula\u201d, dijo Fleming. \u201cEstaba muy nerviosa. Pero no podr\u00eda haber pedido un mejor elenco o equipo\u201d.<\/p><\/blockquote>\n<p>En un set en el que la mayor\u00eda de los personajes se agregar\u00edan en la postproducci\u00f3n, Krasinski se esforz\u00f3 por asegurarse de que no s\u00f3lo actuaran con pelotas de tenis como suplentes. A veces ten\u00eda t\u00edteres, o un cuadro, o incluso un amigo para ser el personaje de Carell, Blue. Otras veces lo hac\u00eda \u00e9l mismo (adem\u00e1s de dirigir e interpretar al padre de Bea).<\/p>\n<blockquote><p>Cailey est\u00e1 al nivel de Meryl Streep. Podr\u00eda haber actuado con un hot dog en un palo\u201d, dijo Krasinski. \u201cHe estado all\u00ed, he actuado con la pelota de tenis. S\u00f3lo intentas crear un mundo en el que todos se sientan no s\u00f3lo seguros y emocionados, sino que tambi\u00e9n sientan que su imaginaci\u00f3n toma el control\u201d.<\/p><\/blockquote>\n<blockquote><p>Mi trabajo como director es tratar de hacer que cada d\u00eda se sienta como si estuvieras haciendo una obra de teatro en lugar de una pel\u00edcula, que se sienta \u00edntimo y se sienta \u00fanico\u201d, agreg\u00f3.<\/p><\/blockquote>\n<p>Muchos de los actores de doblaje son personas a las que Krasinski considera amigos. No estaba seguro de c\u00f3mo responder\u00edan a su idea, pero dijo que obtuvo algunos de los \u201cs\u00ed\u201d m\u00e1s r\u00e1pidos de su carrera, ya sea que tuvieran hijos o no.<\/p>\n<p>\u201cSe trata de esta ni\u00f1a, pero los adultos se preguntan cu\u00e1ndo renunciaron a sus amigos imaginarios, imaginaciones y sue\u00f1os\u201d, dijo. \u201cLa belleza de la pel\u00edcula es que te dice que todo lo que tienes que hacer es darte la vuelta y siempre puedes volver\u201d.<\/p>\n<p>Recientemente, un amigo suyo dijo que \u201cIF\u201d le recordaba a \u201cSome Good News\u201d, la popular serie web que Krasinski comenz\u00f3 durante la pandemia. Espera que, al igual que \u201cSome Good News\u201d, \u201cIF\u201d sea algo que pueda traer un poco de alegr\u00eda a la gente.<\/p>\n","protected":false},"excerpt":{"rendered":"<p>Ahora, John Krasinski est\u00e1 aterrado de c\u00f3mo saldr\u00e1 todo y c\u00f3mo es que lo ver\u00e1n sus hijas<\/p>\n","protected":false},"author":1,"featured_media":4323,"comment_status":"closed","ping_status":"closed","sticky":false,"template":"","format":"standard","meta":{"_crdt_document":"","_jetpack_memberships_contains_paid_content":false,"footnotes":"","jetpack_publicize_message":"","jetpack_publicize_feature_enabled":true,"jetpack_social_post_already_shared":true,"jetpack_social_options":{"image_generator_settings":{"template":"highway","default_image_id":0,"font":"","enabled":false},"version":2},"_wpas_customize_per_network":false},"categories":[34],"tags":[],"class_list":["post-4322","post","type-post","status-publish","format-standard","has-post-thumbnail","hentry","category-farandula"],"magazineBlocksPostFeaturedMedia":{"thumbnail":"https:\/\/pornuestrolaredo.com\/wp-content\/uploads\/2024\/05\/107FM-20240430-6-150x150.jpg","medium":"https:\/\/pornuestrolaredo.com\/wp-content\/uploads\/2024\/05\/107FM-20240430-6-300x161.jpg","medium_large":"https:\/\/pornuestrolaredo.com\/wp-content\/uploads\/2024\/05\/107FM-20240430-6-768x412.jpg","large":"https:\/\/pornuestrolaredo.com\/wp-content\/uploads\/2024\/05\/107FM-20240430-6-1000x537.jpg","1536x1536":"https:\/\/pornuestrolaredo.com\/wp-content\/uploads\/2024\/05\/107FM-20240430-6.jpg","2048x2048":"https:\/\/pornuestrolaredo.com\/wp-content\/uploads\/2024\/05\/107FM-20240430-6.jpg","morenews-large":"https:\/\/pornuestrolaredo.com\/wp-content\/uploads\/2024\/05\/107FM-20240430-6.jpg","morenews-medium":"https:\/\/pornuestrolaredo.com\/wp-content\/uploads\/2024\/05\/107FM-20240430-6.jpg"},"magazineBlocksPostAuthor":{"name":"Redactor","avatar":"https:\/\/pornuestrolaredo.com\/wp-content\/litespeed\/avatar\/dca1d7ec750c399f025f23b0b314f4cf.jpg?ver=1777612120"},"magazineBlocksPostCommentsNumber":false,"magazineBlocksPostExcerpt":"Ahora, John Krasinski est\u00e1 aterrado de c\u00f3mo saldr\u00e1 todo y c\u00f3mo es que lo ver\u00e1n sus hijas","magazineBlocksPostCategories":["Far\u00e1ndula"],"magazineBlocksPostViewCount":149,"magazineBlocksPostReadTime":5,"magazine_blocks_featured_image_url":{"full":["https:\/\/pornuestrolaredo.com\/wp-content\/uploads\/2024\/05\/107FM-20240430-6.jpg",1440,773,false],"medium":["https:\/\/pornuestrolaredo.com\/wp-content\/uploads\/2024\/05\/107FM-20240430-6-300x161.jpg",300,161,true],"thumbnail":["https:\/\/pornuestrolaredo.com\/wp-content\/uploads\/2024\/05\/107FM-20240430-6-150x150.jpg",150,150,true]},"magazine_blocks_author":{"display_name":"Redactor","author_link":"https:\/\/pornuestrolaredo.com\/?author=1"},"magazine_blocks_comment":0,"magazine_blocks_author_image":"https:\/\/pornuestrolaredo.com\/wp-content\/litespeed\/avatar\/dca1d7ec750c399f025f23b0b314f4cf.jpg?ver=1777612120","magazine_blocks_category":"<a href=\"#\" class=\"category-link category-link-34\">Far\u00e1ndula<\/a>","jetpack_publicize_connections":[],"featured_image_urls":{"full":["https:\/\/pornuestrolaredo.com\/wp-content\/uploads\/2024\/05\/107FM-20240430-6.jpg",1440,773,false],"thumbnail":["https:\/\/pornuestrolaredo.com\/wp-content\/uploads\/2024\/05\/107FM-20240430-6-150x150.jpg",150,150,true],"medium":["https:\/\/pornuestrolaredo.com\/wp-content\/uploads\/2024\/05\/107FM-20240430-6-300x161.jpg",300,161,true],"medium_large":["https:\/\/pornuestrolaredo.com\/wp-content\/uploads\/2024\/05\/107FM-20240430-6-768x412.jpg",640,343,true],"large":["https:\/\/pornuestrolaredo.com\/wp-content\/uploads\/2024\/05\/107FM-20240430-6-1000x537.jpg",640,344,true],"1536x1536":["https:\/\/pornuestrolaredo.com\/wp-content\/uploads\/2024\/05\/107FM-20240430-6.jpg",1440,773,false],"2048x2048":["https:\/\/pornuestrolaredo.com\/wp-content\/uploads\/2024\/05\/107FM-20240430-6.jpg",1440,773,false],"morenews-large":["https:\/\/pornuestrolaredo.com\/wp-content\/uploads\/2024\/05\/107FM-20240430-6.jpg",825,443,false],"morenews-medium":["https:\/\/pornuestrolaredo.com\/wp-content\/uploads\/2024\/05\/107FM-20240430-6.jpg",590,317,false]},"author_info":{"info":["Redactor"]},"category_info":"<a href=\"https:\/\/pornuestrolaredo.com\/?cat=34\" rel=\"category\">Far\u00e1ndula<\/a>","tag_info":"Far\u00e1ndula","comment_count":"0","jetpack_featured_media_url":"https:\/\/pornuestrolaredo.com\/wp-content\/uploads\/2024\/05\/107FM-20240430-6.jpg","jetpack_sharing_enabled":true,"_links":{"self":[{"href":"https:\/\/pornuestrolaredo.com\/index.php?rest_route=\/wp\/v2\/posts\/4322","targetHints":{"allow":["GET"]}}],"collection":[{"href":"https:\/\/pornuestrolaredo.com\/index.php?rest_route=\/wp\/v2\/posts"}],"about":[{"href":"https:\/\/pornuestrolaredo.com\/index.php?rest_route=\/wp\/v2\/types\/post"}],"author":[{"embeddable":true,"href":"https:\/\/pornuestrolaredo.com\/index.php?rest_route=\/wp\/v2\/users\/1"}],"replies":[{"embeddable":true,"href":"https:\/\/pornuestrolaredo.com\/index.php?rest_route=%2Fwp%2Fv2%2Fcomments&post=4322"}],"version-history":[{"count":1,"href":"https:\/\/pornuestrolaredo.com\/index.php?rest_route=\/wp\/v2\/posts\/4322\/revisions"}],"predecessor-version":[{"id":4324,"href":"https:\/\/pornuestrolaredo.com\/index.php?rest_route=\/wp\/v2\/posts\/4322\/revisions\/4324"}],"wp:featuredmedia":[{"embeddable":true,"href":"https:\/\/pornuestrolaredo.com\/index.php?rest_route=\/wp\/v2\/media\/4323"}],"wp:attachment":[{"href":"https:\/\/pornuestrolaredo.com\/index.php?rest_route=%2Fwp%2Fv2%2Fmedia&parent=4322"}],"wp:term":[{"taxonomy":"category","embeddable":true,"href":"https:\/\/pornuestrolaredo.com\/index.php?rest_route=%2Fwp%2Fv2%2Fcategories&post=4322"},{"taxonomy":"post_tag","embeddable":true,"href":"https:\/\/pornuestrolaredo.com\/index.php?rest_route=%2Fwp%2Fv2%2Ftags&post=4322"}],"curies":[{"name":"wp","href":"https:\/\/api.w.org\/{rel}","templated":true}]}}