{"id":4325,"date":"2024-05-06T17:38:02","date_gmt":"2024-05-06T17:38:02","guid":{"rendered":"https:\/\/pornuestrolaredo.com\/?p=4325"},"modified":"2024-05-06T17:38:02","modified_gmt":"2024-05-06T17:38:02","slug":"tiene-el-cine-un-nuevo-superman","status":"publish","type":"post","link":"https:\/\/pornuestrolaredo.com\/?p=4325","title":{"rendered":"Tiene el cine un nuevo Superman"},"content":{"rendered":"<p><strong><em>LOS \u00c1NGELES.-<\/em><\/strong> Despu\u00e9s de mucha especulaci\u00f3n y espera, finalmente tenemos el primer vistazo oficial del actor David Corenswet con el nuevo traje del Hombre de Acero para la nueva pel\u00edcula de Superman.<\/p>\n<p>El cineasta James Gunn, director del filme, que antes se llamaba Superman: Legacy, fue el encargado de compartir la imagen, que ya se volvi\u00f3 viral, en la red social Threads. Posteriormente, DC hizo lo mismo en X.<\/p>\n<p>En la fotograf\u00eda podemos ver a Corenswet sentado en un sill\u00f3n con el traje un poco sucio, acomod\u00e1ndose una de sus botas rojas. De fondo, a trav\u00e9s de la ventana del edificio donde se encuentra, se alcanza a ver un rayo de luz rosa y una enorme bola de energ\u00eda sobre una ciudad.<\/p>\n<p>Superman, que llegar\u00e1 a los cines de todo el mundo el 11 de julio de 2025, ser\u00e1 la primera vez que los fans vean al h\u00e9roe interpretado por Corenswet, quien se volvi\u00f3 famoso gracias a series como Hollywood y The Politician. Sin embargo, este papel se espera que lo lleve a la estrat\u00f3sfera de la Meca del Cine.<\/p>\n<p>David, de 30 a\u00f1os, quien tambi\u00e9n apareci\u00f3 en la cinta de terror de culto Pearl, compartir\u00e1 pantalla con Rachel Brosnahan (The Marvelous Mrs. Maisel), quien dar\u00e1 vida a Lois Lane.<\/p>\n<p>A ellos los acompa\u00f1ar\u00e1n Nicholas Hoult como Lex Luthor; Skyler Gisondo como Jimmy Olsen; Anthony Carrigan como Metamorpho; Nathan Fillon como Guy Gardner, e Isabela Mercad como Hawkgirl.<\/p>\n","protected":false},"excerpt":{"rendered":"<p>El actor David Corenswet es fotografiado con el nuevo traje del Hombre de Acero<\/p>\n","protected":false},"author":1,"featured_media":4326,"comment_status":"closed","ping_status":"closed","sticky":false,"template":"","format":"standard","meta":{"_crdt_document":"","_jetpack_memberships_contains_paid_content":false,"footnotes":"","jetpack_publicize_message":"","jetpack_publicize_feature_enabled":true,"jetpack_social_post_already_shared":true,"jetpack_social_options":{"image_generator_settings":{"template":"highway","default_image_id":0,"font":"","enabled":false},"version":2},"_wpas_customize_per_network":false},"categories":[34],"tags":[],"class_list":["post-4325","post","type-post","status-publish","format-standard","has-post-thumbnail","hentry","category-farandula"],"magazineBlocksPostFeaturedMedia":{"thumbnail":"https:\/\/pornuestrolaredo.com\/wp-content\/uploads\/2024\/05\/107FM-20240506-1-150x150.jpg","medium":"https:\/\/pornuestrolaredo.com\/wp-content\/uploads\/2024\/05\/107FM-20240506-1-300x200.jpg","medium_large":"https:\/\/pornuestrolaredo.com\/wp-content\/uploads\/2024\/05\/107FM-20240506-1-768x512.jpg","large":"https:\/\/pornuestrolaredo.com\/wp-content\/uploads\/2024\/05\/107FM-20240506-1.jpg","1536x1536":"https:\/\/pornuestrolaredo.com\/wp-content\/uploads\/2024\/05\/107FM-20240506-1.jpg","2048x2048":"https:\/\/pornuestrolaredo.com\/wp-content\/uploads\/2024\/05\/107FM-20240506-1.jpg","morenews-large":"https:\/\/pornuestrolaredo.com\/wp-content\/uploads\/2024\/05\/107FM-20240506-1.jpg","morenews-medium":"https:\/\/pornuestrolaredo.com\/wp-content\/uploads\/2024\/05\/107FM-20240506-1.jpg"},"magazineBlocksPostAuthor":{"name":"Redactor","avatar":"https:\/\/pornuestrolaredo.com\/wp-content\/litespeed\/avatar\/dca1d7ec750c399f025f23b0b314f4cf.jpg?ver=1777612120"},"magazineBlocksPostCommentsNumber":false,"magazineBlocksPostExcerpt":"El actor David Corenswet es fotografiado con el nuevo traje del Hombre de Acero","magazineBlocksPostCategories":["Far\u00e1ndula"],"magazineBlocksPostViewCount":146,"magazineBlocksPostReadTime":2,"magazine_blocks_featured_image_url":{"full":["https:\/\/pornuestrolaredo.com\/wp-content\/uploads\/2024\/05\/107FM-20240506-1.jpg",960,640,false],"medium":["https:\/\/pornuestrolaredo.com\/wp-content\/uploads\/2024\/05\/107FM-20240506-1-300x200.jpg",300,200,true],"thumbnail":["https:\/\/pornuestrolaredo.com\/wp-content\/uploads\/2024\/05\/107FM-20240506-1-150x150.jpg",150,150,true]},"magazine_blocks_author":{"display_name":"Redactor","author_link":"https:\/\/pornuestrolaredo.com\/?author=1"},"magazine_blocks_comment":0,"magazine_blocks_author_image":"https:\/\/pornuestrolaredo.com\/wp-content\/litespeed\/avatar\/dca1d7ec750c399f025f23b0b314f4cf.jpg?ver=1777612120","magazine_blocks_category":"<a href=\"#\" class=\"category-link category-link-34\">Far\u00e1ndula<\/a>","jetpack_publicize_connections":[],"featured_image_urls":{"full":["https:\/\/pornuestrolaredo.com\/wp-content\/uploads\/2024\/05\/107FM-20240506-1.jpg",960,640,false],"thumbnail":["https:\/\/pornuestrolaredo.com\/wp-content\/uploads\/2024\/05\/107FM-20240506-1-150x150.jpg",150,150,true],"medium":["https:\/\/pornuestrolaredo.com\/wp-content\/uploads\/2024\/05\/107FM-20240506-1-300x200.jpg",300,200,true],"medium_large":["https:\/\/pornuestrolaredo.com\/wp-content\/uploads\/2024\/05\/107FM-20240506-1-768x512.jpg",640,427,true],"large":["https:\/\/pornuestrolaredo.com\/wp-content\/uploads\/2024\/05\/107FM-20240506-1.jpg",640,427,false],"1536x1536":["https:\/\/pornuestrolaredo.com\/wp-content\/uploads\/2024\/05\/107FM-20240506-1.jpg",960,640,false],"2048x2048":["https:\/\/pornuestrolaredo.com\/wp-content\/uploads\/2024\/05\/107FM-20240506-1.jpg",960,640,false],"morenews-large":["https:\/\/pornuestrolaredo.com\/wp-content\/uploads\/2024\/05\/107FM-20240506-1.jpg",825,550,false],"morenews-medium":["https:\/\/pornuestrolaredo.com\/wp-content\/uploads\/2024\/05\/107FM-20240506-1.jpg",590,393,false]},"author_info":{"info":["Redactor"]},"category_info":"<a href=\"https:\/\/pornuestrolaredo.com\/?cat=34\" rel=\"category\">Far\u00e1ndula<\/a>","tag_info":"Far\u00e1ndula","comment_count":"0","jetpack_featured_media_url":"https:\/\/pornuestrolaredo.com\/wp-content\/uploads\/2024\/05\/107FM-20240506-1.jpg","jetpack_sharing_enabled":true,"_links":{"self":[{"href":"https:\/\/pornuestrolaredo.com\/index.php?rest_route=\/wp\/v2\/posts\/4325","targetHints":{"allow":["GET"]}}],"collection":[{"href":"https:\/\/pornuestrolaredo.com\/index.php?rest_route=\/wp\/v2\/posts"}],"about":[{"href":"https:\/\/pornuestrolaredo.com\/index.php?rest_route=\/wp\/v2\/types\/post"}],"author":[{"embeddable":true,"href":"https:\/\/pornuestrolaredo.com\/index.php?rest_route=\/wp\/v2\/users\/1"}],"replies":[{"embeddable":true,"href":"https:\/\/pornuestrolaredo.com\/index.php?rest_route=%2Fwp%2Fv2%2Fcomments&post=4325"}],"version-history":[{"count":1,"href":"https:\/\/pornuestrolaredo.com\/index.php?rest_route=\/wp\/v2\/posts\/4325\/revisions"}],"predecessor-version":[{"id":4327,"href":"https:\/\/pornuestrolaredo.com\/index.php?rest_route=\/wp\/v2\/posts\/4325\/revisions\/4327"}],"wp:featuredmedia":[{"embeddable":true,"href":"https:\/\/pornuestrolaredo.com\/index.php?rest_route=\/wp\/v2\/media\/4326"}],"wp:attachment":[{"href":"https:\/\/pornuestrolaredo.com\/index.php?rest_route=%2Fwp%2Fv2%2Fmedia&parent=4325"}],"wp:term":[{"taxonomy":"category","embeddable":true,"href":"https:\/\/pornuestrolaredo.com\/index.php?rest_route=%2Fwp%2Fv2%2Fcategories&post=4325"},{"taxonomy":"post_tag","embeddable":true,"href":"https:\/\/pornuestrolaredo.com\/index.php?rest_route=%2Fwp%2Fv2%2Ftags&post=4325"}],"curies":[{"name":"wp","href":"https:\/\/api.w.org\/{rel}","templated":true}]}}