{"id":433,"date":"2022-10-02T06:35:00","date_gmt":"2022-10-02T06:35:00","guid":{"rendered":"https:\/\/pornuestrolaredo.com\/?p=433"},"modified":"2022-10-02T06:35:00","modified_gmt":"2022-10-02T06:35:00","slug":"entrega-americo-15-nombramientos","status":"publish","type":"post","link":"https:\/\/pornuestrolaredo.com\/?p=433","title":{"rendered":"Entrega Am\u00e9rico 15 nombramientos"},"content":{"rendered":"\n<p class=\"wp-block-paragraph\"><strong><em>CIUDAD VICTORIA.-<\/em><\/strong> Hemos empezado a trabajar desde el primer d\u00eda, porque tenemos poco tiempo, tenemos 72 meses para disminuir la brecha de desigualdad y para curar los males y los agravios que afectan a Tamaulipas, dijo el gobernador Am\u00e9rico Villarreal Anaya.<\/p>\n\n\n\n<p class=\"wp-block-paragraph\">Al continuar con sus actividades en el primer d\u00eda de su gobierno, el mandatario tamaulipeco entreg\u00f3 15 nombramientos a secretarios, encargados de Despacho y al director del DIF Tamaulipas, a quienes exhort\u00f3 a trabajar 24\/7 para lograr la gran transformaci\u00f3n del estado y demostrar que s\u00ed se puede.<\/p>\n\n\n\n<blockquote class=\"wp-block-quote is-layout-flow wp-block-quote-is-layout-flow\"><p>Ustedes fueron seleccionados por su capacidad, por su honestidad y porque vimos esa lealtad con el pueblo de Tamaulipas\u201d, dijo el Gobernador al entregar uno a uno los nombramientos a 15 funcionarios, en una ceremonia realizada este s\u00e1bado por la noche, en el Sal\u00f3n Independencia del Palacio de Gobierno.<\/p><\/blockquote>\n\n\n\n<p class=\"wp-block-paragraph\">Acompa\u00f1ado por el secretario General de Gobierno, H\u00e9ctor Villegas Gonz\u00e1lez y por el Secretario de Seguridad P\u00fablica, General Sergio Hernando Ch\u00e1vez, el Villarreal Anaya insisti\u00f3 en que la meta y los alcances por lograr son aprovechar las grandes potencialidades que tiene nuestro estado y sacar adelante al otro Tamaulipas que est\u00e1 agraviado, que no ha sido atendido, que no se le han dado las oportunidades de educaci\u00f3n, de acceso a la salud, de tener mejores oportunidades y calidad de vida.<\/p>\n\n\n\n<blockquote class=\"wp-block-quote is-layout-flow wp-block-quote-is-layout-flow\"><p>Los debemos de equipar y ayudar a que se extinga y se conduzcan con esas mismas oportunidades de la gran riqueza que tiene nuestra entidad\u201d, mencion\u00f3.<\/p><\/blockquote>\n\n\n\n<blockquote class=\"wp-block-quote is-layout-flow wp-block-quote-is-layout-flow\"><p>El hacer esa empat\u00eda y disminuir esa brecha es nuestra gran misi\u00f3n y s\u00ed lo vamos a hacer, porque estoy seguro que con la voluntad, la capacidad y el trabajo de cada uno de ustedes vamos a disminuir esa brecha entre ese Tamaulipas de primer mundo y el Tamaulipas que est\u00e1 esperando se le brinde la oportunidad de poder salir adelante, y de esa forma trabajar en paz, tener concordia, y desarrollo, tener paz, bienestar, desarrollo social y respeto a los derechos humanos\u201d, indic\u00f3.<\/p><\/blockquote>\n\n\n\n<blockquote class=\"wp-block-quote is-layout-flow wp-block-quote-is-layout-flow\"><p>S\u00e9 que ustedes se van a poder brindar para demostrar que si se puede\u201d, asever\u00f3.<\/p><\/blockquote>\n\n\n\n<p class=\"wp-block-paragraph\">El Gobernador entreg\u00f3 nombramientos a: Adriana Lozano, secretaria de Finanzas; Jes\u00fas Lav\u00edn Ver\u00e1stegui, secretario de Administraci\u00f3n; Ninfa Cant\u00fa De\u00e1ndar, secretaria de Desarrollo Econ\u00f3mico; Olga Sosa Ruiz, secretaria del Trabajo; D\u00e1maso Anaya Alvarado, secretario de Desarrollo Rural; y a Ver\u00f3nica Aguirre de los Santos, secretaria de Bienestar Social.<\/p>\n\n\n\n<p class=\"wp-block-paragraph\">Tambi\u00e9n recibieron su designaci\u00f3n como nuevos funcionarios del Gobierno de Tamaulipas: Luc\u00eda Aim\u00e9 Castillo Pastor, secretaria de Educaci\u00f3n; Vicente Joel Hern\u00e1ndez Navarro, secretario de Salud; Karina Sald\u00edvar Lartigue, secretaria de Desarrollo Urbano y Medio Ambiente; Pedro Cepeda Anaya, secretario de Obras P\u00fablicas; Norma Pedraza Melo, contralora Gubernamental; Benjam\u00edn Hern\u00e1ndez Rodr\u00edguez, encargado de Despacho de la Secretar\u00eda de Turismo; Juan J. Hern\u00e1ndez Torres, encargado de Despacho de Pesca y Acuacultura; Tania Contreras L\u00f3pez, consejera jur\u00eddica del Gobernador y Geancarlo Boneta Cavazos, director del DIF Tamaulipas. En este acto, la esposa del Gobernador, doctora Mar\u00eda Santiago de Villarreal acompa\u00f1\u00f3 a los nuevos servidores p\u00fablicos <\/p>\n","protected":false},"excerpt":{"rendered":"<p>CIUDAD VICTORIA.- Hemos empezado a trabajar desde el primer d\u00eda, porque tenemos poco tiempo, tenemos 72 meses para<\/p>\n","protected":false},"author":1,"featured_media":434,"comment_status":"open","ping_status":"open","sticky":false,"template":"","format":"standard","meta":{"_crdt_document":"","_jetpack_memberships_contains_paid_content":false,"footnotes":"","jetpack_publicize_message":"Advierte a los miembros del nuevo gabinete que tienen 72 meses para curar los males del Estado","jetpack_publicize_feature_enabled":true,"jetpack_social_post_already_shared":true,"jetpack_social_options":{"image_generator_settings":{"template":"highway","default_image_id":0,"font":"","enabled":false},"version":2},"_wpas_customize_per_network":false},"categories":[11],"tags":[],"class_list":["post-433","post","type-post","status-publish","format-standard","has-post-thumbnail","hentry","category-tamaulipas"],"magazineBlocksPostFeaturedMedia":{"thumbnail":"https:\/\/pornuestrolaredo.com\/wp-content\/uploads\/2022\/10\/Stereo91-20221001-4-150x150.jpg","medium":"https:\/\/pornuestrolaredo.com\/wp-content\/uploads\/2022\/10\/Stereo91-20221001-4-300x200.jpg","medium_large":"https:\/\/pornuestrolaredo.com\/wp-content\/uploads\/2022\/10\/Stereo91-20221001-4-768x512.jpg","large":"https:\/\/pornuestrolaredo.com\/wp-content\/uploads\/2022\/10\/Stereo91-20221001-4-1024x682.jpg","1536x1536":"https:\/\/pornuestrolaredo.com\/wp-content\/uploads\/2022\/10\/Stereo91-20221001-4-1536x1023.jpg","2048x2048":"https:\/\/pornuestrolaredo.com\/wp-content\/uploads\/2022\/10\/Stereo91-20221001-4.jpg","morenews-large":"https:\/\/pornuestrolaredo.com\/wp-content\/uploads\/2022\/10\/Stereo91-20221001-4.jpg","morenews-medium":"https:\/\/pornuestrolaredo.com\/wp-content\/uploads\/2022\/10\/Stereo91-20221001-4.jpg"},"magazineBlocksPostAuthor":{"name":"Redactor","avatar":"https:\/\/pornuestrolaredo.com\/wp-content\/litespeed\/avatar\/dca1d7ec750c399f025f23b0b314f4cf.jpg?ver=1777007253"},"magazineBlocksPostCommentsNumber":false,"magazineBlocksPostExcerpt":"CIUDAD VICTORIA.- Hemos empezado a trabajar desde el primer d\u00eda, porque tenemos poco tiempo, tenemos 72 meses para","magazineBlocksPostCategories":["Tamaulipas"],"magazineBlocksPostViewCount":142,"magazineBlocksPostReadTime":3,"magazine_blocks_featured_image_url":{"full":["https:\/\/pornuestrolaredo.com\/wp-content\/uploads\/2022\/10\/Stereo91-20221001-4.jpg",1600,1066,false],"medium":["https:\/\/pornuestrolaredo.com\/wp-content\/uploads\/2022\/10\/Stereo91-20221001-4-300x200.jpg",300,200,true],"thumbnail":["https:\/\/pornuestrolaredo.com\/wp-content\/uploads\/2022\/10\/Stereo91-20221001-4-150x150.jpg",150,150,true]},"magazine_blocks_author":{"display_name":"Redactor","author_link":"https:\/\/pornuestrolaredo.com\/?author=1"},"magazine_blocks_comment":0,"magazine_blocks_author_image":"https:\/\/pornuestrolaredo.com\/wp-content\/litespeed\/avatar\/dca1d7ec750c399f025f23b0b314f4cf.jpg?ver=1777007253","magazine_blocks_category":"<a href=\"#\" class=\"category-link category-link-11\">Tamaulipas<\/a>","jetpack_publicize_connections":[],"featured_image_urls":{"full":["https:\/\/pornuestrolaredo.com\/wp-content\/uploads\/2022\/10\/Stereo91-20221001-4.jpg",1600,1066,false],"thumbnail":["https:\/\/pornuestrolaredo.com\/wp-content\/uploads\/2022\/10\/Stereo91-20221001-4-150x150.jpg",150,150,true],"medium":["https:\/\/pornuestrolaredo.com\/wp-content\/uploads\/2022\/10\/Stereo91-20221001-4-300x200.jpg",300,200,true],"medium_large":["https:\/\/pornuestrolaredo.com\/wp-content\/uploads\/2022\/10\/Stereo91-20221001-4-768x512.jpg",640,427,true],"large":["https:\/\/pornuestrolaredo.com\/wp-content\/uploads\/2022\/10\/Stereo91-20221001-4-1024x682.jpg",640,426,true],"1536x1536":["https:\/\/pornuestrolaredo.com\/wp-content\/uploads\/2022\/10\/Stereo91-20221001-4-1536x1023.jpg",1536,1023,true],"2048x2048":["https:\/\/pornuestrolaredo.com\/wp-content\/uploads\/2022\/10\/Stereo91-20221001-4.jpg",1600,1066,false],"morenews-large":["https:\/\/pornuestrolaredo.com\/wp-content\/uploads\/2022\/10\/Stereo91-20221001-4.jpg",825,550,false],"morenews-medium":["https:\/\/pornuestrolaredo.com\/wp-content\/uploads\/2022\/10\/Stereo91-20221001-4.jpg",590,393,false]},"author_info":{"info":["Redactor"]},"category_info":"<a href=\"https:\/\/pornuestrolaredo.com\/?cat=11\" rel=\"category\">Tamaulipas<\/a>","tag_info":"Tamaulipas","comment_count":"0","jetpack_featured_media_url":"https:\/\/pornuestrolaredo.com\/wp-content\/uploads\/2022\/10\/Stereo91-20221001-4.jpg","jetpack_sharing_enabled":true,"_links":{"self":[{"href":"https:\/\/pornuestrolaredo.com\/index.php?rest_route=\/wp\/v2\/posts\/433","targetHints":{"allow":["GET"]}}],"collection":[{"href":"https:\/\/pornuestrolaredo.com\/index.php?rest_route=\/wp\/v2\/posts"}],"about":[{"href":"https:\/\/pornuestrolaredo.com\/index.php?rest_route=\/wp\/v2\/types\/post"}],"author":[{"embeddable":true,"href":"https:\/\/pornuestrolaredo.com\/index.php?rest_route=\/wp\/v2\/users\/1"}],"replies":[{"embeddable":true,"href":"https:\/\/pornuestrolaredo.com\/index.php?rest_route=%2Fwp%2Fv2%2Fcomments&post=433"}],"version-history":[{"count":1,"href":"https:\/\/pornuestrolaredo.com\/index.php?rest_route=\/wp\/v2\/posts\/433\/revisions"}],"predecessor-version":[{"id":435,"href":"https:\/\/pornuestrolaredo.com\/index.php?rest_route=\/wp\/v2\/posts\/433\/revisions\/435"}],"wp:featuredmedia":[{"embeddable":true,"href":"https:\/\/pornuestrolaredo.com\/index.php?rest_route=\/wp\/v2\/media\/434"}],"wp:attachment":[{"href":"https:\/\/pornuestrolaredo.com\/index.php?rest_route=%2Fwp%2Fv2%2Fmedia&parent=433"}],"wp:term":[{"taxonomy":"category","embeddable":true,"href":"https:\/\/pornuestrolaredo.com\/index.php?rest_route=%2Fwp%2Fv2%2Fcategories&post=433"},{"taxonomy":"post_tag","embeddable":true,"href":"https:\/\/pornuestrolaredo.com\/index.php?rest_route=%2Fwp%2Fv2%2Ftags&post=433"}],"curies":[{"name":"wp","href":"https:\/\/api.w.org\/{rel}","templated":true}]}}