{"id":4331,"date":"2024-05-08T18:37:11","date_gmt":"2024-05-08T18:37:11","guid":{"rendered":"https:\/\/pornuestrolaredo.com\/?p=4331"},"modified":"2024-05-08T18:37:11","modified_gmt":"2024-05-08T18:37:11","slug":"lanza-apple-sus-nuevos-ipad-pro-y-air","status":"publish","type":"post","link":"https:\/\/pornuestrolaredo.com\/?p=4331","title":{"rendered":"Lanza Apple sus nuevos iPad Pro y Air"},"content":{"rendered":"<p><strong><em>CUPERTINO, California.-<\/em> <\/strong>Apple present\u00f3 el martes su pr\u00f3xima generaci\u00f3n de iPad Pro y Air, modelos que tendr\u00e1n procesadores m\u00e1s r\u00e1pidos, nuevos tama\u00f1os y un nuevo sistema de visualizaci\u00f3n como parte de la primera actualizaci\u00f3n de la compa\u00f1\u00eda a su l\u00ednea de tabletas en m\u00e1s de un a\u00f1o.<\/p>\n<p>La presentaci\u00f3n en la sede de Apple en Cupertino, California, se produce despu\u00e9s de que la compa\u00f1\u00eda revel\u00f3 su descenso trimestral m\u00e1s pronunciado en las ventas de iPhone desde el inicio de la pandemia, lo que agrava una ca\u00edda que est\u00e1 aumentando la presi\u00f3n sobre la compa\u00f1\u00eda para que mejore sus productos. Se tiene previsto que Apple cause sensaci\u00f3n el pr\u00f3ximo mes durante una conferencia anual dedicada a la \u00faltima versi\u00f3n de sus sistemas operativos para los iPhone, las iPad y las computadoras Mac, un software que, seg\u00fan los analistas, tendr\u00e1 m\u00e1s tecnolog\u00eda de inteligencia artificial.<\/p>\n<p>Ambas l\u00edneas de los nuevos modelos de iPad a\u00f1aden elementos llamativos, pero han ajustado sus precios en consonancia. La nueva iPad Pro tiene un dise\u00f1o nuevo m\u00e1s delgado, un nuevo procesador M4 para mayor potencia de procesamiento, un almacenamiento ligeramente mejorado e incorpora paneles OLED duales para una visualizaci\u00f3n m\u00e1s brillante y n\u00edtida. La compa\u00f1\u00eda aument\u00f3 los precios para igualar sus nuevos elementos, y el iPad de 11 pulgadas tendr\u00e1 un costo de 999 d\u00f3lares y el modelo de 13 de 1.299 d\u00f3lares.<\/p>\n<p>La nueva iPad Air tiene el chip M2 m\u00e1s r\u00e1pido, cuenta con un nuevo dise\u00f1o, m\u00e1s almacenamiento, una nueva opci\u00f3n de pantalla de 13 pulgadas y una c\u00e1mara recentrada. Tambi\u00e9n admitir\u00e1 el uso del nuevo Apple Pencil Pro, que era una funci\u00f3n exclusiva para los modelos Pro. La pantalla de 11 pulgadas se vender\u00e1 por 599 d\u00f3lares, mientras que el nuevo modelo de 13 pulgadas tendr\u00e1 un costo de 799 d\u00f3lares.<\/p>\n<p>Sin embargo, Apple anunci\u00f3 un menor precio para su iPad de 10ma generaci\u00f3n, que tendr\u00e1 ahora un costo de 349 d\u00f3lares, respecto al costo previo de 449 d\u00f3lares.<\/p>\n","protected":false},"excerpt":{"rendered":"<p>Con los nuevos modelos, tambi\u00e9n aumentar\u00e1n los precios; por lo contrario, el 10 costar\u00e1 menos, al pasar de 449 a 349 d\u00f3lares<\/p>\n","protected":false},"author":1,"featured_media":4332,"comment_status":"closed","ping_status":"closed","sticky":false,"template":"","format":"standard","meta":{"_crdt_document":"","_jetpack_memberships_contains_paid_content":false,"footnotes":"","jetpack_publicize_message":"","jetpack_publicize_feature_enabled":true,"jetpack_social_post_already_shared":true,"jetpack_social_options":{"image_generator_settings":{"template":"highway","default_image_id":0,"font":"","enabled":false},"version":2},"_wpas_customize_per_network":false},"categories":[9],"tags":[],"class_list":["post-4331","post","type-post","status-publish","format-standard","has-post-thumbnail","hentry","category-el-mundo"],"magazineBlocksPostFeaturedMedia":{"thumbnail":"https:\/\/pornuestrolaredo.com\/wp-content\/uploads\/2024\/05\/Stereo91-20240507-2-150x150.jpg","medium":"https:\/\/pornuestrolaredo.com\/wp-content\/uploads\/2024\/05\/Stereo91-20240507-2-300x169.jpg","medium_large":"https:\/\/pornuestrolaredo.com\/wp-content\/uploads\/2024\/05\/Stereo91-20240507-2-768x432.jpg","large":"https:\/\/pornuestrolaredo.com\/wp-content\/uploads\/2024\/05\/Stereo91-20240507-2-1000x563.jpg","1536x1536":"https:\/\/pornuestrolaredo.com\/wp-content\/uploads\/2024\/05\/Stereo91-20240507-2-1536x864.jpg","2048x2048":"https:\/\/pornuestrolaredo.com\/wp-content\/uploads\/2024\/05\/Stereo91-20240507-2-2048x1152.jpg","morenews-large":"https:\/\/pornuestrolaredo.com\/wp-content\/uploads\/2024\/05\/Stereo91-20240507-2-scaled.jpg","morenews-medium":"https:\/\/pornuestrolaredo.com\/wp-content\/uploads\/2024\/05\/Stereo91-20240507-2-scaled.jpg"},"magazineBlocksPostAuthor":{"name":"Redactor","avatar":"https:\/\/pornuestrolaredo.com\/wp-content\/litespeed\/avatar\/dca1d7ec750c399f025f23b0b314f4cf.jpg?ver=1777612120"},"magazineBlocksPostCommentsNumber":false,"magazineBlocksPostExcerpt":"Con los nuevos modelos, tambi\u00e9n aumentar\u00e1n los precios; por lo contrario, el 10 costar\u00e1 menos, al pasar de 449 a 349 d\u00f3lares","magazineBlocksPostCategories":["El Mundo"],"magazineBlocksPostViewCount":121,"magazineBlocksPostReadTime":2,"magazine_blocks_featured_image_url":{"full":["https:\/\/pornuestrolaredo.com\/wp-content\/uploads\/2024\/05\/Stereo91-20240507-2-scaled.jpg",2560,1440,false],"medium":["https:\/\/pornuestrolaredo.com\/wp-content\/uploads\/2024\/05\/Stereo91-20240507-2-300x169.jpg",300,169,true],"thumbnail":["https:\/\/pornuestrolaredo.com\/wp-content\/uploads\/2024\/05\/Stereo91-20240507-2-150x150.jpg",150,150,true]},"magazine_blocks_author":{"display_name":"Redactor","author_link":"https:\/\/pornuestrolaredo.com\/?author=1"},"magazine_blocks_comment":0,"magazine_blocks_author_image":"https:\/\/pornuestrolaredo.com\/wp-content\/litespeed\/avatar\/dca1d7ec750c399f025f23b0b314f4cf.jpg?ver=1777612120","magazine_blocks_category":"<a href=\"#\" class=\"category-link category-link-9\">El Mundo<\/a>","jetpack_publicize_connections":[],"featured_image_urls":{"full":["https:\/\/pornuestrolaredo.com\/wp-content\/uploads\/2024\/05\/Stereo91-20240507-2-scaled.jpg",2560,1440,false],"thumbnail":["https:\/\/pornuestrolaredo.com\/wp-content\/uploads\/2024\/05\/Stereo91-20240507-2-150x150.jpg",150,150,true],"medium":["https:\/\/pornuestrolaredo.com\/wp-content\/uploads\/2024\/05\/Stereo91-20240507-2-300x169.jpg",300,169,true],"medium_large":["https:\/\/pornuestrolaredo.com\/wp-content\/uploads\/2024\/05\/Stereo91-20240507-2-768x432.jpg",640,360,true],"large":["https:\/\/pornuestrolaredo.com\/wp-content\/uploads\/2024\/05\/Stereo91-20240507-2-1000x563.jpg",640,360,true],"1536x1536":["https:\/\/pornuestrolaredo.com\/wp-content\/uploads\/2024\/05\/Stereo91-20240507-2-1536x864.jpg",1536,864,true],"2048x2048":["https:\/\/pornuestrolaredo.com\/wp-content\/uploads\/2024\/05\/Stereo91-20240507-2-2048x1152.jpg",2048,1152,true],"morenews-large":["https:\/\/pornuestrolaredo.com\/wp-content\/uploads\/2024\/05\/Stereo91-20240507-2-scaled.jpg",825,464,false],"morenews-medium":["https:\/\/pornuestrolaredo.com\/wp-content\/uploads\/2024\/05\/Stereo91-20240507-2-scaled.jpg",590,332,false]},"author_info":{"info":["Redactor"]},"category_info":"<a href=\"https:\/\/pornuestrolaredo.com\/?cat=9\" rel=\"category\">El Mundo<\/a>","tag_info":"El Mundo","comment_count":"0","jetpack_featured_media_url":"https:\/\/pornuestrolaredo.com\/wp-content\/uploads\/2024\/05\/Stereo91-20240507-2-scaled.jpg","jetpack_sharing_enabled":true,"_links":{"self":[{"href":"https:\/\/pornuestrolaredo.com\/index.php?rest_route=\/wp\/v2\/posts\/4331","targetHints":{"allow":["GET"]}}],"collection":[{"href":"https:\/\/pornuestrolaredo.com\/index.php?rest_route=\/wp\/v2\/posts"}],"about":[{"href":"https:\/\/pornuestrolaredo.com\/index.php?rest_route=\/wp\/v2\/types\/post"}],"author":[{"embeddable":true,"href":"https:\/\/pornuestrolaredo.com\/index.php?rest_route=\/wp\/v2\/users\/1"}],"replies":[{"embeddable":true,"href":"https:\/\/pornuestrolaredo.com\/index.php?rest_route=%2Fwp%2Fv2%2Fcomments&post=4331"}],"version-history":[{"count":1,"href":"https:\/\/pornuestrolaredo.com\/index.php?rest_route=\/wp\/v2\/posts\/4331\/revisions"}],"predecessor-version":[{"id":4333,"href":"https:\/\/pornuestrolaredo.com\/index.php?rest_route=\/wp\/v2\/posts\/4331\/revisions\/4333"}],"wp:featuredmedia":[{"embeddable":true,"href":"https:\/\/pornuestrolaredo.com\/index.php?rest_route=\/wp\/v2\/media\/4332"}],"wp:attachment":[{"href":"https:\/\/pornuestrolaredo.com\/index.php?rest_route=%2Fwp%2Fv2%2Fmedia&parent=4331"}],"wp:term":[{"taxonomy":"category","embeddable":true,"href":"https:\/\/pornuestrolaredo.com\/index.php?rest_route=%2Fwp%2Fv2%2Fcategories&post=4331"},{"taxonomy":"post_tag","embeddable":true,"href":"https:\/\/pornuestrolaredo.com\/index.php?rest_route=%2Fwp%2Fv2%2Ftags&post=4331"}],"curies":[{"name":"wp","href":"https:\/\/api.w.org\/{rel}","templated":true}]}}