{"id":4337,"date":"2024-05-09T04:58:49","date_gmt":"2024-05-09T04:58:49","guid":{"rendered":"https:\/\/pornuestrolaredo.com\/?p=4337"},"modified":"2024-05-09T04:58:49","modified_gmt":"2024-05-09T04:58:49","slug":"abriran-este-jueves-9-nuevo-puente-vehicular","status":"publish","type":"post","link":"https:\/\/pornuestrolaredo.com\/?p=4337","title":{"rendered":"Abrir\u00e1n este jueves 9 nuevo puente vehicular"},"content":{"rendered":"<p><strong>NUEVO LAREDO.- <\/strong>Este jueves 9 ser\u00e1 abierto a la circulaci\u00f3n el Puente Calzada de los H\u00e9roes, que pasa por encima de la avenida Eva S\u00e1mano de L\u00f3pez Mateos.<\/p>\n<p>Se espera que este cruce vehicular mejore considerablemente el flujo vehicular en el poniente de la ciudad y beneficie a pr\u00e1cticamente todo el poniente de Nuevo Laredo, unos 150 mil habitantes.<\/p>\n<p>Este puente representaba una necesidad urgente para desfogar el tr\u00e1fico en ese importante sector debido a que este crucero ya se encontraba desfasado por el crecimiento habitacional y comercial.<\/p>\n<p>Originalmente se hab\u00eda anunciado que ser\u00eda a finales de mayo cuando se estar\u00eda entregando esta obra, pero los trabajos concluyeron antes de los programado y se llevaron en un lapso de 6 meses aproximadamente.<\/p>\n<p>La obra incluy\u00f3 tambi\u00e9n la reubicaci\u00f3n de l\u00edneas de agua, colectores sanitarios y pluviales, adem\u00e1s de nuevo alumbrado p\u00fablico. El puente ayudar\u00e1 a la circulaci\u00f3n de veh\u00edculos ligeros, de carga y de transporte p\u00fablico. Adem\u00e1s, los negocios alrededor se beneficiar\u00e1n, pues habr\u00e1 menos tr\u00e1fico \u201catorado\u201d para llegar.<\/p>\n","protected":false},"excerpt":{"rendered":"<p>Se trata del cruce vehicular Calzada de los H\u00e9roes, que facilitar\u00e1 el tr\u00e1fico al pasar por encima de la avenida Eva S\u00e1mano de L\u00f3pez Mateos<\/p>\n","protected":false},"author":1,"featured_media":4338,"comment_status":"closed","ping_status":"closed","sticky":false,"template":"","format":"standard","meta":{"_crdt_document":"","_jetpack_memberships_contains_paid_content":false,"footnotes":"","jetpack_publicize_message":"","jetpack_publicize_feature_enabled":true,"jetpack_social_post_already_shared":true,"jetpack_social_options":{"image_generator_settings":{"template":"highway","default_image_id":0,"font":"","enabled":false},"version":2},"_wpas_customize_per_network":false},"categories":[4],"tags":[],"class_list":["post-4337","post","type-post","status-publish","format-standard","has-post-thumbnail","hentry","category-los-dos-laredos"],"magazineBlocksPostFeaturedMedia":{"thumbnail":"https:\/\/pornuestrolaredo.com\/wp-content\/uploads\/2024\/05\/Stereo91-20240508-0-150x150.jpg","medium":"https:\/\/pornuestrolaredo.com\/wp-content\/uploads\/2024\/05\/Stereo91-20240508-0-300x225.jpg","medium_large":"https:\/\/pornuestrolaredo.com\/wp-content\/uploads\/2024\/05\/Stereo91-20240508-0-768x576.jpg","large":"https:\/\/pornuestrolaredo.com\/wp-content\/uploads\/2024\/05\/Stereo91-20240508-0-1000x750.jpg","1536x1536":"https:\/\/pornuestrolaredo.com\/wp-content\/uploads\/2024\/05\/Stereo91-20240508-0-1536x1152.jpg","2048x2048":"https:\/\/pornuestrolaredo.com\/wp-content\/uploads\/2024\/05\/Stereo91-20240508-0.jpg","morenews-large":"https:\/\/pornuestrolaredo.com\/wp-content\/uploads\/2024\/05\/Stereo91-20240508-0.jpg","morenews-medium":"https:\/\/pornuestrolaredo.com\/wp-content\/uploads\/2024\/05\/Stereo91-20240508-0.jpg"},"magazineBlocksPostAuthor":{"name":"Redactor","avatar":"https:\/\/pornuestrolaredo.com\/wp-content\/litespeed\/avatar\/dca1d7ec750c399f025f23b0b314f4cf.jpg?ver=1777612120"},"magazineBlocksPostCommentsNumber":false,"magazineBlocksPostExcerpt":"Se trata del cruce vehicular Calzada de los H\u00e9roes, que facilitar\u00e1 el tr\u00e1fico al pasar por encima de la avenida Eva S\u00e1mano de L\u00f3pez Mateos","magazineBlocksPostCategories":["Los dos Laredos"],"magazineBlocksPostViewCount":143,"magazineBlocksPostReadTime":1,"magazine_blocks_featured_image_url":{"full":["https:\/\/pornuestrolaredo.com\/wp-content\/uploads\/2024\/05\/Stereo91-20240508-0.jpg",1600,1200,false],"medium":["https:\/\/pornuestrolaredo.com\/wp-content\/uploads\/2024\/05\/Stereo91-20240508-0-300x225.jpg",300,225,true],"thumbnail":["https:\/\/pornuestrolaredo.com\/wp-content\/uploads\/2024\/05\/Stereo91-20240508-0-150x150.jpg",150,150,true]},"magazine_blocks_author":{"display_name":"Redactor","author_link":"https:\/\/pornuestrolaredo.com\/?author=1"},"magazine_blocks_comment":0,"magazine_blocks_author_image":"https:\/\/pornuestrolaredo.com\/wp-content\/litespeed\/avatar\/dca1d7ec750c399f025f23b0b314f4cf.jpg?ver=1777612120","magazine_blocks_category":"<a href=\"#\" class=\"category-link category-link-4\">Los dos Laredos<\/a>","jetpack_publicize_connections":[],"featured_image_urls":{"full":["https:\/\/pornuestrolaredo.com\/wp-content\/uploads\/2024\/05\/Stereo91-20240508-0.jpg",1600,1200,false],"thumbnail":["https:\/\/pornuestrolaredo.com\/wp-content\/uploads\/2024\/05\/Stereo91-20240508-0-150x150.jpg",150,150,true],"medium":["https:\/\/pornuestrolaredo.com\/wp-content\/uploads\/2024\/05\/Stereo91-20240508-0-300x225.jpg",300,225,true],"medium_large":["https:\/\/pornuestrolaredo.com\/wp-content\/uploads\/2024\/05\/Stereo91-20240508-0-768x576.jpg",640,480,true],"large":["https:\/\/pornuestrolaredo.com\/wp-content\/uploads\/2024\/05\/Stereo91-20240508-0-1000x750.jpg",640,480,true],"1536x1536":["https:\/\/pornuestrolaredo.com\/wp-content\/uploads\/2024\/05\/Stereo91-20240508-0-1536x1152.jpg",1536,1152,true],"2048x2048":["https:\/\/pornuestrolaredo.com\/wp-content\/uploads\/2024\/05\/Stereo91-20240508-0.jpg",1600,1200,false],"morenews-large":["https:\/\/pornuestrolaredo.com\/wp-content\/uploads\/2024\/05\/Stereo91-20240508-0.jpg",767,575,false],"morenews-medium":["https:\/\/pornuestrolaredo.com\/wp-content\/uploads\/2024\/05\/Stereo91-20240508-0.jpg",547,410,false]},"author_info":{"info":["Redactor"]},"category_info":"<a href=\"https:\/\/pornuestrolaredo.com\/?cat=4\" rel=\"category\">Los dos Laredos<\/a>","tag_info":"Los dos Laredos","comment_count":"0","jetpack_featured_media_url":"https:\/\/pornuestrolaredo.com\/wp-content\/uploads\/2024\/05\/Stereo91-20240508-0.jpg","jetpack_sharing_enabled":true,"_links":{"self":[{"href":"https:\/\/pornuestrolaredo.com\/index.php?rest_route=\/wp\/v2\/posts\/4337","targetHints":{"allow":["GET"]}}],"collection":[{"href":"https:\/\/pornuestrolaredo.com\/index.php?rest_route=\/wp\/v2\/posts"}],"about":[{"href":"https:\/\/pornuestrolaredo.com\/index.php?rest_route=\/wp\/v2\/types\/post"}],"author":[{"embeddable":true,"href":"https:\/\/pornuestrolaredo.com\/index.php?rest_route=\/wp\/v2\/users\/1"}],"replies":[{"embeddable":true,"href":"https:\/\/pornuestrolaredo.com\/index.php?rest_route=%2Fwp%2Fv2%2Fcomments&post=4337"}],"version-history":[{"count":1,"href":"https:\/\/pornuestrolaredo.com\/index.php?rest_route=\/wp\/v2\/posts\/4337\/revisions"}],"predecessor-version":[{"id":4339,"href":"https:\/\/pornuestrolaredo.com\/index.php?rest_route=\/wp\/v2\/posts\/4337\/revisions\/4339"}],"wp:featuredmedia":[{"embeddable":true,"href":"https:\/\/pornuestrolaredo.com\/index.php?rest_route=\/wp\/v2\/media\/4338"}],"wp:attachment":[{"href":"https:\/\/pornuestrolaredo.com\/index.php?rest_route=%2Fwp%2Fv2%2Fmedia&parent=4337"}],"wp:term":[{"taxonomy":"category","embeddable":true,"href":"https:\/\/pornuestrolaredo.com\/index.php?rest_route=%2Fwp%2Fv2%2Fcategories&post=4337"},{"taxonomy":"post_tag","embeddable":true,"href":"https:\/\/pornuestrolaredo.com\/index.php?rest_route=%2Fwp%2Fv2%2Ftags&post=4337"}],"curies":[{"name":"wp","href":"https:\/\/api.w.org\/{rel}","templated":true}]}}