{"id":4340,"date":"2024-05-10T18:19:59","date_gmt":"2024-05-10T18:19:59","guid":{"rendered":"https:\/\/pornuestrolaredo.com\/?p=4340"},"modified":"2024-05-10T18:19:59","modified_gmt":"2024-05-10T18:19:59","slug":"dedica-amlo-la-mananera-a-las-mamas","status":"publish","type":"post","link":"https:\/\/pornuestrolaredo.com\/?p=4340","title":{"rendered":"Dedica AMLO la Ma\u00f1anera a las mam\u00e1s"},"content":{"rendered":"<p><strong><em>CIUDAD DE M\u00c9XICO.- <\/em><\/strong>Cargando un ramo de flores, el presidente Andr\u00e9s Manuel L\u00f3pez Obrador dedic\u00f3 este 10 de mayo su conferencia de prensa en Palacio Nacional a las mam\u00e1s de M\u00e9xico y otros pa\u00edses del mundo.  <\/p>\n<p>L\u00f3pez Obrador anunci\u00f3 que en esta ocasi\u00f3n la ma\u00f1anera servir\u00eda como homenaje a las mam\u00e1s que se nos adelantaron y a las que todav\u00eda est\u00e1n con nosotros. Se\u00f1al\u00f3 que por este motivo, este viernes no hablar\u00eda de pol\u00edtica ni contestar\u00eda preguntas de los reporteros.<\/p>\n<blockquote><p>A las mam\u00e1s que se nos adelantaron, pero como vamos a decirlo en una canci\u00f3n, hay amor eterno, para todas ellas, nuestro cari\u00f1o, nuestro recuerdo, y para las mam\u00e1s que est\u00e1n con nosotros, mam\u00e1s, abuelitas, a todas, muchas, muchas felicidades, esta ma\u00f1anera comienza con las ma\u00f1anitas y vamos a llevar a cabo este homenaje a las madres, nada de pol\u00edtica, nada de preguntas y respuestas, es para las mam\u00e1s, el lunes ya vamos a ponernos al corriente, nos ponemos al d\u00eda, pero ahora es para las mam\u00e1s, mucho amor, amor, amor, amor\u201d, indic\u00f3. <\/p><\/blockquote>\n<p>De esta forma, el mariachi Son de M\u00e9xico arranc\u00f3 en el Sal\u00f3n Tesorer\u00eda entonando Las Ma\u00f1anitas, para despu\u00e9s interpretar canciones de Juan Gabriel como Amor Eterno; Mi Cari\u00f1ito, famosa en la voz de Pedro Infante y Gema de Vicente Fern\u00e1ndez.<\/p>\n<p>Posteriormente, se present\u00f3 el grupo jarocho Los Albatros de Marina, con canciones como Se\u00f1ora, se\u00f1ora, de Denisse de Kalafe, y Hermoso cari\u00f1o.<\/p>\n<p>Al final, el Presidente de la Rep\u00fablica dijo que ya le entreg\u00f3 un ramo de flores a Beatriz Guti\u00e9rrez M\u00fcller, madre de su hijo Jes\u00fas Ernesto, y anunci\u00f3 que este fin de semana viajar\u00e1 al sureste de la Rep\u00fablica Mexicana, a supervisar obras.<\/p>\n","protected":false},"excerpt":{"rendered":"<p>Ofrece homenaje a las madres que se adelantaron en la eternidad y a las que siguen con nosotros<\/p>\n","protected":false},"author":1,"featured_media":4341,"comment_status":"closed","ping_status":"closed","sticky":false,"template":"","format":"standard","meta":{"_crdt_document":"","_jetpack_memberships_contains_paid_content":false,"footnotes":"","jetpack_publicize_message":"","jetpack_publicize_feature_enabled":true,"jetpack_social_post_already_shared":true,"jetpack_social_options":{"image_generator_settings":{"template":"highway","default_image_id":0,"font":"","enabled":false},"version":2},"_wpas_customize_per_network":false},"categories":[33],"tags":[],"class_list":["post-4340","post","type-post","status-publish","format-standard","has-post-thumbnail","hentry","category-mexico"],"magazineBlocksPostFeaturedMedia":{"thumbnail":"https:\/\/pornuestrolaredo.com\/wp-content\/uploads\/2024\/05\/Stereo91-20240510-5-150x150.jpg","medium":"https:\/\/pornuestrolaredo.com\/wp-content\/uploads\/2024\/05\/Stereo91-20240510-5-300x153.jpg","medium_large":"https:\/\/pornuestrolaredo.com\/wp-content\/uploads\/2024\/05\/Stereo91-20240510-5-768x393.jpg","large":"https:\/\/pornuestrolaredo.com\/wp-content\/uploads\/2024\/05\/Stereo91-20240510-5.jpg","1536x1536":"https:\/\/pornuestrolaredo.com\/wp-content\/uploads\/2024\/05\/Stereo91-20240510-5.jpg","2048x2048":"https:\/\/pornuestrolaredo.com\/wp-content\/uploads\/2024\/05\/Stereo91-20240510-5.jpg","morenews-large":"https:\/\/pornuestrolaredo.com\/wp-content\/uploads\/2024\/05\/Stereo91-20240510-5.jpg","morenews-medium":"https:\/\/pornuestrolaredo.com\/wp-content\/uploads\/2024\/05\/Stereo91-20240510-5.jpg"},"magazineBlocksPostAuthor":{"name":"Redactor","avatar":"https:\/\/pornuestrolaredo.com\/wp-content\/litespeed\/avatar\/dca1d7ec750c399f025f23b0b314f4cf.jpg?ver=1777612120"},"magazineBlocksPostCommentsNumber":false,"magazineBlocksPostExcerpt":"Ofrece homenaje a las madres que se adelantaron en la eternidad y a las que siguen con nosotros","magazineBlocksPostCategories":["Mexico"],"magazineBlocksPostViewCount":137,"magazineBlocksPostReadTime":2,"magazine_blocks_featured_image_url":{"full":["https:\/\/pornuestrolaredo.com\/wp-content\/uploads\/2024\/05\/Stereo91-20240510-5.jpg",907,464,false],"medium":["https:\/\/pornuestrolaredo.com\/wp-content\/uploads\/2024\/05\/Stereo91-20240510-5-300x153.jpg",300,153,true],"thumbnail":["https:\/\/pornuestrolaredo.com\/wp-content\/uploads\/2024\/05\/Stereo91-20240510-5-150x150.jpg",150,150,true]},"magazine_blocks_author":{"display_name":"Redactor","author_link":"https:\/\/pornuestrolaredo.com\/?author=1"},"magazine_blocks_comment":0,"magazine_blocks_author_image":"https:\/\/pornuestrolaredo.com\/wp-content\/litespeed\/avatar\/dca1d7ec750c399f025f23b0b314f4cf.jpg?ver=1777612120","magazine_blocks_category":"<a href=\"#\" class=\"category-link category-link-33\">Mexico<\/a>","jetpack_publicize_connections":[],"featured_image_urls":{"full":["https:\/\/pornuestrolaredo.com\/wp-content\/uploads\/2024\/05\/Stereo91-20240510-5.jpg",907,464,false],"thumbnail":["https:\/\/pornuestrolaredo.com\/wp-content\/uploads\/2024\/05\/Stereo91-20240510-5-150x150.jpg",150,150,true],"medium":["https:\/\/pornuestrolaredo.com\/wp-content\/uploads\/2024\/05\/Stereo91-20240510-5-300x153.jpg",300,153,true],"medium_large":["https:\/\/pornuestrolaredo.com\/wp-content\/uploads\/2024\/05\/Stereo91-20240510-5-768x393.jpg",640,328,true],"large":["https:\/\/pornuestrolaredo.com\/wp-content\/uploads\/2024\/05\/Stereo91-20240510-5.jpg",640,327,false],"1536x1536":["https:\/\/pornuestrolaredo.com\/wp-content\/uploads\/2024\/05\/Stereo91-20240510-5.jpg",907,464,false],"2048x2048":["https:\/\/pornuestrolaredo.com\/wp-content\/uploads\/2024\/05\/Stereo91-20240510-5.jpg",907,464,false],"morenews-large":["https:\/\/pornuestrolaredo.com\/wp-content\/uploads\/2024\/05\/Stereo91-20240510-5.jpg",825,422,false],"morenews-medium":["https:\/\/pornuestrolaredo.com\/wp-content\/uploads\/2024\/05\/Stereo91-20240510-5.jpg",590,302,false]},"author_info":{"info":["Redactor"]},"category_info":"<a href=\"https:\/\/pornuestrolaredo.com\/?cat=33\" rel=\"category\">Mexico<\/a>","tag_info":"Mexico","comment_count":"0","jetpack_featured_media_url":"https:\/\/pornuestrolaredo.com\/wp-content\/uploads\/2024\/05\/Stereo91-20240510-5.jpg","jetpack_sharing_enabled":true,"_links":{"self":[{"href":"https:\/\/pornuestrolaredo.com\/index.php?rest_route=\/wp\/v2\/posts\/4340","targetHints":{"allow":["GET"]}}],"collection":[{"href":"https:\/\/pornuestrolaredo.com\/index.php?rest_route=\/wp\/v2\/posts"}],"about":[{"href":"https:\/\/pornuestrolaredo.com\/index.php?rest_route=\/wp\/v2\/types\/post"}],"author":[{"embeddable":true,"href":"https:\/\/pornuestrolaredo.com\/index.php?rest_route=\/wp\/v2\/users\/1"}],"replies":[{"embeddable":true,"href":"https:\/\/pornuestrolaredo.com\/index.php?rest_route=%2Fwp%2Fv2%2Fcomments&post=4340"}],"version-history":[{"count":1,"href":"https:\/\/pornuestrolaredo.com\/index.php?rest_route=\/wp\/v2\/posts\/4340\/revisions"}],"predecessor-version":[{"id":4342,"href":"https:\/\/pornuestrolaredo.com\/index.php?rest_route=\/wp\/v2\/posts\/4340\/revisions\/4342"}],"wp:featuredmedia":[{"embeddable":true,"href":"https:\/\/pornuestrolaredo.com\/index.php?rest_route=\/wp\/v2\/media\/4341"}],"wp:attachment":[{"href":"https:\/\/pornuestrolaredo.com\/index.php?rest_route=%2Fwp%2Fv2%2Fmedia&parent=4340"}],"wp:term":[{"taxonomy":"category","embeddable":true,"href":"https:\/\/pornuestrolaredo.com\/index.php?rest_route=%2Fwp%2Fv2%2Fcategories&post=4340"},{"taxonomy":"post_tag","embeddable":true,"href":"https:\/\/pornuestrolaredo.com\/index.php?rest_route=%2Fwp%2Fv2%2Ftags&post=4340"}],"curies":[{"name":"wp","href":"https:\/\/api.w.org\/{rel}","templated":true}]}}