{"id":436,"date":"2022-10-02T06:42:11","date_gmt":"2022-10-02T06:42:11","guid":{"rendered":"https:\/\/pornuestrolaredo.com\/?p=436"},"modified":"2022-10-04T22:24:06","modified_gmt":"2022-10-04T22:24:06","slug":"llevan-programa-de-salud-municipal-a-escuelas-de-nld","status":"publish","type":"post","link":"https:\/\/pornuestrolaredo.com\/?p=436","title":{"rendered":"Llevan programa de Salud Municipal a escuelas de NLD"},"content":{"rendered":"\n<p class=\"wp-block-paragraph\"><strong><em>NUEVO LAREDO.- <\/em><\/strong>Como parte del programa \u201cEscuela y Salud\u201d, el Gobierno Municipal atendi\u00f3 a m\u00e1s de 220 ni\u00f1os en la primaria \u201cReginaldo Elizondo Garza\u201d de la colonia Granjas Regina, donde se brindaron servicios gratuitos de nutrici\u00f3n, psicolog\u00eda e higiene.<\/p>\n\n\n\n<p class=\"wp-block-paragraph\">Este programa desarrollado por la Direcci\u00f3n de Salud Municipal, se ha llevado a cabo en 11 escuelas a lo largo de la ciudad, esto con la intenci\u00f3n de prevenir enfermedades a trav\u00e9s de la concientizaci\u00f3n; en esta ocasi\u00f3n se pes\u00f3 a los alumnos, se les aplic\u00f3 floruro en los dientes y se les dio pl\u00e1ticas de nutrici\u00f3n y psicolog\u00eda.<\/p>\n\n\n\n<p class=\"wp-block-paragraph\">La directora de Salud Municipal, Liliana Margarita Arjona Barocio, detall\u00f3 que mediante el programa se visitan las escuelas de lunes a viernes en sus horarios matutinos y vespertinos&nbsp; con la finalidad de que los estudiantes tengan un sano crecimiento.<\/p>\n\n\n\n<blockquote class=\"wp-block-quote is-layout-flow wp-block-quote-is-layout-flow\"><p>Despu\u00e9s de realizar los diferentes servicios m\u00e9dicos, si detectamos alg\u00fan menor con mal estado y necesite apoyo nutricional o psicol\u00f3gico se lo facilitaremos con la aprobaci\u00f3n de los padres de familia, todo esto lo ofrecemos de manera gratuita\u201d, abund\u00f3.<\/p><\/blockquote>\n\n\n\n<p class=\"wp-block-paragraph\">Mencion\u00f3 que tambi\u00e9n se aplican vacunas para la influenza, primeramente para los docentes como manera preventiva, esto debido a que el invierno es considerado temporada de dicha enfermedad.<\/p>\n\n\n\n<p class=\"has-text-align-center wp-block-paragraph\"><strong>AGRADECEN DOCENTES POR FACILITAR EL DERECHO A LA SALUD PARA LOS ALUMNOS<\/strong><\/p>\n\n\n\n<p class=\"wp-block-paragraph\">Juana Mar\u00eda Olguin Rodr\u00edguez, maestra de primer grado, manifest\u00f3 que estas acciones son muy beneficiosas, tanto para el menor como para el padre de familia, ya que acerca los servicios m\u00e9dicos a la comodidad de la escuela.<\/p>\n\n\n\n<blockquote class=\"wp-block-quote is-layout-flow wp-block-quote-is-layout-flow\"><p>Esto concientiza a los ni\u00f1os porque se tocan temas de nutrici\u00f3n, psicolog\u00eda e higiene, en nombre de mis alumnos y sus padres yo le agradezco a la alcaldesa Carmen Lilia Canturosas Villareal estos esfuerzos\u201d, destac\u00f3.<\/p><\/blockquote>\n\n\n\n<p class=\"wp-block-paragraph\">Martha Ramos Mart\u00ednez, docente del quinto grado, expres\u00f3 que este programa es un gran apoyo por el ahorro econ\u00f3mico que representa para los padres de familia.<\/p>\n\n\n\n<blockquote class=\"wp-block-quote is-layout-flow wp-block-quote-is-layout-flow\"><p>Es un acierto todo esto, una obra muy buena y agradezco a la presidenta municipal por traer los beneficios a la escuela, es una gran impresi\u00f3n de ella y desde hace mucho no ve\u00edamos este tipo de acciones\u201d, coment\u00f3.<\/p><\/blockquote>\n\n\n\n<p class=\"wp-block-paragraph\">Karla Hern\u00e1ndez Ju\u00e1rez, practicante y encargada del sal\u00f3n de sexto grado, agradeci\u00f3 los esfuerzos del Gobierno Municipal para brindar atenci\u00f3n m\u00e9dica gratuita y de calidad.<\/p>\n\n\n\n<blockquote class=\"wp-block-quote is-layout-flow wp-block-quote-is-layout-flow\"><p>Qu\u00e9 bueno que el Ayuntamiento piense y ayude a los ni\u00f1os con estos programas, es una gran iniciativa y es de reconocer el trabajo, considero que la presidenta ha hecho un gran trabajo\u201d, finaliz\u00f3. <\/p><\/blockquote>\n\n\n\n<p class=\"wp-block-paragraph\">Esta iniciativa lleva una semana en labores y se mantendr\u00e1 activa para llevar el derecho universal de la salud a estudiantes de todos los niveles educativos de planteles p\u00fablicos y privados.<\/p>\n","protected":false},"excerpt":{"rendered":"<p>NUEVO LAREDO.- Como parte del programa \u201cEscuela y Salud\u201d, el Gobierno Municipal atendi\u00f3 a m\u00e1s de 220 ni\u00f1os<\/p>\n","protected":false},"author":1,"featured_media":437,"comment_status":"closed","ping_status":"closed","sticky":false,"template":"","format":"standard","meta":{"_crdt_document":"","_jetpack_memberships_contains_paid_content":false,"footnotes":"","jetpack_publicize_message":"Atienden a 220 ni\u00f1os de la primaria \u201cReginaldo Elizondo Garza\u201d de la colonia Granjas Regina","jetpack_publicize_feature_enabled":true,"jetpack_social_post_already_shared":true,"jetpack_social_options":{"image_generator_settings":{"template":"highway","default_image_id":0,"font":"","enabled":false},"version":2},"_wpas_customize_per_network":false},"categories":[5],"tags":[],"class_list":["post-436","post","type-post","status-publish","format-standard","has-post-thumbnail","hentry","category-dos-laredos"],"magazineBlocksPostFeaturedMedia":{"thumbnail":"https:\/\/pornuestrolaredo.com\/wp-content\/uploads\/2022\/10\/PNL-20221001-5-150x150.jpg","medium":"https:\/\/pornuestrolaredo.com\/wp-content\/uploads\/2022\/10\/PNL-20221001-5-300x200.jpg","medium_large":"https:\/\/pornuestrolaredo.com\/wp-content\/uploads\/2022\/10\/PNL-20221001-5-768x512.jpg","large":"https:\/\/pornuestrolaredo.com\/wp-content\/uploads\/2022\/10\/PNL-20221001-5-1024x682.jpg","1536x1536":"https:\/\/pornuestrolaredo.com\/wp-content\/uploads\/2022\/10\/PNL-20221001-5.jpg","2048x2048":"https:\/\/pornuestrolaredo.com\/wp-content\/uploads\/2022\/10\/PNL-20221001-5.jpg","morenews-large":"https:\/\/pornuestrolaredo.com\/wp-content\/uploads\/2022\/10\/PNL-20221001-5.jpg","morenews-medium":"https:\/\/pornuestrolaredo.com\/wp-content\/uploads\/2022\/10\/PNL-20221001-5.jpg"},"magazineBlocksPostAuthor":{"name":"Redactor","avatar":"https:\/\/pornuestrolaredo.com\/wp-content\/litespeed\/avatar\/dca1d7ec750c399f025f23b0b314f4cf.jpg?ver=1777007253"},"magazineBlocksPostCommentsNumber":false,"magazineBlocksPostExcerpt":"NUEVO LAREDO.- Como parte del programa \u201cEscuela y Salud\u201d, el Gobierno Municipal atendi\u00f3 a m\u00e1s de 220 ni\u00f1os","magazineBlocksPostCategories":["Dos Laredos"],"magazineBlocksPostViewCount":122,"magazineBlocksPostReadTime":3,"magazine_blocks_featured_image_url":{"full":["https:\/\/pornuestrolaredo.com\/wp-content\/uploads\/2022\/10\/PNL-20221001-5.jpg",1280,853,false],"medium":["https:\/\/pornuestrolaredo.com\/wp-content\/uploads\/2022\/10\/PNL-20221001-5-300x200.jpg",300,200,true],"thumbnail":["https:\/\/pornuestrolaredo.com\/wp-content\/uploads\/2022\/10\/PNL-20221001-5-150x150.jpg",150,150,true]},"magazine_blocks_author":{"display_name":"Redactor","author_link":"https:\/\/pornuestrolaredo.com\/?author=1"},"magazine_blocks_comment":0,"magazine_blocks_author_image":"https:\/\/pornuestrolaredo.com\/wp-content\/litespeed\/avatar\/dca1d7ec750c399f025f23b0b314f4cf.jpg?ver=1777007253","magazine_blocks_category":"<a href=\"#\" class=\"category-link category-link-5\">Dos Laredos<\/a>","jetpack_publicize_connections":[],"featured_image_urls":{"full":["https:\/\/pornuestrolaredo.com\/wp-content\/uploads\/2022\/10\/PNL-20221001-5.jpg",1280,853,false],"thumbnail":["https:\/\/pornuestrolaredo.com\/wp-content\/uploads\/2022\/10\/PNL-20221001-5-150x150.jpg",150,150,true],"medium":["https:\/\/pornuestrolaredo.com\/wp-content\/uploads\/2022\/10\/PNL-20221001-5-300x200.jpg",300,200,true],"medium_large":["https:\/\/pornuestrolaredo.com\/wp-content\/uploads\/2022\/10\/PNL-20221001-5-768x512.jpg",640,427,true],"large":["https:\/\/pornuestrolaredo.com\/wp-content\/uploads\/2022\/10\/PNL-20221001-5-1024x682.jpg",640,426,true],"1536x1536":["https:\/\/pornuestrolaredo.com\/wp-content\/uploads\/2022\/10\/PNL-20221001-5.jpg",1280,853,false],"2048x2048":["https:\/\/pornuestrolaredo.com\/wp-content\/uploads\/2022\/10\/PNL-20221001-5.jpg",1280,853,false],"morenews-large":["https:\/\/pornuestrolaredo.com\/wp-content\/uploads\/2022\/10\/PNL-20221001-5.jpg",825,550,false],"morenews-medium":["https:\/\/pornuestrolaredo.com\/wp-content\/uploads\/2022\/10\/PNL-20221001-5.jpg",590,393,false]},"author_info":{"info":["Redactor"]},"category_info":"<a href=\"https:\/\/pornuestrolaredo.com\/?cat=5\" rel=\"category\">Dos Laredos<\/a>","tag_info":"Dos Laredos","comment_count":"0","jetpack_featured_media_url":"https:\/\/pornuestrolaredo.com\/wp-content\/uploads\/2022\/10\/PNL-20221001-5.jpg","jetpack_sharing_enabled":true,"_links":{"self":[{"href":"https:\/\/pornuestrolaredo.com\/index.php?rest_route=\/wp\/v2\/posts\/436","targetHints":{"allow":["GET"]}}],"collection":[{"href":"https:\/\/pornuestrolaredo.com\/index.php?rest_route=\/wp\/v2\/posts"}],"about":[{"href":"https:\/\/pornuestrolaredo.com\/index.php?rest_route=\/wp\/v2\/types\/post"}],"author":[{"embeddable":true,"href":"https:\/\/pornuestrolaredo.com\/index.php?rest_route=\/wp\/v2\/users\/1"}],"replies":[{"embeddable":true,"href":"https:\/\/pornuestrolaredo.com\/index.php?rest_route=%2Fwp%2Fv2%2Fcomments&post=436"}],"version-history":[{"count":2,"href":"https:\/\/pornuestrolaredo.com\/index.php?rest_route=\/wp\/v2\/posts\/436\/revisions"}],"predecessor-version":[{"id":478,"href":"https:\/\/pornuestrolaredo.com\/index.php?rest_route=\/wp\/v2\/posts\/436\/revisions\/478"}],"wp:featuredmedia":[{"embeddable":true,"href":"https:\/\/pornuestrolaredo.com\/index.php?rest_route=\/wp\/v2\/media\/437"}],"wp:attachment":[{"href":"https:\/\/pornuestrolaredo.com\/index.php?rest_route=%2Fwp%2Fv2%2Fmedia&parent=436"}],"wp:term":[{"taxonomy":"category","embeddable":true,"href":"https:\/\/pornuestrolaredo.com\/index.php?rest_route=%2Fwp%2Fv2%2Fcategories&post=436"},{"taxonomy":"post_tag","embeddable":true,"href":"https:\/\/pornuestrolaredo.com\/index.php?rest_route=%2Fwp%2Fv2%2Ftags&post=436"}],"curies":[{"name":"wp","href":"https:\/\/api.w.org\/{rel}","templated":true}]}}