{"id":4366,"date":"2024-05-14T19:47:52","date_gmt":"2024-05-14T19:47:52","guid":{"rendered":"https:\/\/pornuestrolaredo.com\/?p=4366"},"modified":"2024-05-14T19:48:14","modified_gmt":"2024-05-14T19:48:14","slug":"se-alista-nld-ante-posibilidad-de-ser-azotado-por-un-huracan","status":"publish","type":"post","link":"https:\/\/pornuestrolaredo.com\/?p=4366","title":{"rendered":"Se alista NLD ante posibilidad de ser azotado por un hurac\u00e1n"},"content":{"rendered":"<p><strong><em>NUEVO LAREDO.-<\/em><\/strong> La temporada de huracanes en el Atl\u00e1ntico est\u00e1 pr\u00f3xima a comenzar este 1 de junio y la del Pac\u00edfico iniciar\u00e1 ma\u00f1ana. Nuevo Laredo est\u00e1 listo para enfrentar un fen\u00f3meno hidroclim\u00e1tico de grandes dimensiones.<\/p>\n<p>Este martes se realiz\u00f3 la primera sesi\u00f3n ordinaria del Consejo Municipal de Protecci\u00f3n Civil, en  la que participaron  representantes de los diversos organismos p\u00fablicos y de la sociedad civil.<\/p>\n<p>La idea es coordinarse y estar preparados para en caso de ser blanco de un hurac\u00e1n o los restos de uno de estos fen\u00f3menos hidroclim\u00e1ticos.<\/p>\n<p>Para el Pac\u00edfico se pronostican de 15 a 18 fen\u00f3menos y para el Atl\u00e1ntico, que son los que podr\u00edan afectar a Nuevo Laredo, 23, de esos, seg\u00fan el Servicio Meteorol\u00f3gico Nacional de M\u00e9xico, son de 11 a 12 tormentas tropicales, de cinco a seis huracanes de categor\u00edas 1 y 2 y de cuatro a cinco de categor\u00edas mayores, es decir 3, 4 y 5.<\/p>\n<p>Aunque no existe la seguridad de cu\u00e1ndo  un  fen\u00f3meno natural nos vaya a afectar, Nuevo Laredo ha priorizado el tema de la prevenci\u00f3n por lo que los elementos de Protecci\u00f3n Civil, junto a las diversas dependencias locales, estatales, federales y de organismos privados, se encuentran debidamente preparados para  enfrentar cualquier contingencia.<\/p>\n<p>El gobierno de Nuevo Laredo, ha realizado una importante inversi\u00f3n en los colectores que ser\u00e1n de gran ayuda para el desfogue de las lluvias torrenciales que acompa\u00f1an a estos fen\u00f3menos meteorol\u00f3gicos.<\/p>\n<p>Diversas dependencias est\u00e1n coordinadas para auxiliar en caso de azotar alg\u00fan fen\u00f3meno meteorol\u00f3gico, por ejemplo: la Secretar\u00eda de Servicios P\u00fablicos Primarios, apoyar\u00eda con  personal para remover \u00e1rboles, basura y escombros, las dependencias de Salud para dar auxilio a quienes lo requieran y la Direcci\u00f3n de Tr\u00e1nsito y Vialidad para auxiliar en  la agilizaci\u00f3n del tr\u00e1fico.<\/p>\n<p>Tambi\u00e9n participar\u00e1n Migraci\u00f3n y Aduanas para el traslado de insumos que se requieran, la COMAPA para desazolve y garantizar el servicio de agua potable, organismos privados como el sector maquilador apoyar\u00eda  con  recursos materiales en donde se requiera.<\/p>\n<p>Se hace \u00e9nfasis en que la ciudadan\u00eda debe estar atenta a los  avisos de las autoridades por la llegada de cualquier fen\u00f3meno, adem\u00e1s de mantener limpia sus viviendas para evitar que la basura tape las alcantarillas.<\/p>\n","protected":false},"excerpt":{"rendered":"<p>Realizan la primera sesi\u00f3n ordinaria del Consejo Municipal de Protecci\u00f3n Civil, entre diversos organismos p\u00fablicos y de la sociedad civil<\/p>\n","protected":false},"author":1,"featured_media":4367,"comment_status":"closed","ping_status":"closed","sticky":false,"template":"","format":"standard","meta":{"_crdt_document":"","_jetpack_memberships_contains_paid_content":false,"footnotes":"","jetpack_publicize_message":"","jetpack_publicize_feature_enabled":true,"jetpack_social_post_already_shared":true,"jetpack_social_options":{"image_generator_settings":{"template":"highway","default_image_id":0,"font":"","enabled":false},"version":2},"_wpas_customize_per_network":false},"categories":[4],"tags":[],"class_list":["post-4366","post","type-post","status-publish","format-standard","has-post-thumbnail","hentry","category-los-dos-laredos"],"magazineBlocksPostFeaturedMedia":{"thumbnail":"https:\/\/pornuestrolaredo.com\/wp-content\/uploads\/2024\/05\/Stereo91-20240514-5-150x150.jpg","medium":"https:\/\/pornuestrolaredo.com\/wp-content\/uploads\/2024\/05\/Stereo91-20240514-5-300x158.jpg","medium_large":"https:\/\/pornuestrolaredo.com\/wp-content\/uploads\/2024\/05\/Stereo91-20240514-5-768x404.jpg","large":"https:\/\/pornuestrolaredo.com\/wp-content\/uploads\/2024\/05\/Stereo91-20240514-5-1000x527.jpg","1536x1536":"https:\/\/pornuestrolaredo.com\/wp-content\/uploads\/2024\/05\/Stereo91-20240514-5-1536x809.jpg","2048x2048":"https:\/\/pornuestrolaredo.com\/wp-content\/uploads\/2024\/05\/Stereo91-20240514-5.jpg","morenews-large":"https:\/\/pornuestrolaredo.com\/wp-content\/uploads\/2024\/05\/Stereo91-20240514-5.jpg","morenews-medium":"https:\/\/pornuestrolaredo.com\/wp-content\/uploads\/2024\/05\/Stereo91-20240514-5.jpg"},"magazineBlocksPostAuthor":{"name":"Redactor","avatar":"https:\/\/pornuestrolaredo.com\/wp-content\/litespeed\/avatar\/dca1d7ec750c399f025f23b0b314f4cf.jpg?ver=1777612120"},"magazineBlocksPostCommentsNumber":false,"magazineBlocksPostExcerpt":"Realizan la primera sesi\u00f3n ordinaria del Consejo Municipal de Protecci\u00f3n Civil, entre diversos organismos p\u00fablicos y de la sociedad civil","magazineBlocksPostCategories":["Los dos Laredos"],"magazineBlocksPostViewCount":146,"magazineBlocksPostReadTime":3,"magazine_blocks_featured_image_url":{"full":["https:\/\/pornuestrolaredo.com\/wp-content\/uploads\/2024\/05\/Stereo91-20240514-5.jpg",1633,860,false],"medium":["https:\/\/pornuestrolaredo.com\/wp-content\/uploads\/2024\/05\/Stereo91-20240514-5-300x158.jpg",300,158,true],"thumbnail":["https:\/\/pornuestrolaredo.com\/wp-content\/uploads\/2024\/05\/Stereo91-20240514-5-150x150.jpg",150,150,true]},"magazine_blocks_author":{"display_name":"Redactor","author_link":"https:\/\/pornuestrolaredo.com\/?author=1"},"magazine_blocks_comment":0,"magazine_blocks_author_image":"https:\/\/pornuestrolaredo.com\/wp-content\/litespeed\/avatar\/dca1d7ec750c399f025f23b0b314f4cf.jpg?ver=1777612120","magazine_blocks_category":"<a href=\"#\" class=\"category-link category-link-4\">Los dos Laredos<\/a>","jetpack_publicize_connections":[],"featured_image_urls":{"full":["https:\/\/pornuestrolaredo.com\/wp-content\/uploads\/2024\/05\/Stereo91-20240514-5.jpg",1633,860,false],"thumbnail":["https:\/\/pornuestrolaredo.com\/wp-content\/uploads\/2024\/05\/Stereo91-20240514-5-150x150.jpg",150,150,true],"medium":["https:\/\/pornuestrolaredo.com\/wp-content\/uploads\/2024\/05\/Stereo91-20240514-5-300x158.jpg",300,158,true],"medium_large":["https:\/\/pornuestrolaredo.com\/wp-content\/uploads\/2024\/05\/Stereo91-20240514-5-768x404.jpg",640,337,true],"large":["https:\/\/pornuestrolaredo.com\/wp-content\/uploads\/2024\/05\/Stereo91-20240514-5-1000x527.jpg",640,337,true],"1536x1536":["https:\/\/pornuestrolaredo.com\/wp-content\/uploads\/2024\/05\/Stereo91-20240514-5-1536x809.jpg",1536,809,true],"2048x2048":["https:\/\/pornuestrolaredo.com\/wp-content\/uploads\/2024\/05\/Stereo91-20240514-5.jpg",1633,860,false],"morenews-large":["https:\/\/pornuestrolaredo.com\/wp-content\/uploads\/2024\/05\/Stereo91-20240514-5.jpg",825,434,false],"morenews-medium":["https:\/\/pornuestrolaredo.com\/wp-content\/uploads\/2024\/05\/Stereo91-20240514-5.jpg",590,311,false]},"author_info":{"info":["Redactor"]},"category_info":"<a href=\"https:\/\/pornuestrolaredo.com\/?cat=4\" rel=\"category\">Los dos Laredos<\/a>","tag_info":"Los dos Laredos","comment_count":"0","jetpack_featured_media_url":"https:\/\/pornuestrolaredo.com\/wp-content\/uploads\/2024\/05\/Stereo91-20240514-5.jpg","jetpack_sharing_enabled":true,"_links":{"self":[{"href":"https:\/\/pornuestrolaredo.com\/index.php?rest_route=\/wp\/v2\/posts\/4366","targetHints":{"allow":["GET"]}}],"collection":[{"href":"https:\/\/pornuestrolaredo.com\/index.php?rest_route=\/wp\/v2\/posts"}],"about":[{"href":"https:\/\/pornuestrolaredo.com\/index.php?rest_route=\/wp\/v2\/types\/post"}],"author":[{"embeddable":true,"href":"https:\/\/pornuestrolaredo.com\/index.php?rest_route=\/wp\/v2\/users\/1"}],"replies":[{"embeddable":true,"href":"https:\/\/pornuestrolaredo.com\/index.php?rest_route=%2Fwp%2Fv2%2Fcomments&post=4366"}],"version-history":[{"count":1,"href":"https:\/\/pornuestrolaredo.com\/index.php?rest_route=\/wp\/v2\/posts\/4366\/revisions"}],"predecessor-version":[{"id":4368,"href":"https:\/\/pornuestrolaredo.com\/index.php?rest_route=\/wp\/v2\/posts\/4366\/revisions\/4368"}],"wp:featuredmedia":[{"embeddable":true,"href":"https:\/\/pornuestrolaredo.com\/index.php?rest_route=\/wp\/v2\/media\/4367"}],"wp:attachment":[{"href":"https:\/\/pornuestrolaredo.com\/index.php?rest_route=%2Fwp%2Fv2%2Fmedia&parent=4366"}],"wp:term":[{"taxonomy":"category","embeddable":true,"href":"https:\/\/pornuestrolaredo.com\/index.php?rest_route=%2Fwp%2Fv2%2Fcategories&post=4366"},{"taxonomy":"post_tag","embeddable":true,"href":"https:\/\/pornuestrolaredo.com\/index.php?rest_route=%2Fwp%2Fv2%2Ftags&post=4366"}],"curies":[{"name":"wp","href":"https:\/\/api.w.org\/{rel}","templated":true}]}}