{"id":4374,"date":"2024-05-15T15:53:34","date_gmt":"2024-05-15T15:53:34","guid":{"rendered":"https:\/\/pornuestrolaredo.com\/?p=4374"},"modified":"2024-05-15T15:53:34","modified_gmt":"2024-05-15T15:53:34","slug":"atacan-a-balazos-a-primer-ministro-de-eslovaquia","status":"publish","type":"post","link":"https:\/\/pornuestrolaredo.com\/?p=4374","title":{"rendered":"Atacan a balazos a primer ministro de Eslovaquia"},"content":{"rendered":"<p><strong><em>BRATISLAVA, ESLOVAQUIA.-<\/em> <\/strong>El Primer Ministro de Eslovaquia, Robert Fico, se encuentra en estado cr\u00edtico despu\u00e9s de haber sido herido en un tiroteo durante un evento pol\u00edtico el mi\u00e9rcoles por la tarde (hora de Bratislava.<\/p>\n<p>La emisora eslovaca TA3 report\u00f3 que Fico, de 59 a\u00f1os, fue baleado en el est\u00f3mago luego que estallaron cuatro disparos afuera de la Casa de la Cultura del pueblo Handlova, a unos 150 kil\u00f3metros al noreste de la capital, a donde Fico hab\u00eda ido para reunirse con partidarios.<\/p>\n<p>A\u00f1adi\u00f3 que un sospechoso fue detenido. La Polic\u00eda acordon\u00f3 la zona.<\/p>\n<p>La directora del hospital local, Marta Eckhardtova, inform\u00f3 que el Primer Ministro fue trasladado al nosocomio y fue tratado en la unidad de cirug\u00eda vascular.<br \/>\n&#8220;M\u00e1s tarde el Primer Ministro fue trasladado desde nuestro hospital y se encuentra de camino a Bratislava&#8221;, declar\u00f3 a AFP.<\/p>\n<p>Un mensaje publicado en la cuenta de Facebook de Fico dec\u00eda que el l\u00edder &#8220;ha recibido m\u00faltiples disparos y actualmente se encuentra en condiciones potencialmente mortales. En este momento lo transportan en helic\u00f3ptero a Bansk\u00e1 Bystrica, porque llegar a Bratislava tardar\u00eda demasiado debido a la necesidad de un procedimiento urgente&#8221;.<\/p>\n<p>El vicepresidente del parlamento Lubos Blaha confirm\u00f3 el incidente en una sesi\u00f3n legislativa, la que declar\u00f3 concluida hasta nuevo aviso, report\u00f3 la agencia de noticias eslovaca TASR.<\/p>\n<p>La Presidenta Zuzana Caputova conden\u00f3 el &#8220;brutal y despiadado&#8221; ataque contra el Primer Ministro. &#8220;Estoy aturdida&#8221;, dijo Caputova.<\/p>\n<blockquote><p>Le deseo a Robert Fico mucha fuerza en este momento cr\u00edtico y una r\u00e1pida recuperaci\u00f3n despu\u00e9s de este ataque&#8221;.<\/p><\/blockquote>\n<p>Fico se ha alineado con el Primer Ministro h\u00fangaro, Viktor Orban, al oponerse a la ayuda a Ucrania y desafiar las opiniones dominantes dentro de la Uni\u00f3n Europea.<\/p>\n<p>El mi\u00e9rcoles, Orban se apresur\u00f3 a enviar buenos deseos a Fico, a quien llam\u00f3 &#8220;mi amigo&#8221;.<\/p>\n<blockquote><p>Rezamos por su salud y su r\u00e1pida recuperaci\u00f3n&#8221;, escribi\u00f3 Orban en las redes sociales.<\/p><\/blockquote>\n<p>Ursula von der Leyen, la presidenta de la Comisi\u00f3n Europea que se ha enfrentado a Fico en el pasado, tambi\u00e9n dijo que condenaba en\u00e9rgicamente el &#8220;vil ataque&#8221;.<\/p>\n<blockquote><p>Estos actos de violencia no tienen cabida en nuestra sociedad y socavan la democracia, nuestro bien com\u00fan m\u00e1s preciado&#8221;, escribi\u00f3 en redes sociales.<\/p><\/blockquote>\n","protected":false},"excerpt":{"rendered":"<p>El pol\u00edtico de la rep\u00fablica que alguna vez form\u00f3 a la antigua Checoslovaquia est\u00e1 en condici\u00f3n cr\u00edtica <\/p>\n","protected":false},"author":1,"featured_media":4375,"comment_status":"closed","ping_status":"closed","sticky":false,"template":"","format":"standard","meta":{"_crdt_document":"","_jetpack_memberships_contains_paid_content":false,"footnotes":"","jetpack_publicize_message":"","jetpack_publicize_feature_enabled":true,"jetpack_social_post_already_shared":true,"jetpack_social_options":{"image_generator_settings":{"template":"highway","default_image_id":0,"font":"","enabled":false},"version":2},"_wpas_customize_per_network":false},"categories":[9],"tags":[],"class_list":["post-4374","post","type-post","status-publish","format-standard","has-post-thumbnail","hentry","category-el-mundo"],"magazineBlocksPostFeaturedMedia":{"thumbnail":"https:\/\/pornuestrolaredo.com\/wp-content\/uploads\/2024\/05\/Stereo91-20240515-2-150x150.jpg","medium":"https:\/\/pornuestrolaredo.com\/wp-content\/uploads\/2024\/05\/Stereo91-20240515-2-300x200.jpg","medium_large":"https:\/\/pornuestrolaredo.com\/wp-content\/uploads\/2024\/05\/Stereo91-20240515-2-768x512.jpg","large":"https:\/\/pornuestrolaredo.com\/wp-content\/uploads\/2024\/05\/Stereo91-20240515-2.jpg","1536x1536":"https:\/\/pornuestrolaredo.com\/wp-content\/uploads\/2024\/05\/Stereo91-20240515-2.jpg","2048x2048":"https:\/\/pornuestrolaredo.com\/wp-content\/uploads\/2024\/05\/Stereo91-20240515-2.jpg","morenews-large":"https:\/\/pornuestrolaredo.com\/wp-content\/uploads\/2024\/05\/Stereo91-20240515-2.jpg","morenews-medium":"https:\/\/pornuestrolaredo.com\/wp-content\/uploads\/2024\/05\/Stereo91-20240515-2.jpg"},"magazineBlocksPostAuthor":{"name":"Redactor","avatar":"https:\/\/pornuestrolaredo.com\/wp-content\/litespeed\/avatar\/dca1d7ec750c399f025f23b0b314f4cf.jpg?ver=1777612120"},"magazineBlocksPostCommentsNumber":false,"magazineBlocksPostExcerpt":"El pol\u00edtico de la rep\u00fablica que alguna vez form\u00f3 a la antigua Checoslovaquia est\u00e1 en condici\u00f3n cr\u00edtica ","magazineBlocksPostCategories":["El Mundo"],"magazineBlocksPostViewCount":118,"magazineBlocksPostReadTime":2,"magazine_blocks_featured_image_url":{"full":["https:\/\/pornuestrolaredo.com\/wp-content\/uploads\/2024\/05\/Stereo91-20240515-2.jpg",960,640,false],"medium":["https:\/\/pornuestrolaredo.com\/wp-content\/uploads\/2024\/05\/Stereo91-20240515-2-300x200.jpg",300,200,true],"thumbnail":["https:\/\/pornuestrolaredo.com\/wp-content\/uploads\/2024\/05\/Stereo91-20240515-2-150x150.jpg",150,150,true]},"magazine_blocks_author":{"display_name":"Redactor","author_link":"https:\/\/pornuestrolaredo.com\/?author=1"},"magazine_blocks_comment":0,"magazine_blocks_author_image":"https:\/\/pornuestrolaredo.com\/wp-content\/litespeed\/avatar\/dca1d7ec750c399f025f23b0b314f4cf.jpg?ver=1777612120","magazine_blocks_category":"<a href=\"#\" class=\"category-link category-link-9\">El Mundo<\/a>","jetpack_publicize_connections":[],"featured_image_urls":{"full":["https:\/\/pornuestrolaredo.com\/wp-content\/uploads\/2024\/05\/Stereo91-20240515-2.jpg",960,640,false],"thumbnail":["https:\/\/pornuestrolaredo.com\/wp-content\/uploads\/2024\/05\/Stereo91-20240515-2-150x150.jpg",150,150,true],"medium":["https:\/\/pornuestrolaredo.com\/wp-content\/uploads\/2024\/05\/Stereo91-20240515-2-300x200.jpg",300,200,true],"medium_large":["https:\/\/pornuestrolaredo.com\/wp-content\/uploads\/2024\/05\/Stereo91-20240515-2-768x512.jpg",640,427,true],"large":["https:\/\/pornuestrolaredo.com\/wp-content\/uploads\/2024\/05\/Stereo91-20240515-2.jpg",640,427,false],"1536x1536":["https:\/\/pornuestrolaredo.com\/wp-content\/uploads\/2024\/05\/Stereo91-20240515-2.jpg",960,640,false],"2048x2048":["https:\/\/pornuestrolaredo.com\/wp-content\/uploads\/2024\/05\/Stereo91-20240515-2.jpg",960,640,false],"morenews-large":["https:\/\/pornuestrolaredo.com\/wp-content\/uploads\/2024\/05\/Stereo91-20240515-2.jpg",825,550,false],"morenews-medium":["https:\/\/pornuestrolaredo.com\/wp-content\/uploads\/2024\/05\/Stereo91-20240515-2.jpg",590,393,false]},"author_info":{"info":["Redactor"]},"category_info":"<a href=\"https:\/\/pornuestrolaredo.com\/?cat=9\" rel=\"category\">El Mundo<\/a>","tag_info":"El Mundo","comment_count":"0","jetpack_featured_media_url":"https:\/\/pornuestrolaredo.com\/wp-content\/uploads\/2024\/05\/Stereo91-20240515-2.jpg","jetpack_sharing_enabled":true,"_links":{"self":[{"href":"https:\/\/pornuestrolaredo.com\/index.php?rest_route=\/wp\/v2\/posts\/4374","targetHints":{"allow":["GET"]}}],"collection":[{"href":"https:\/\/pornuestrolaredo.com\/index.php?rest_route=\/wp\/v2\/posts"}],"about":[{"href":"https:\/\/pornuestrolaredo.com\/index.php?rest_route=\/wp\/v2\/types\/post"}],"author":[{"embeddable":true,"href":"https:\/\/pornuestrolaredo.com\/index.php?rest_route=\/wp\/v2\/users\/1"}],"replies":[{"embeddable":true,"href":"https:\/\/pornuestrolaredo.com\/index.php?rest_route=%2Fwp%2Fv2%2Fcomments&post=4374"}],"version-history":[{"count":1,"href":"https:\/\/pornuestrolaredo.com\/index.php?rest_route=\/wp\/v2\/posts\/4374\/revisions"}],"predecessor-version":[{"id":4376,"href":"https:\/\/pornuestrolaredo.com\/index.php?rest_route=\/wp\/v2\/posts\/4374\/revisions\/4376"}],"wp:featuredmedia":[{"embeddable":true,"href":"https:\/\/pornuestrolaredo.com\/index.php?rest_route=\/wp\/v2\/media\/4375"}],"wp:attachment":[{"href":"https:\/\/pornuestrolaredo.com\/index.php?rest_route=%2Fwp%2Fv2%2Fmedia&parent=4374"}],"wp:term":[{"taxonomy":"category","embeddable":true,"href":"https:\/\/pornuestrolaredo.com\/index.php?rest_route=%2Fwp%2Fv2%2Fcategories&post=4374"},{"taxonomy":"post_tag","embeddable":true,"href":"https:\/\/pornuestrolaredo.com\/index.php?rest_route=%2Fwp%2Fv2%2Ftags&post=4374"}],"curies":[{"name":"wp","href":"https:\/\/api.w.org\/{rel}","templated":true}]}}