{"id":4377,"date":"2024-05-16T16:47:01","date_gmt":"2024-05-16T16:47:01","guid":{"rendered":"https:\/\/pornuestrolaredo.com\/?p=4377"},"modified":"2024-05-16T16:47:01","modified_gmt":"2024-05-16T16:47:01","slug":"el-2023-el-mas-caluroso-en-2-mil-anos","status":"publish","type":"post","link":"https:\/\/pornuestrolaredo.com\/?p=4377","title":{"rendered":"El 2023, el m\u00e1s caluroso en 2 mil a\u00f1os"},"content":{"rendered":"<p><strong><em>PAR\u00cdS.- <\/em><\/strong>El 2023 ha sido el a\u00f1o m\u00e1s caluroso en 2 mil a\u00f1os en el hemisferio norte, revel\u00f3 un estudio que incluy\u00f3 analisis de anillos de \u00e1rboles.<\/p>\n<p>Originalmente se hab\u00eda informado que el 2023 fue el a\u00f1o m\u00e1s caluroso desde 1850, a\u00f1o en que se comenzaron a llevar estad\u00edsticas del tiempo en el mundo.<\/p>\n<p>Ahora, utilizando informaci\u00f3n clim\u00e1tica pasada procedente de anillos de \u00e1rboles resueltos anualmente durante dos milenios, cient\u00edficos de la Universidad de Cambridge y de la Universidad Johannes Gutenberg de Maguncia han demostrado lo excepcional que fue el verano de 2023. <\/p>\n<p>Los resultados, publicados en la revista Nature, tambi\u00e9n demuestran que en el hemisferio norte ya se ha incumplido el Acuerdo de Par\u00eds de 2015 para limitar el calentamiento a 1.5\u00b0C por encima de los niveles preindustriales.<\/p>\n<p>Incluso teniendo en cuenta las variaciones clim\u00e1ticas naturales a lo largo de cientos de a\u00f1os, 2023 sigui\u00f3 siendo el verano m\u00e1s caluroso desde el apogeo del Imperio Romano, superando los extremos de la variabilidad clim\u00e1tica natural en medio grado Celsius.<\/p>\n<blockquote><p>Cuando se analiza el largo recorrido de la historia, se puede ver lo dram\u00e1tico que es el reciente calentamiento global&#8221;, explica en un comunicado el coautor, el profesor Ulf B\u00fcntgen, del Departamento de Geograf\u00eda de Cambridge. 2023 fue un a\u00f1o excepcionalmente caluroso y esta tendencia continuar\u00e1 a menos que reduzcamos dr\u00e1sticamente las emisiones de gases de efecto invernadero\u201d<\/p><\/blockquote>\n","protected":false},"excerpt":{"rendered":"<p>Realizan estudio en los anillos de los \u00e1rboles en la Universidad de Cambridge y de la Universidad Johannes Gutenberg<\/p>\n","protected":false},"author":1,"featured_media":4378,"comment_status":"closed","ping_status":"closed","sticky":false,"template":"","format":"standard","meta":{"_crdt_document":"","_jetpack_memberships_contains_paid_content":false,"footnotes":"","jetpack_publicize_message":"","jetpack_publicize_feature_enabled":true,"jetpack_social_post_already_shared":true,"jetpack_social_options":{"image_generator_settings":{"template":"highway","default_image_id":0,"font":"","enabled":false},"version":2},"_wpas_customize_per_network":false},"categories":[9],"tags":[],"class_list":["post-4377","post","type-post","status-publish","format-standard","has-post-thumbnail","hentry","category-el-mundo"],"magazineBlocksPostFeaturedMedia":{"thumbnail":"https:\/\/pornuestrolaredo.com\/wp-content\/uploads\/2024\/05\/PNL-20240516-1-150x150.jpg","medium":"https:\/\/pornuestrolaredo.com\/wp-content\/uploads\/2024\/05\/PNL-20240516-1-300x200.jpg","medium_large":"https:\/\/pornuestrolaredo.com\/wp-content\/uploads\/2024\/05\/PNL-20240516-1-768x512.jpg","large":"https:\/\/pornuestrolaredo.com\/wp-content\/uploads\/2024\/05\/PNL-20240516-1.jpg","1536x1536":"https:\/\/pornuestrolaredo.com\/wp-content\/uploads\/2024\/05\/PNL-20240516-1.jpg","2048x2048":"https:\/\/pornuestrolaredo.com\/wp-content\/uploads\/2024\/05\/PNL-20240516-1.jpg","morenews-large":"https:\/\/pornuestrolaredo.com\/wp-content\/uploads\/2024\/05\/PNL-20240516-1.jpg","morenews-medium":"https:\/\/pornuestrolaredo.com\/wp-content\/uploads\/2024\/05\/PNL-20240516-1.jpg"},"magazineBlocksPostAuthor":{"name":"Redactor","avatar":"https:\/\/pornuestrolaredo.com\/wp-content\/litespeed\/avatar\/dca1d7ec750c399f025f23b0b314f4cf.jpg?ver=1777612120"},"magazineBlocksPostCommentsNumber":false,"magazineBlocksPostExcerpt":"Realizan estudio en los anillos de los \u00e1rboles en la Universidad de Cambridge y de la Universidad Johannes Gutenberg","magazineBlocksPostCategories":["El Mundo"],"magazineBlocksPostViewCount":124,"magazineBlocksPostReadTime":2,"magazine_blocks_featured_image_url":{"full":["https:\/\/pornuestrolaredo.com\/wp-content\/uploads\/2024\/05\/PNL-20240516-1.jpg",850,567,false],"medium":["https:\/\/pornuestrolaredo.com\/wp-content\/uploads\/2024\/05\/PNL-20240516-1-300x200.jpg",300,200,true],"thumbnail":["https:\/\/pornuestrolaredo.com\/wp-content\/uploads\/2024\/05\/PNL-20240516-1-150x150.jpg",150,150,true]},"magazine_blocks_author":{"display_name":"Redactor","author_link":"https:\/\/pornuestrolaredo.com\/?author=1"},"magazine_blocks_comment":0,"magazine_blocks_author_image":"https:\/\/pornuestrolaredo.com\/wp-content\/litespeed\/avatar\/dca1d7ec750c399f025f23b0b314f4cf.jpg?ver=1777612120","magazine_blocks_category":"<a href=\"#\" class=\"category-link category-link-9\">El Mundo<\/a>","jetpack_publicize_connections":[],"featured_image_urls":{"full":["https:\/\/pornuestrolaredo.com\/wp-content\/uploads\/2024\/05\/PNL-20240516-1.jpg",850,567,false],"thumbnail":["https:\/\/pornuestrolaredo.com\/wp-content\/uploads\/2024\/05\/PNL-20240516-1-150x150.jpg",150,150,true],"medium":["https:\/\/pornuestrolaredo.com\/wp-content\/uploads\/2024\/05\/PNL-20240516-1-300x200.jpg",300,200,true],"medium_large":["https:\/\/pornuestrolaredo.com\/wp-content\/uploads\/2024\/05\/PNL-20240516-1-768x512.jpg",640,427,true],"large":["https:\/\/pornuestrolaredo.com\/wp-content\/uploads\/2024\/05\/PNL-20240516-1.jpg",640,427,false],"1536x1536":["https:\/\/pornuestrolaredo.com\/wp-content\/uploads\/2024\/05\/PNL-20240516-1.jpg",850,567,false],"2048x2048":["https:\/\/pornuestrolaredo.com\/wp-content\/uploads\/2024\/05\/PNL-20240516-1.jpg",850,567,false],"morenews-large":["https:\/\/pornuestrolaredo.com\/wp-content\/uploads\/2024\/05\/PNL-20240516-1.jpg",825,550,false],"morenews-medium":["https:\/\/pornuestrolaredo.com\/wp-content\/uploads\/2024\/05\/PNL-20240516-1.jpg",590,394,false]},"author_info":{"info":["Redactor"]},"category_info":"<a href=\"https:\/\/pornuestrolaredo.com\/?cat=9\" rel=\"category\">El Mundo<\/a>","tag_info":"El Mundo","comment_count":"0","jetpack_featured_media_url":"https:\/\/pornuestrolaredo.com\/wp-content\/uploads\/2024\/05\/PNL-20240516-1.jpg","jetpack_sharing_enabled":true,"_links":{"self":[{"href":"https:\/\/pornuestrolaredo.com\/index.php?rest_route=\/wp\/v2\/posts\/4377","targetHints":{"allow":["GET"]}}],"collection":[{"href":"https:\/\/pornuestrolaredo.com\/index.php?rest_route=\/wp\/v2\/posts"}],"about":[{"href":"https:\/\/pornuestrolaredo.com\/index.php?rest_route=\/wp\/v2\/types\/post"}],"author":[{"embeddable":true,"href":"https:\/\/pornuestrolaredo.com\/index.php?rest_route=\/wp\/v2\/users\/1"}],"replies":[{"embeddable":true,"href":"https:\/\/pornuestrolaredo.com\/index.php?rest_route=%2Fwp%2Fv2%2Fcomments&post=4377"}],"version-history":[{"count":1,"href":"https:\/\/pornuestrolaredo.com\/index.php?rest_route=\/wp\/v2\/posts\/4377\/revisions"}],"predecessor-version":[{"id":4379,"href":"https:\/\/pornuestrolaredo.com\/index.php?rest_route=\/wp\/v2\/posts\/4377\/revisions\/4379"}],"wp:featuredmedia":[{"embeddable":true,"href":"https:\/\/pornuestrolaredo.com\/index.php?rest_route=\/wp\/v2\/media\/4378"}],"wp:attachment":[{"href":"https:\/\/pornuestrolaredo.com\/index.php?rest_route=%2Fwp%2Fv2%2Fmedia&parent=4377"}],"wp:term":[{"taxonomy":"category","embeddable":true,"href":"https:\/\/pornuestrolaredo.com\/index.php?rest_route=%2Fwp%2Fv2%2Fcategories&post=4377"},{"taxonomy":"post_tag","embeddable":true,"href":"https:\/\/pornuestrolaredo.com\/index.php?rest_route=%2Fwp%2Fv2%2Ftags&post=4377"}],"curies":[{"name":"wp","href":"https:\/\/api.w.org\/{rel}","templated":true}]}}