{"id":4380,"date":"2024-05-16T19:11:49","date_gmt":"2024-05-16T19:11:49","guid":{"rendered":"https:\/\/pornuestrolaredo.com\/?p=4380"},"modified":"2024-05-16T19:11:49","modified_gmt":"2024-05-16T19:11:49","slug":"busca-francis-ford-coppola-la-palma-de-oro","status":"publish","type":"post","link":"https:\/\/pornuestrolaredo.com\/?p=4380","title":{"rendered":"Busca Francis Ford Coppola la Palma de Oro"},"content":{"rendered":"<p><strong><em>CANNES, Francia.- <\/em><\/strong>Megal\u00f3polis, la esperada pel\u00edcula de Francis Ford Coppola, se estrena este jueves en Cannes, donde compite por la Palma de Oro.<\/p>\n<p>\u00bfUna obra maestra o una historia ca\u00f3tica? Los escasos cr\u00edticos que han tenido la oportunidad de verla se muestran divididos antes de la gala de presentaci\u00f3n, que promete reunir a una pl\u00e9tora de estrellas de Hollywood, capitaneados por el protagonista de la pel\u00edcula, Adam Driver.<\/p>\n<p>Autor de obras maestras como Apocalypse Now, con la que gan\u00f3 su segunda Palma de Oro hace 45 a\u00f1os, Coppola es un cineasta que no hace las cosas a medias.<\/p>\n<p>Para Megal\u00f3polis, por la que desfilan estrellas como Dustin Hoffman, Nathalie Emmanuel, Aubrey Plaza, Shia LaBeouf o Jon Voight, el director tuvo que hipotecar parte de sus propiedades, a causa del presupuesto de la cinta, de unos 120 millones de d\u00f3lares, seg\u00fan la prensa especializada.<\/p>\n<p>La pel\u00edcula cuenta los esfuerzos de un prestigioso arquitecto para recuperar una ciudad en total decadencia, ante la oposici\u00f3n del cacique local.<\/p>\n<p>Coppola asegur\u00f3 en entrevistas que lleva 40 a\u00f1os pensando esta obra, que ha reescrito varias veces.<\/p>\n<p>&#8220;Quer\u00eda hacer una pel\u00edcula sobre la manera como exprime un humano lo divino. Dir\u00eda que es la pel\u00edcula m\u00e1s ambiciosa en la que he trabajado, m\u00e1s que Apocalypse Now&#8221;, declar\u00f3 hace cinco a\u00f1os.<\/p>\n<p>Hace un mes, Coppola perdi\u00f3 a su esposa, Eleanor, su apoyo inamovible durante m\u00e1s de seis d\u00e9cadas, tambi\u00e9n en este \u00faltimo proyecto, que el director le dedica y que podr\u00eda ser su canto de cisne.<\/p>\n<p>UN MOMENTO DE NOSTALGIA<br \/>\nCannes vivir\u00e1 un momento de nostalgia en la alfombra roja, que puede que vuelva a repetirse varias veces en esta edici\u00f3n 77, puesto que a Coppola, de 85 a\u00f1os, lo acompa\u00f1an, en competencia o no, varios maestros de su generaci\u00f3n.<\/p>\n<p>Paul Schrader compite a sus 77 a\u00f1os con Oh, Canad\u00e1, que protagoniza tambi\u00e9n Richard Gere.<\/p>\n<p>George Lucas, que acaba de cumplir 80 a\u00f1os, ser\u00e1 objeto de un homenaje especial y recibir\u00e1 una Palma de Oro honor\u00edfica, como ya sucedi\u00f3 con Meryl Streep, de 74, en el inicio del certamen.<\/p>\n<p>Otro maestro, George Miller, el padre de Mad Max, present\u00f3 el mi\u00e9rcoles, fuera de concurso, Furiosa, otro cap\u00edtulo de este \u00e9xito de ciencia ficci\u00f3n.<\/p>\n<p>Coppola gan\u00f3 su primera Palma de Oro en 1974 con La Conversaci\u00f3n.<\/p>\n<p>Su leyenda no es solamente visual. Coppola forma parte de una generaci\u00f3n que cambi\u00f3 la forma en que se financiaban las pel\u00edculas respecto a la \u00e9poca de los grandes estudios.<\/p>\n<blockquote><p>Como cineasta y showman, Coppola siempre ha apuntado alto Ha desafiado la l\u00f3gica de su carrera&#8221;, explic\u00f3 a la AFP el veterano periodista de cine estadounidense Tim Gray.<\/p><\/blockquote>\n<blockquote><p>Me parece admirable que este hombre de 85 a\u00f1os se comporte como un cineasta independiente, como un artista que quiere venir a mostrar su trabajo. Cannes es importante para \u00e9l y \u00e9l es importante para Cannes&#8221;, considera Thierry Fr\u00e9maux, delegado general de la muestra.<\/p><\/blockquote>\n<p>El realizador de la trilog\u00eda de El Padrino rod\u00f3 su anterior largometraje, Twixt, en 2011.<\/p>\n<p>En Cannes se esperan otros pesos pesados del cine mundial: el griego Yorgos Lanthimos, con su musa Emma Stone, el franc\u00e9s Jacques Audiard, con una comedia musical ambientada en M\u00e9xico, o el canadiense David Cronenberg.<\/p>\n","protected":false},"excerpt":{"rendered":"<p>Lleva a Cannes, Francia, su nueva pel\u00edcula Megal\u00f3polis, que ha sido muy esperada por ser del realizador de la trilog\u00eda de El Padrino<\/p>\n","protected":false},"author":1,"featured_media":4381,"comment_status":"closed","ping_status":"closed","sticky":false,"template":"","format":"standard","meta":{"_crdt_document":"","_jetpack_memberships_contains_paid_content":false,"footnotes":"","jetpack_publicize_message":"","jetpack_publicize_feature_enabled":true,"jetpack_social_post_already_shared":true,"jetpack_social_options":{"image_generator_settings":{"template":"highway","default_image_id":0,"font":"","enabled":false},"version":2},"_wpas_customize_per_network":false},"categories":[34],"tags":[],"class_list":["post-4380","post","type-post","status-publish","format-standard","has-post-thumbnail","hentry","category-farandula"],"magazineBlocksPostFeaturedMedia":{"thumbnail":"https:\/\/pornuestrolaredo.com\/wp-content\/uploads\/2024\/05\/107FM-20240516-3-150x150.jpg","medium":"https:\/\/pornuestrolaredo.com\/wp-content\/uploads\/2024\/05\/107FM-20240516-3-300x173.jpg","medium_large":"https:\/\/pornuestrolaredo.com\/wp-content\/uploads\/2024\/05\/107FM-20240516-3-768x444.jpg","large":"https:\/\/pornuestrolaredo.com\/wp-content\/uploads\/2024\/05\/107FM-20240516-3.jpg","1536x1536":"https:\/\/pornuestrolaredo.com\/wp-content\/uploads\/2024\/05\/107FM-20240516-3.jpg","2048x2048":"https:\/\/pornuestrolaredo.com\/wp-content\/uploads\/2024\/05\/107FM-20240516-3.jpg","morenews-large":"https:\/\/pornuestrolaredo.com\/wp-content\/uploads\/2024\/05\/107FM-20240516-3.jpg","morenews-medium":"https:\/\/pornuestrolaredo.com\/wp-content\/uploads\/2024\/05\/107FM-20240516-3.jpg"},"magazineBlocksPostAuthor":{"name":"Redactor","avatar":"https:\/\/pornuestrolaredo.com\/wp-content\/litespeed\/avatar\/dca1d7ec750c399f025f23b0b314f4cf.jpg?ver=1777612120"},"magazineBlocksPostCommentsNumber":false,"magazineBlocksPostExcerpt":"Lleva a Cannes, Francia, su nueva pel\u00edcula Megal\u00f3polis, que ha sido muy esperada por ser del realizador de la trilog\u00eda de El Padrino","magazineBlocksPostCategories":["Far\u00e1ndula"],"magazineBlocksPostViewCount":130,"magazineBlocksPostReadTime":3,"magazine_blocks_featured_image_url":{"full":["https:\/\/pornuestrolaredo.com\/wp-content\/uploads\/2024\/05\/107FM-20240516-3.jpg",960,555,false],"medium":["https:\/\/pornuestrolaredo.com\/wp-content\/uploads\/2024\/05\/107FM-20240516-3-300x173.jpg",300,173,true],"thumbnail":["https:\/\/pornuestrolaredo.com\/wp-content\/uploads\/2024\/05\/107FM-20240516-3-150x150.jpg",150,150,true]},"magazine_blocks_author":{"display_name":"Redactor","author_link":"https:\/\/pornuestrolaredo.com\/?author=1"},"magazine_blocks_comment":0,"magazine_blocks_author_image":"https:\/\/pornuestrolaredo.com\/wp-content\/litespeed\/avatar\/dca1d7ec750c399f025f23b0b314f4cf.jpg?ver=1777612120","magazine_blocks_category":"<a href=\"#\" class=\"category-link category-link-34\">Far\u00e1ndula<\/a>","jetpack_publicize_connections":[],"featured_image_urls":{"full":["https:\/\/pornuestrolaredo.com\/wp-content\/uploads\/2024\/05\/107FM-20240516-3.jpg",960,555,false],"thumbnail":["https:\/\/pornuestrolaredo.com\/wp-content\/uploads\/2024\/05\/107FM-20240516-3-150x150.jpg",150,150,true],"medium":["https:\/\/pornuestrolaredo.com\/wp-content\/uploads\/2024\/05\/107FM-20240516-3-300x173.jpg",300,173,true],"medium_large":["https:\/\/pornuestrolaredo.com\/wp-content\/uploads\/2024\/05\/107FM-20240516-3-768x444.jpg",640,370,true],"large":["https:\/\/pornuestrolaredo.com\/wp-content\/uploads\/2024\/05\/107FM-20240516-3.jpg",640,370,false],"1536x1536":["https:\/\/pornuestrolaredo.com\/wp-content\/uploads\/2024\/05\/107FM-20240516-3.jpg",960,555,false],"2048x2048":["https:\/\/pornuestrolaredo.com\/wp-content\/uploads\/2024\/05\/107FM-20240516-3.jpg",960,555,false],"morenews-large":["https:\/\/pornuestrolaredo.com\/wp-content\/uploads\/2024\/05\/107FM-20240516-3.jpg",825,477,false],"morenews-medium":["https:\/\/pornuestrolaredo.com\/wp-content\/uploads\/2024\/05\/107FM-20240516-3.jpg",590,341,false]},"author_info":{"info":["Redactor"]},"category_info":"<a href=\"https:\/\/pornuestrolaredo.com\/?cat=34\" rel=\"category\">Far\u00e1ndula<\/a>","tag_info":"Far\u00e1ndula","comment_count":"0","jetpack_featured_media_url":"https:\/\/pornuestrolaredo.com\/wp-content\/uploads\/2024\/05\/107FM-20240516-3.jpg","jetpack_sharing_enabled":true,"_links":{"self":[{"href":"https:\/\/pornuestrolaredo.com\/index.php?rest_route=\/wp\/v2\/posts\/4380","targetHints":{"allow":["GET"]}}],"collection":[{"href":"https:\/\/pornuestrolaredo.com\/index.php?rest_route=\/wp\/v2\/posts"}],"about":[{"href":"https:\/\/pornuestrolaredo.com\/index.php?rest_route=\/wp\/v2\/types\/post"}],"author":[{"embeddable":true,"href":"https:\/\/pornuestrolaredo.com\/index.php?rest_route=\/wp\/v2\/users\/1"}],"replies":[{"embeddable":true,"href":"https:\/\/pornuestrolaredo.com\/index.php?rest_route=%2Fwp%2Fv2%2Fcomments&post=4380"}],"version-history":[{"count":1,"href":"https:\/\/pornuestrolaredo.com\/index.php?rest_route=\/wp\/v2\/posts\/4380\/revisions"}],"predecessor-version":[{"id":4382,"href":"https:\/\/pornuestrolaredo.com\/index.php?rest_route=\/wp\/v2\/posts\/4380\/revisions\/4382"}],"wp:featuredmedia":[{"embeddable":true,"href":"https:\/\/pornuestrolaredo.com\/index.php?rest_route=\/wp\/v2\/media\/4381"}],"wp:attachment":[{"href":"https:\/\/pornuestrolaredo.com\/index.php?rest_route=%2Fwp%2Fv2%2Fmedia&parent=4380"}],"wp:term":[{"taxonomy":"category","embeddable":true,"href":"https:\/\/pornuestrolaredo.com\/index.php?rest_route=%2Fwp%2Fv2%2Fcategories&post=4380"},{"taxonomy":"post_tag","embeddable":true,"href":"https:\/\/pornuestrolaredo.com\/index.php?rest_route=%2Fwp%2Fv2%2Ftags&post=4380"}],"curies":[{"name":"wp","href":"https:\/\/api.w.org\/{rel}","templated":true}]}}