{"id":4386,"date":"2024-05-16T23:12:29","date_gmt":"2024-05-16T23:12:29","guid":{"rendered":"https:\/\/pornuestrolaredo.com\/?p=4386"},"modified":"2024-05-16T23:12:29","modified_gmt":"2024-05-16T23:12:29","slug":"hospitalizan-a-ana-gabriel-por-influenza","status":"publish","type":"post","link":"https:\/\/pornuestrolaredo.com\/?p=4386","title":{"rendered":"Hospitalizan a Ana Gabriel por influenza"},"content":{"rendered":"<p><strong>SANTIAGO DE CHILE.-<\/strong> Ana Gabriel ingres\u00f3 al hospital de urgencias despu\u00e9s de su presentaci\u00f3n en Santiago de Chile, debido a un severo cuadro de influenza, por lo que pospuso su segundo concierto en la Arena Movistar del pa\u00eds.<\/p>\n<p>Debido a esto, tambi\u00e9n reprogram\u00f3 las fechas para Paraguay y Brasil.<\/p>\n<p>Por medio de sus redes sociales, la cantante se mostr\u00f3 desde la cama de un hospital y se sincer\u00f3 con su p\u00fablico, asegurando que le habr\u00eda costado trabajo realizar su \u00faltimo concierto.<\/p>\n<blockquote><p>Como pueden darse cuenta, amigos, tuve que venir despu\u00e9s del concierto, por eso es que me ven maquillada, a urgencias y di positivo a influenza. Tengo que tomar reposo para poder cumplir como debe de ser a ustedes, p\u00fablico querido&#8221;, expres\u00f3 la cantante.<\/p><\/blockquote>\n<p>La int\u00e9rprete de &#8220;Luna&#8221; asever\u00f3 que el show de este 15 de mayo se llevar\u00e1 a cabo el pr\u00f3ximo 20 de mayo, el cual forma parte de su gira internacional con la que celebra 50 a\u00f1os sobre de los escenarios.<\/p>\n<blockquote><p>Tengo que cumplirle a Santiago, tengo que cumplirle a Paraguay y tengo que cumplirle a Brasil, pero tengo que guardar reposo&#8221;, asegur\u00f3.<\/p><\/blockquote>\n<p>Los shows que Ana Gabriel tiene programados para el pr\u00f3ximo 17 y 18 de mayo en Chile se mantienen sin cambios.<\/p>\n","protected":false},"excerpt":{"rendered":"<p>La cantante mexicana fue atacada por la enfermedad en Chile, en su gira por Sudam\u00e9rica<\/p>\n","protected":false},"author":1,"featured_media":4387,"comment_status":"closed","ping_status":"closed","sticky":false,"template":"","format":"standard","meta":{"_crdt_document":"","_jetpack_memberships_contains_paid_content":false,"footnotes":"","jetpack_publicize_message":"","jetpack_publicize_feature_enabled":true,"jetpack_social_post_already_shared":true,"jetpack_social_options":{"image_generator_settings":{"template":"highway","default_image_id":0,"font":"","enabled":false},"version":2},"_wpas_customize_per_network":false},"categories":[34],"tags":[],"class_list":["post-4386","post","type-post","status-publish","format-standard","has-post-thumbnail","hentry","category-farandula"],"magazineBlocksPostFeaturedMedia":{"thumbnail":"https:\/\/pornuestrolaredo.com\/wp-content\/uploads\/2024\/05\/107FM-20240516-4-150x150.jpg","medium":"https:\/\/pornuestrolaredo.com\/wp-content\/uploads\/2024\/05\/107FM-20240516-4-300x173.jpg","medium_large":"https:\/\/pornuestrolaredo.com\/wp-content\/uploads\/2024\/05\/107FM-20240516-4-768x442.jpg","large":"https:\/\/pornuestrolaredo.com\/wp-content\/uploads\/2024\/05\/107FM-20240516-4.jpg","1536x1536":"https:\/\/pornuestrolaredo.com\/wp-content\/uploads\/2024\/05\/107FM-20240516-4.jpg","2048x2048":"https:\/\/pornuestrolaredo.com\/wp-content\/uploads\/2024\/05\/107FM-20240516-4.jpg","morenews-large":"https:\/\/pornuestrolaredo.com\/wp-content\/uploads\/2024\/05\/107FM-20240516-4.jpg","morenews-medium":"https:\/\/pornuestrolaredo.com\/wp-content\/uploads\/2024\/05\/107FM-20240516-4.jpg"},"magazineBlocksPostAuthor":{"name":"Redactor","avatar":"https:\/\/pornuestrolaredo.com\/wp-content\/litespeed\/avatar\/dca1d7ec750c399f025f23b0b314f4cf.jpg?ver=1777612120"},"magazineBlocksPostCommentsNumber":false,"magazineBlocksPostExcerpt":"La cantante mexicana fue atacada por la enfermedad en Chile, en su gira por Sudam\u00e9rica","magazineBlocksPostCategories":["Far\u00e1ndula"],"magazineBlocksPostViewCount":134,"magazineBlocksPostReadTime":2,"magazine_blocks_featured_image_url":{"full":["https:\/\/pornuestrolaredo.com\/wp-content\/uploads\/2024\/05\/107FM-20240516-4.jpg",960,553,false],"medium":["https:\/\/pornuestrolaredo.com\/wp-content\/uploads\/2024\/05\/107FM-20240516-4-300x173.jpg",300,173,true],"thumbnail":["https:\/\/pornuestrolaredo.com\/wp-content\/uploads\/2024\/05\/107FM-20240516-4-150x150.jpg",150,150,true]},"magazine_blocks_author":{"display_name":"Redactor","author_link":"https:\/\/pornuestrolaredo.com\/?author=1"},"magazine_blocks_comment":0,"magazine_blocks_author_image":"https:\/\/pornuestrolaredo.com\/wp-content\/litespeed\/avatar\/dca1d7ec750c399f025f23b0b314f4cf.jpg?ver=1777612120","magazine_blocks_category":"<a href=\"#\" class=\"category-link category-link-34\">Far\u00e1ndula<\/a>","jetpack_publicize_connections":[],"featured_image_urls":{"full":["https:\/\/pornuestrolaredo.com\/wp-content\/uploads\/2024\/05\/107FM-20240516-4.jpg",960,553,false],"thumbnail":["https:\/\/pornuestrolaredo.com\/wp-content\/uploads\/2024\/05\/107FM-20240516-4-150x150.jpg",150,150,true],"medium":["https:\/\/pornuestrolaredo.com\/wp-content\/uploads\/2024\/05\/107FM-20240516-4-300x173.jpg",300,173,true],"medium_large":["https:\/\/pornuestrolaredo.com\/wp-content\/uploads\/2024\/05\/107FM-20240516-4-768x442.jpg",640,368,true],"large":["https:\/\/pornuestrolaredo.com\/wp-content\/uploads\/2024\/05\/107FM-20240516-4.jpg",640,369,false],"1536x1536":["https:\/\/pornuestrolaredo.com\/wp-content\/uploads\/2024\/05\/107FM-20240516-4.jpg",960,553,false],"2048x2048":["https:\/\/pornuestrolaredo.com\/wp-content\/uploads\/2024\/05\/107FM-20240516-4.jpg",960,553,false],"morenews-large":["https:\/\/pornuestrolaredo.com\/wp-content\/uploads\/2024\/05\/107FM-20240516-4.jpg",825,475,false],"morenews-medium":["https:\/\/pornuestrolaredo.com\/wp-content\/uploads\/2024\/05\/107FM-20240516-4.jpg",590,340,false]},"author_info":{"info":["Redactor"]},"category_info":"<a href=\"https:\/\/pornuestrolaredo.com\/?cat=34\" rel=\"category\">Far\u00e1ndula<\/a>","tag_info":"Far\u00e1ndula","comment_count":"0","jetpack_featured_media_url":"https:\/\/pornuestrolaredo.com\/wp-content\/uploads\/2024\/05\/107FM-20240516-4.jpg","jetpack_sharing_enabled":true,"_links":{"self":[{"href":"https:\/\/pornuestrolaredo.com\/index.php?rest_route=\/wp\/v2\/posts\/4386","targetHints":{"allow":["GET"]}}],"collection":[{"href":"https:\/\/pornuestrolaredo.com\/index.php?rest_route=\/wp\/v2\/posts"}],"about":[{"href":"https:\/\/pornuestrolaredo.com\/index.php?rest_route=\/wp\/v2\/types\/post"}],"author":[{"embeddable":true,"href":"https:\/\/pornuestrolaredo.com\/index.php?rest_route=\/wp\/v2\/users\/1"}],"replies":[{"embeddable":true,"href":"https:\/\/pornuestrolaredo.com\/index.php?rest_route=%2Fwp%2Fv2%2Fcomments&post=4386"}],"version-history":[{"count":1,"href":"https:\/\/pornuestrolaredo.com\/index.php?rest_route=\/wp\/v2\/posts\/4386\/revisions"}],"predecessor-version":[{"id":4388,"href":"https:\/\/pornuestrolaredo.com\/index.php?rest_route=\/wp\/v2\/posts\/4386\/revisions\/4388"}],"wp:featuredmedia":[{"embeddable":true,"href":"https:\/\/pornuestrolaredo.com\/index.php?rest_route=\/wp\/v2\/media\/4387"}],"wp:attachment":[{"href":"https:\/\/pornuestrolaredo.com\/index.php?rest_route=%2Fwp%2Fv2%2Fmedia&parent=4386"}],"wp:term":[{"taxonomy":"category","embeddable":true,"href":"https:\/\/pornuestrolaredo.com\/index.php?rest_route=%2Fwp%2Fv2%2Fcategories&post=4386"},{"taxonomy":"post_tag","embeddable":true,"href":"https:\/\/pornuestrolaredo.com\/index.php?rest_route=%2Fwp%2Fv2%2Ftags&post=4386"}],"curies":[{"name":"wp","href":"https:\/\/api.w.org\/{rel}","templated":true}]}}