{"id":4395,"date":"2024-05-18T17:06:37","date_gmt":"2024-05-18T17:06:37","guid":{"rendered":"https:\/\/pornuestrolaredo.com\/?p=4395"},"modified":"2024-05-18T17:06:37","modified_gmt":"2024-05-18T17:06:37","slug":"sam-smith-conquista-de-nuevo-mexico","status":"publish","type":"post","link":"https:\/\/pornuestrolaredo.com\/?p=4395","title":{"rendered":"Sam Smith conquista de nuevo M\u00e9xico"},"content":{"rendered":"<p><strong><em>CIUDAD DE M\u00c9XICO.-<\/em><\/strong> Hace casi 10 a\u00f1os, Sam Smith lanz\u00f3 In the Lonely Hour, su \u00e1lbum debut con letras de un amor no correspondido que le dedic\u00f3 a un hombre an\u00f3nimo, pero a quien agradeci\u00f3 en su discurso de aceptaci\u00f3n en los galardones otorgados por la Academia Nacional de Artes y Ciencias de la Grabaci\u00f3n de Estados Unidos: \u00a1Muchas gracias por romperme el coraz\u00f3n porque me conseguiste cuatro premios Grammy!<\/p>\n<p>Anoche, como headliner del festival Emblema que reuni\u00f3 en su primer d\u00eda 59 mil 149 personas y abrazando su identidad, el \u00edcono de la comunidad LGBTQ+ sali\u00f3 enfundado en un traje negro con lentejuelas y comenz\u00f3 con dos \u00e9xitos que encumbraron su carrera: &#8220;Stay With Me&#8221; y &#8220;I&#8217;m Not The Only One&#8221;.<\/p>\n<blockquote><p>Esto es increible. Honestamente deben ser mis dos a\u00f1os de suerte, porque estuvimos el a\u00f1o pasado en la Ciudad de M\u00e9xico y lo prometo, no lo digo porque s\u00ed, pero este es mi lugar favorito para cantar. Ustedes me han dado los mejores shows de mi vida, gracias por su apoyo, por su amor&#8221;, agradeci\u00f3 con l\u00e1grimas en los ojos.<\/p><\/blockquote>\n<p>Agreg\u00f3 que en dos d\u00edas es su cumplea\u00f1os y que tanto el coro que lo acompa\u00f1aba como sus m\u00fasicos lo iban a dejar todo en el escenario e invit\u00f3 a sus fans a cantar lo m\u00e1s fuerte que pudieran y que pasar\u00e1n una noche divertida.<\/p>\n<p>La lluvia que se solt\u00f3 parec\u00eda parte del espect\u00e1culo, porque ayud\u00f3 a dar un toque nost\u00e1lgico en la velada.<\/p>\n<blockquote><p>Est\u00e1 realmente lluvioso, pero es s\u00f3lo agua, paso seguido sac\u00f3 la lengua para recibir el l\u00edquido.<\/p><\/blockquote>\n<blockquote><p>Este a\u00f1o es muy importante para m\u00ed. Han pasado 10 a\u00f1os desde mi primer \u00e1lbum In the Lonely Hour y hay varias canciones que no he tocado en el escenario.<\/p><\/blockquote>\n<p>Est\u00e1 canci\u00f3n la escrib\u00ed cuando era muy joven y muy dram\u00e1tico&#8230; Pero es muy especial compartir esto con ustedes y si conocen est\u00e1 canci\u00f3n es para ustedes. Gracias por quedarse conmigo por 10 a\u00f1os&#8221;, dijo para interpretar el tema &#8220;Good Thing&#8221;.<\/p>\n<blockquote>\n<p>La vibra cambi\u00f3 completamente, incluso la lluvia se esfum\u00f3, con &#8220;Lose You&#8221;. Se arm\u00f3 una pista de baile en la que dos de sus bailarinas se besaron. La juerga continu\u00f3 con &#8220;Promises&#8221;, el dueto que el brit\u00e1nico de 31 a\u00f1os hizo con Calvin Harris, qui\u00e9n ma\u00f1ana estar\u00e1 en este masivo.<\/p>\n<\/blockquote>\n<p>Eso, mamona&#8221;, le gritaron cuando sac\u00f3 sus mejores pasos en &#8220;I&#8217;m Not Here yo Make Friends&#8221;. <\/p>\n<blockquote>\n<p>Smith port\u00f3 con orgullo la camiseta de la selecci\u00f3n mexicana al interpretar otra pista en la que colabor\u00f3 con Harris, &#8220;Desire&#8221;.<\/p>\n<p>Luego lanz\u00f3 &#8220;Latch&#8221;, colaboraci\u00f3n de 2012 con el d\u00fao de m\u00fasica electr\u00f3nica Disclosure con la que el brit\u00e1nico inici\u00f3 su carrera internacional.<\/p>\n<p>Al finalizar se quit\u00f3 la playera y son\u00f3 &#8220;I Feel Love&#8221;, su cover de Donna Summer, siguiendo la l\u00ednea a la m\u00fasica disco.<\/p>\n<p>El coro de &#8220;Gloria&#8221; rompi\u00f3 con el ambiente y lo hizo m\u00e1s sacro.<\/p>\n<p>Smith reapareci\u00f3 con un cors\u00e9 y un vestido negro, en general tuvo casi 10 cambios de ropa, adem\u00e1s de guantes negros con u\u00f1as largas y un collar que dec\u00eda &#8220;Sex&#8221;, para cerrar con fuerza con &#8220;Unholy&#8221;.<\/p>\n","protected":false},"excerpt":{"rendered":"<p>El \u00edcono de la comunidad LGBTQ+ se gana el coraz\u00f3n de los mexicanos al portar la camiseta de la Selecci\u00f3n Mexicana<\/p>\n","protected":false},"author":1,"featured_media":4396,"comment_status":"closed","ping_status":"closed","sticky":false,"template":"","format":"standard","meta":{"_crdt_document":"","_jetpack_memberships_contains_paid_content":false,"footnotes":"","jetpack_publicize_message":"","jetpack_publicize_feature_enabled":true,"jetpack_social_post_already_shared":true,"jetpack_social_options":{"image_generator_settings":{"template":"highway","default_image_id":0,"font":"","enabled":false},"version":2},"_wpas_customize_per_network":false},"categories":[34],"tags":[],"class_list":["post-4395","post","type-post","status-publish","format-standard","has-post-thumbnail","hentry","category-farandula"],"magazineBlocksPostFeaturedMedia":{"thumbnail":"https:\/\/pornuestrolaredo.com\/wp-content\/uploads\/2024\/05\/107FM-20240518-1-150x150.jpg","medium":"https:\/\/pornuestrolaredo.com\/wp-content\/uploads\/2024\/05\/107FM-20240518-1-300x200.jpg","medium_large":"https:\/\/pornuestrolaredo.com\/wp-content\/uploads\/2024\/05\/107FM-20240518-1-768x512.jpg","large":"https:\/\/pornuestrolaredo.com\/wp-content\/uploads\/2024\/05\/107FM-20240518-1.jpg","1536x1536":"https:\/\/pornuestrolaredo.com\/wp-content\/uploads\/2024\/05\/107FM-20240518-1.jpg","2048x2048":"https:\/\/pornuestrolaredo.com\/wp-content\/uploads\/2024\/05\/107FM-20240518-1.jpg","morenews-large":"https:\/\/pornuestrolaredo.com\/wp-content\/uploads\/2024\/05\/107FM-20240518-1.jpg","morenews-medium":"https:\/\/pornuestrolaredo.com\/wp-content\/uploads\/2024\/05\/107FM-20240518-1.jpg"},"magazineBlocksPostAuthor":{"name":"Redactor","avatar":"https:\/\/pornuestrolaredo.com\/wp-content\/litespeed\/avatar\/dca1d7ec750c399f025f23b0b314f4cf.jpg?ver=1777612120"},"magazineBlocksPostCommentsNumber":false,"magazineBlocksPostExcerpt":"El \u00edcono de la comunidad LGBTQ+ se gana el coraz\u00f3n de los mexicanos al portar la camiseta de la Selecci\u00f3n Mexicana","magazineBlocksPostCategories":["Far\u00e1ndula"],"magazineBlocksPostViewCount":133,"magazineBlocksPostReadTime":3,"magazine_blocks_featured_image_url":{"full":["https:\/\/pornuestrolaredo.com\/wp-content\/uploads\/2024\/05\/107FM-20240518-1.jpg",960,640,false],"medium":["https:\/\/pornuestrolaredo.com\/wp-content\/uploads\/2024\/05\/107FM-20240518-1-300x200.jpg",300,200,true],"thumbnail":["https:\/\/pornuestrolaredo.com\/wp-content\/uploads\/2024\/05\/107FM-20240518-1-150x150.jpg",150,150,true]},"magazine_blocks_author":{"display_name":"Redactor","author_link":"https:\/\/pornuestrolaredo.com\/?author=1"},"magazine_blocks_comment":0,"magazine_blocks_author_image":"https:\/\/pornuestrolaredo.com\/wp-content\/litespeed\/avatar\/dca1d7ec750c399f025f23b0b314f4cf.jpg?ver=1777612120","magazine_blocks_category":"<a href=\"#\" class=\"category-link category-link-34\">Far\u00e1ndula<\/a>","jetpack_publicize_connections":[],"featured_image_urls":{"full":["https:\/\/pornuestrolaredo.com\/wp-content\/uploads\/2024\/05\/107FM-20240518-1.jpg",960,640,false],"thumbnail":["https:\/\/pornuestrolaredo.com\/wp-content\/uploads\/2024\/05\/107FM-20240518-1-150x150.jpg",150,150,true],"medium":["https:\/\/pornuestrolaredo.com\/wp-content\/uploads\/2024\/05\/107FM-20240518-1-300x200.jpg",300,200,true],"medium_large":["https:\/\/pornuestrolaredo.com\/wp-content\/uploads\/2024\/05\/107FM-20240518-1-768x512.jpg",640,427,true],"large":["https:\/\/pornuestrolaredo.com\/wp-content\/uploads\/2024\/05\/107FM-20240518-1.jpg",640,427,false],"1536x1536":["https:\/\/pornuestrolaredo.com\/wp-content\/uploads\/2024\/05\/107FM-20240518-1.jpg",960,640,false],"2048x2048":["https:\/\/pornuestrolaredo.com\/wp-content\/uploads\/2024\/05\/107FM-20240518-1.jpg",960,640,false],"morenews-large":["https:\/\/pornuestrolaredo.com\/wp-content\/uploads\/2024\/05\/107FM-20240518-1.jpg",825,550,false],"morenews-medium":["https:\/\/pornuestrolaredo.com\/wp-content\/uploads\/2024\/05\/107FM-20240518-1.jpg",590,393,false]},"author_info":{"info":["Redactor"]},"category_info":"<a href=\"https:\/\/pornuestrolaredo.com\/?cat=34\" rel=\"category\">Far\u00e1ndula<\/a>","tag_info":"Far\u00e1ndula","comment_count":"0","jetpack_featured_media_url":"https:\/\/pornuestrolaredo.com\/wp-content\/uploads\/2024\/05\/107FM-20240518-1.jpg","jetpack_sharing_enabled":true,"_links":{"self":[{"href":"https:\/\/pornuestrolaredo.com\/index.php?rest_route=\/wp\/v2\/posts\/4395","targetHints":{"allow":["GET"]}}],"collection":[{"href":"https:\/\/pornuestrolaredo.com\/index.php?rest_route=\/wp\/v2\/posts"}],"about":[{"href":"https:\/\/pornuestrolaredo.com\/index.php?rest_route=\/wp\/v2\/types\/post"}],"author":[{"embeddable":true,"href":"https:\/\/pornuestrolaredo.com\/index.php?rest_route=\/wp\/v2\/users\/1"}],"replies":[{"embeddable":true,"href":"https:\/\/pornuestrolaredo.com\/index.php?rest_route=%2Fwp%2Fv2%2Fcomments&post=4395"}],"version-history":[{"count":1,"href":"https:\/\/pornuestrolaredo.com\/index.php?rest_route=\/wp\/v2\/posts\/4395\/revisions"}],"predecessor-version":[{"id":4397,"href":"https:\/\/pornuestrolaredo.com\/index.php?rest_route=\/wp\/v2\/posts\/4395\/revisions\/4397"}],"wp:featuredmedia":[{"embeddable":true,"href":"https:\/\/pornuestrolaredo.com\/index.php?rest_route=\/wp\/v2\/media\/4396"}],"wp:attachment":[{"href":"https:\/\/pornuestrolaredo.com\/index.php?rest_route=%2Fwp%2Fv2%2Fmedia&parent=4395"}],"wp:term":[{"taxonomy":"category","embeddable":true,"href":"https:\/\/pornuestrolaredo.com\/index.php?rest_route=%2Fwp%2Fv2%2Fcategories&post=4395"},{"taxonomy":"post_tag","embeddable":true,"href":"https:\/\/pornuestrolaredo.com\/index.php?rest_route=%2Fwp%2Fv2%2Ftags&post=4395"}],"curies":[{"name":"wp","href":"https:\/\/api.w.org\/{rel}","templated":true}]}}