{"id":4407,"date":"2024-05-20T22:46:18","date_gmt":"2024-05-20T22:46:18","guid":{"rendered":"https:\/\/pornuestrolaredo.com\/?p=4407"},"modified":"2024-05-20T22:46:18","modified_gmt":"2024-05-20T22:46:18","slug":"confirma-jason-momoa-noviazgo-con-adria-arjona","status":"publish","type":"post","link":"https:\/\/pornuestrolaredo.com\/?p=4407","title":{"rendered":"Confirma Jason Momoa noviazgo con Adria Arjona"},"content":{"rendered":"<p><strong><em>LOS \u00c1NGELES.-<\/em> <\/strong>Jason Momoa y Adria Arjona son novios.<\/p>\n<p>As\u00ed lo confirm\u00f3 el int\u00e9rprete de Aquaman a trav\u00e9s de un posteo en Instagram donde reconoci\u00f3 a la actriz como su amor.<\/p>\n<p>Este lunes, el actor de 44 a\u00f1os comparti\u00f3 una serie de fotograf\u00edas para agradecer las experiencias que le dej\u00f3 un reciente viaje a Jap\u00f3n, destino que goz\u00f3 acompa\u00f1ado de la hija de Ricardo Arjona.<\/p>\n<blockquote><p>Jap\u00f3n, eres un sue\u00f1o hecho realidad, me dejaste alucinado. Estamos muy agradecidos por todos los que abrieron sus hogares, creando recuerdos con nuevos amigos y viejos amigos, compartiendo otra aventura incre\u00edble con mi amor. En la sala de motocicletas y caos&#8221;, escribi\u00f3 Momoa en la descripci\u00f3n.<\/p><\/blockquote>\n<p>En un par de fotos se puede observar a la pareja, alegre en todo momento.<\/p>\n<p>Una de las instant\u00e1neas dej\u00f3 ver a Momoa y Arjona abrazados en lo que parece ser una reuni\u00f3n con amigos, mientras que en la segunda, los dos famosos posaron muy sonrientes y despeinados por el viento frente a un paisaje del destino.<\/p>\n<p>Seg\u00fan informaci\u00f3n de Daily Mail, hace unos d\u00edas Momoa confirm\u00f3 en la Comic Con de Basingstoke que estaba en una relaci\u00f3n despu\u00e9s de divorciarse de Lisa Bonet, con quien tiene dos hijos.<\/p>\n","protected":false},"excerpt":{"rendered":"<p>El actor de 44 a\u00f1os comparti\u00f3 una serie de fotograf\u00edas para agradecer las experiencias que le dej\u00f3 un viaje a Jap\u00f3n acompa\u00f1ado de la hija de Ricardo Arjona<\/p>\n","protected":false},"author":1,"featured_media":4408,"comment_status":"closed","ping_status":"closed","sticky":false,"template":"","format":"standard","meta":{"_crdt_document":"","_jetpack_memberships_contains_paid_content":false,"footnotes":"","jetpack_publicize_message":"Confirma Jason Momoa noviazgo con Adria Arjona","jetpack_publicize_feature_enabled":true,"jetpack_social_post_already_shared":true,"jetpack_social_options":{"image_generator_settings":{"template":"highway","default_image_id":0,"font":"","enabled":false},"version":2},"_wpas_customize_per_network":false},"categories":[34],"tags":[],"class_list":["post-4407","post","type-post","status-publish","format-standard","has-post-thumbnail","hentry","category-farandula"],"magazineBlocksPostFeaturedMedia":{"thumbnail":"https:\/\/pornuestrolaredo.com\/wp-content\/uploads\/2024\/05\/107FM-20240520-3-150x150.jpg","medium":"https:\/\/pornuestrolaredo.com\/wp-content\/uploads\/2024\/05\/107FM-20240520-3-300x164.jpg","medium_large":"https:\/\/pornuestrolaredo.com\/wp-content\/uploads\/2024\/05\/107FM-20240520-3-768x421.jpg","large":"https:\/\/pornuestrolaredo.com\/wp-content\/uploads\/2024\/05\/107FM-20240520-3.jpg","1536x1536":"https:\/\/pornuestrolaredo.com\/wp-content\/uploads\/2024\/05\/107FM-20240520-3.jpg","2048x2048":"https:\/\/pornuestrolaredo.com\/wp-content\/uploads\/2024\/05\/107FM-20240520-3.jpg","morenews-large":"https:\/\/pornuestrolaredo.com\/wp-content\/uploads\/2024\/05\/107FM-20240520-3.jpg","morenews-medium":"https:\/\/pornuestrolaredo.com\/wp-content\/uploads\/2024\/05\/107FM-20240520-3.jpg"},"magazineBlocksPostAuthor":{"name":"Redactor","avatar":"https:\/\/pornuestrolaredo.com\/wp-content\/litespeed\/avatar\/dca1d7ec750c399f025f23b0b314f4cf.jpg?ver=1777612120"},"magazineBlocksPostCommentsNumber":false,"magazineBlocksPostExcerpt":"El actor de 44 a\u00f1os comparti\u00f3 una serie de fotograf\u00edas para agradecer las experiencias que le dej\u00f3 un viaje a Jap\u00f3n acompa\u00f1ado de la hija de Ricardo Arjona","magazineBlocksPostCategories":["Far\u00e1ndula"],"magazineBlocksPostViewCount":116,"magazineBlocksPostReadTime":2,"magazine_blocks_featured_image_url":{"full":["https:\/\/pornuestrolaredo.com\/wp-content\/uploads\/2024\/05\/107FM-20240520-3.jpg",960,526,false],"medium":["https:\/\/pornuestrolaredo.com\/wp-content\/uploads\/2024\/05\/107FM-20240520-3-300x164.jpg",300,164,true],"thumbnail":["https:\/\/pornuestrolaredo.com\/wp-content\/uploads\/2024\/05\/107FM-20240520-3-150x150.jpg",150,150,true]},"magazine_blocks_author":{"display_name":"Redactor","author_link":"https:\/\/pornuestrolaredo.com\/?author=1"},"magazine_blocks_comment":0,"magazine_blocks_author_image":"https:\/\/pornuestrolaredo.com\/wp-content\/litespeed\/avatar\/dca1d7ec750c399f025f23b0b314f4cf.jpg?ver=1777612120","magazine_blocks_category":"<a href=\"#\" class=\"category-link category-link-34\">Far\u00e1ndula<\/a>","jetpack_publicize_connections":[],"featured_image_urls":{"full":["https:\/\/pornuestrolaredo.com\/wp-content\/uploads\/2024\/05\/107FM-20240520-3.jpg",960,526,false],"thumbnail":["https:\/\/pornuestrolaredo.com\/wp-content\/uploads\/2024\/05\/107FM-20240520-3-150x150.jpg",150,150,true],"medium":["https:\/\/pornuestrolaredo.com\/wp-content\/uploads\/2024\/05\/107FM-20240520-3-300x164.jpg",300,164,true],"medium_large":["https:\/\/pornuestrolaredo.com\/wp-content\/uploads\/2024\/05\/107FM-20240520-3-768x421.jpg",640,351,true],"large":["https:\/\/pornuestrolaredo.com\/wp-content\/uploads\/2024\/05\/107FM-20240520-3.jpg",640,351,false],"1536x1536":["https:\/\/pornuestrolaredo.com\/wp-content\/uploads\/2024\/05\/107FM-20240520-3.jpg",960,526,false],"2048x2048":["https:\/\/pornuestrolaredo.com\/wp-content\/uploads\/2024\/05\/107FM-20240520-3.jpg",960,526,false],"morenews-large":["https:\/\/pornuestrolaredo.com\/wp-content\/uploads\/2024\/05\/107FM-20240520-3.jpg",825,452,false],"morenews-medium":["https:\/\/pornuestrolaredo.com\/wp-content\/uploads\/2024\/05\/107FM-20240520-3.jpg",590,323,false]},"author_info":{"info":["Redactor"]},"category_info":"<a href=\"https:\/\/pornuestrolaredo.com\/?cat=34\" rel=\"category\">Far\u00e1ndula<\/a>","tag_info":"Far\u00e1ndula","comment_count":"0","jetpack_featured_media_url":"https:\/\/pornuestrolaredo.com\/wp-content\/uploads\/2024\/05\/107FM-20240520-3.jpg","jetpack_sharing_enabled":true,"_links":{"self":[{"href":"https:\/\/pornuestrolaredo.com\/index.php?rest_route=\/wp\/v2\/posts\/4407","targetHints":{"allow":["GET"]}}],"collection":[{"href":"https:\/\/pornuestrolaredo.com\/index.php?rest_route=\/wp\/v2\/posts"}],"about":[{"href":"https:\/\/pornuestrolaredo.com\/index.php?rest_route=\/wp\/v2\/types\/post"}],"author":[{"embeddable":true,"href":"https:\/\/pornuestrolaredo.com\/index.php?rest_route=\/wp\/v2\/users\/1"}],"replies":[{"embeddable":true,"href":"https:\/\/pornuestrolaredo.com\/index.php?rest_route=%2Fwp%2Fv2%2Fcomments&post=4407"}],"version-history":[{"count":1,"href":"https:\/\/pornuestrolaredo.com\/index.php?rest_route=\/wp\/v2\/posts\/4407\/revisions"}],"predecessor-version":[{"id":4409,"href":"https:\/\/pornuestrolaredo.com\/index.php?rest_route=\/wp\/v2\/posts\/4407\/revisions\/4409"}],"wp:featuredmedia":[{"embeddable":true,"href":"https:\/\/pornuestrolaredo.com\/index.php?rest_route=\/wp\/v2\/media\/4408"}],"wp:attachment":[{"href":"https:\/\/pornuestrolaredo.com\/index.php?rest_route=%2Fwp%2Fv2%2Fmedia&parent=4407"}],"wp:term":[{"taxonomy":"category","embeddable":true,"href":"https:\/\/pornuestrolaredo.com\/index.php?rest_route=%2Fwp%2Fv2%2Fcategories&post=4407"},{"taxonomy":"post_tag","embeddable":true,"href":"https:\/\/pornuestrolaredo.com\/index.php?rest_route=%2Fwp%2Fv2%2Ftags&post=4407"}],"curies":[{"name":"wp","href":"https:\/\/api.w.org\/{rel}","templated":true}]}}