{"id":4410,"date":"2024-05-20T22:59:18","date_gmt":"2024-05-20T22:59:18","guid":{"rendered":"https:\/\/pornuestrolaredo.com\/?p=4410"},"modified":"2024-05-20T22:59:18","modified_gmt":"2024-05-20T22:59:18","slug":"en-mexico-hay-libertad-amlo-sobre-marea-rosa","status":"publish","type":"post","link":"https:\/\/pornuestrolaredo.com\/?p=4410","title":{"rendered":"En M\u00e9xico hay libertad: AMLO sobre \u2018marea rosa\u2019"},"content":{"rendered":"<p><strong><em>CIUDAD DE M\u00c9XICO.-<\/em><\/strong> El presidente Andr\u00e9s Manuel L\u00f3pez Obrador asegur\u00f3 que en M\u00e9xico hay libertades para manifestarse sin represiones, como qued\u00f3 demostrado con la &#8220;Marea Rosa&#8221;.<\/p>\n<p>En su conferencia ma\u00f1anera, dijo que la movilizaci\u00f3n ciudadana de ayer en el Z\u00f3calo, convocada para respaldar las candidaturas opositoras de X\u00f3chitl G\u00e1lvez y Santiago Taboada, fue una expresi\u00f3n de democracia aut\u00e9ntica.<\/p>\n<p>Con la manifestaci\u00f3n y el debate entre aspirantes presidenciales, a\u00f1adi\u00f3, se mostr\u00f3 que la situaci\u00f3n pol\u00edtica interna va &#8220;requetebi\u00e9n&#8221; a dos semanas de las elecciones.<\/p>\n<blockquote><p>En lo interno, muy bien, muy bien, hasta dir\u00eda requetebi\u00e9n porque estamos a 15 d\u00edas, menos, de la elecci\u00f3n presidencial y ayer fue un d\u00eda en efecto intenso de manifestaciones y de debate.<\/p><\/blockquote>\n<blockquote><p>Y se demostr\u00f3 que se garantizan en M\u00e9xico las libertades, que no hay represi\u00f3n, que hay democracia aut\u00e9ntica, el Z\u00f3calo estuvo lleno de manifestantes, se logr\u00f3 izar la Bandera nacional y en la noche el debate&#8221;, resumi\u00f3.<\/p><\/blockquote>\n<p>Se\u00f1al\u00f3 que esa confluencia de eventos fue posible porque la ciudadan\u00eda en el pa\u00eds est\u00e1 muy politizada y ha cambiado su mentalidad, algo que tarda siglos en lograrse.<\/p>\n<blockquote><p>Y los ciudadanos pues ya saben porque una de las cosas que siempre subrayamos es que el pueblo de M\u00e9xico est\u00e1 en su mejor momento, est\u00e1 bateando arriba de 300, es mucha pieza, est\u00e1 muy politizado, muy consciente\u201d dijo.<\/p><\/blockquote>\n<blockquote><p>No es poca cosa el cambio de mentalidad, puede llevar siglos el cambiar la mentalidad de un pueblo, es complejo, no son guajolotas ni tamales de chipil\u00edn&#8221;, compar\u00f3.<\/p><\/blockquote>\n<p>De paso, y pese a la veda que le prohibe difundir logros de Gobierno, tambi\u00e9n presumi\u00f3 que la econom\u00eda familiar se ha beneficiado de aumentos al salario m\u00ednimo, la inversi\u00f3n p\u00fablica y extranjera, as\u00ed como el plan de Bienestar.<\/p>\n","protected":false},"excerpt":{"rendered":"<p>Considera que se trat\u00f3 expresi\u00f3n de democracia aut\u00e9ntica y que la situaci\u00f3n pol\u00edtica interna va \u2018requetebi\u00e9n\u2019<\/p>\n","protected":false},"author":1,"featured_media":4411,"comment_status":"closed","ping_status":"closed","sticky":false,"template":"","format":"standard","meta":{"_crdt_document":"","_jetpack_memberships_contains_paid_content":false,"footnotes":"","jetpack_publicize_message":"","jetpack_publicize_feature_enabled":true,"jetpack_social_post_already_shared":true,"jetpack_social_options":{"image_generator_settings":{"template":"highway","default_image_id":0,"font":"","enabled":false},"version":2},"_wpas_customize_per_network":false},"categories":[33],"tags":[],"class_list":["post-4410","post","type-post","status-publish","format-standard","has-post-thumbnail","hentry","category-mexico"],"magazineBlocksPostFeaturedMedia":{"thumbnail":"https:\/\/pornuestrolaredo.com\/wp-content\/uploads\/2024\/05\/Stereo91-20240520-1-150x150.jpg","medium":"https:\/\/pornuestrolaredo.com\/wp-content\/uploads\/2024\/05\/Stereo91-20240520-1-300x200.jpg","medium_large":"https:\/\/pornuestrolaredo.com\/wp-content\/uploads\/2024\/05\/Stereo91-20240520-1-768x512.jpg","large":"https:\/\/pornuestrolaredo.com\/wp-content\/uploads\/2024\/05\/Stereo91-20240520-1.jpg","1536x1536":"https:\/\/pornuestrolaredo.com\/wp-content\/uploads\/2024\/05\/Stereo91-20240520-1.jpg","2048x2048":"https:\/\/pornuestrolaredo.com\/wp-content\/uploads\/2024\/05\/Stereo91-20240520-1.jpg","morenews-large":"https:\/\/pornuestrolaredo.com\/wp-content\/uploads\/2024\/05\/Stereo91-20240520-1.jpg","morenews-medium":"https:\/\/pornuestrolaredo.com\/wp-content\/uploads\/2024\/05\/Stereo91-20240520-1.jpg"},"magazineBlocksPostAuthor":{"name":"Redactor","avatar":"https:\/\/pornuestrolaredo.com\/wp-content\/litespeed\/avatar\/dca1d7ec750c399f025f23b0b314f4cf.jpg?ver=1777612120"},"magazineBlocksPostCommentsNumber":false,"magazineBlocksPostExcerpt":"Considera que se trat\u00f3 expresi\u00f3n de democracia aut\u00e9ntica y que la situaci\u00f3n pol\u00edtica interna va \u2018requetebi\u00e9n\u2019","magazineBlocksPostCategories":["Mexico"],"magazineBlocksPostViewCount":137,"magazineBlocksPostReadTime":2,"magazine_blocks_featured_image_url":{"full":["https:\/\/pornuestrolaredo.com\/wp-content\/uploads\/2024\/05\/Stereo91-20240520-1.jpg",960,640,false],"medium":["https:\/\/pornuestrolaredo.com\/wp-content\/uploads\/2024\/05\/Stereo91-20240520-1-300x200.jpg",300,200,true],"thumbnail":["https:\/\/pornuestrolaredo.com\/wp-content\/uploads\/2024\/05\/Stereo91-20240520-1-150x150.jpg",150,150,true]},"magazine_blocks_author":{"display_name":"Redactor","author_link":"https:\/\/pornuestrolaredo.com\/?author=1"},"magazine_blocks_comment":0,"magazine_blocks_author_image":"https:\/\/pornuestrolaredo.com\/wp-content\/litespeed\/avatar\/dca1d7ec750c399f025f23b0b314f4cf.jpg?ver=1777612120","magazine_blocks_category":"<a href=\"#\" class=\"category-link category-link-33\">Mexico<\/a>","jetpack_publicize_connections":[],"featured_image_urls":{"full":["https:\/\/pornuestrolaredo.com\/wp-content\/uploads\/2024\/05\/Stereo91-20240520-1.jpg",960,640,false],"thumbnail":["https:\/\/pornuestrolaredo.com\/wp-content\/uploads\/2024\/05\/Stereo91-20240520-1-150x150.jpg",150,150,true],"medium":["https:\/\/pornuestrolaredo.com\/wp-content\/uploads\/2024\/05\/Stereo91-20240520-1-300x200.jpg",300,200,true],"medium_large":["https:\/\/pornuestrolaredo.com\/wp-content\/uploads\/2024\/05\/Stereo91-20240520-1-768x512.jpg",640,427,true],"large":["https:\/\/pornuestrolaredo.com\/wp-content\/uploads\/2024\/05\/Stereo91-20240520-1.jpg",640,427,false],"1536x1536":["https:\/\/pornuestrolaredo.com\/wp-content\/uploads\/2024\/05\/Stereo91-20240520-1.jpg",960,640,false],"2048x2048":["https:\/\/pornuestrolaredo.com\/wp-content\/uploads\/2024\/05\/Stereo91-20240520-1.jpg",960,640,false],"morenews-large":["https:\/\/pornuestrolaredo.com\/wp-content\/uploads\/2024\/05\/Stereo91-20240520-1.jpg",825,550,false],"morenews-medium":["https:\/\/pornuestrolaredo.com\/wp-content\/uploads\/2024\/05\/Stereo91-20240520-1.jpg",590,393,false]},"author_info":{"info":["Redactor"]},"category_info":"<a href=\"https:\/\/pornuestrolaredo.com\/?cat=33\" rel=\"category\">Mexico<\/a>","tag_info":"Mexico","comment_count":"0","jetpack_featured_media_url":"https:\/\/pornuestrolaredo.com\/wp-content\/uploads\/2024\/05\/Stereo91-20240520-1.jpg","jetpack_sharing_enabled":true,"_links":{"self":[{"href":"https:\/\/pornuestrolaredo.com\/index.php?rest_route=\/wp\/v2\/posts\/4410","targetHints":{"allow":["GET"]}}],"collection":[{"href":"https:\/\/pornuestrolaredo.com\/index.php?rest_route=\/wp\/v2\/posts"}],"about":[{"href":"https:\/\/pornuestrolaredo.com\/index.php?rest_route=\/wp\/v2\/types\/post"}],"author":[{"embeddable":true,"href":"https:\/\/pornuestrolaredo.com\/index.php?rest_route=\/wp\/v2\/users\/1"}],"replies":[{"embeddable":true,"href":"https:\/\/pornuestrolaredo.com\/index.php?rest_route=%2Fwp%2Fv2%2Fcomments&post=4410"}],"version-history":[{"count":1,"href":"https:\/\/pornuestrolaredo.com\/index.php?rest_route=\/wp\/v2\/posts\/4410\/revisions"}],"predecessor-version":[{"id":4412,"href":"https:\/\/pornuestrolaredo.com\/index.php?rest_route=\/wp\/v2\/posts\/4410\/revisions\/4412"}],"wp:featuredmedia":[{"embeddable":true,"href":"https:\/\/pornuestrolaredo.com\/index.php?rest_route=\/wp\/v2\/media\/4411"}],"wp:attachment":[{"href":"https:\/\/pornuestrolaredo.com\/index.php?rest_route=%2Fwp%2Fv2%2Fmedia&parent=4410"}],"wp:term":[{"taxonomy":"category","embeddable":true,"href":"https:\/\/pornuestrolaredo.com\/index.php?rest_route=%2Fwp%2Fv2%2Fcategories&post=4410"},{"taxonomy":"post_tag","embeddable":true,"href":"https:\/\/pornuestrolaredo.com\/index.php?rest_route=%2Fwp%2Fv2%2Ftags&post=4410"}],"curies":[{"name":"wp","href":"https:\/\/api.w.org\/{rel}","templated":true}]}}