{"id":4422,"date":"2024-05-21T20:27:25","date_gmt":"2024-05-21T20:27:25","guid":{"rendered":"https:\/\/pornuestrolaredo.com\/?p=4422"},"modified":"2024-05-21T20:27:25","modified_gmt":"2024-05-21T20:27:25","slug":"cuidado-acechan-golpe-de-calor-y-deshidratacion","status":"publish","type":"post","link":"https:\/\/pornuestrolaredo.com\/?p=4422","title":{"rendered":"\u00a1Cuidado! Acechan golpe de calor y deshidrataci\u00f3n"},"content":{"rendered":"<p><strong><em>NUEVO LAREDO.-<\/em> <\/strong>En Tamaulipas ya han muerto cinco personas y un adulto mayo sufri\u00f3 golpe de calor en calles de Nuevo Laredo por las olas de calor y con la llegada, este martes, de la tercera, es necesario extremar precauciones y cuidarse a\u00fan m\u00e1s.<\/p>\n<p>Y es que desde hoy, martes, las temperaturas subir\u00e1n por encima de 40 grados cent\u00edgrados, pero ser\u00e1 a\u00fan m\u00e1s grave c\u00f3mo se sentir\u00e1n, pues el fin de semana se espera que la sensaci\u00f3n supere los 48 grados celsius.<\/p>\n<p>La Secretar\u00eda de Salud federal y m\u00e9dicos especialistas en urgencias y en pediatr\u00eda responden a dudas para orientar y estar alerta de frente a las intensas temperaturas.<\/p>\n<p><strong>\u00bfQU\u00c9 ES GOLPE DE CALOR?<br \/>\n<\/strong><br \/>\nEl golpe de calor es el trastorno m\u00e1s grave causado por calor. Su mortalidad va del 3 al 5 por ciento, pero se incrementa en aquellos con factores de riesgo, como personas de la tercera edad, se\u00f1ala Daniel L\u00f3pez Tapia, especialista en urgencias m\u00e9dico quir\u00fargicas.<\/p>\n<blockquote><p>Es cuando el cuerpo pierde esa capacidad de regular la temperatura y puede llegar a una temperatura corporal de hasta 40 grados, cuando la temperatura normal oscila en 36.5&#8243;, dice el tambi\u00e9n expresidente de la Federaci\u00f3n Latinoamericana de Medicina de Emergencias.<\/p><\/blockquote>\n<blockquote><p>Se empiezan a afectar todos los \u00f3rganos&#8221;, advierte.<\/p><\/blockquote>\n<p>Un golpe de calor no s\u00f3lo le pasa a personas expuestas al Sol. Le puede ocurrir a alguien que est\u00e1 en su casa o en un veh\u00edculo sin aire acondicionado, afirma Gerardo Garza Garza, especialista en urgencias m\u00e9dicas que labora en unidades del IMSS.<\/p>\n<blockquote><p>Como urgenci\u00f3logo el a\u00f1o pasado me toc\u00f3 recibir a muchos pacientes por golpe de calor y la mayor\u00eda era gente que viv\u00eda en techos de l\u00e1mina y s\u00f3lo ten\u00edan abanico&#8221;, indica. &#8220;Era gente de escasos recursos, de la tercera edad, que tienen poca regulaci\u00f3n a la temperatura&#8221;.<\/p><\/blockquote>\n<p>El urgenci\u00f3logo Garza Garza dice que los abanicos s\u00f3lo mueven el aire, no lo enfr\u00edan, por lo que en condiciones de calor extremo el aire caliente sobre la piel puede ser contraproducente: no baja la temperatura y puede aumentar la sensaci\u00f3n de calor.<\/p>\n<p><strong>\u00bfCU\u00c1NDO ACUDIR A URGENCIAS?<br \/>\n<\/strong><br \/>\nSi la persona comienza con una respiraci\u00f3n agitada, al contacto se siente caliente, tiene cambios en su tono y textura de piel, presenta alteraciones de conciencia o est\u00e1 somnolienta, debes llevarla de inmediato al hospital, coinciden los m\u00e9dicos urgenci\u00f3logos.<\/p>\n<blockquote><p>Esto nos habla de una deshidrataci\u00f3n importante y la persona no va a poder tomar l\u00edquidos v\u00eda oral, porque si no est\u00e1 alerta totalmente, corre el riesgo de que con los l\u00edquidos que tome se pueda broncoaspirar&#8221;, apunta L\u00f3pez Tapia.<\/p><\/blockquote>\n<p><strong>\u00bfQUI\u00c9NES EST\u00c1N M\u00c1S EXPUESTOS?<br \/>\n<\/strong><br \/>\nNi\u00f1os y adultos mayores son las poblaciones con mayor riesgo a un golpe de calor.<\/p>\n<p>Pero aunque est\u00e9s fuera de estos grupos, hay condiciones que te hacen m\u00e1s propenso, de acuerdo a los especialistas.<\/p>\n<blockquote><p>Hay gente que tiene problemas para sudar y el sudor es un mecanismo de defensa, entonces quienes tienen enfermedades en las que no pueden sudar adecuadamente tienen m\u00e1s riesgo&#8221;, se\u00f1ala el urgenci\u00f3logo Garza Garza.<\/p><\/blockquote>\n<p>Las personas con diabetes tienen tambi\u00e9n riesgo mayor, a\u00f1ade, porque pierden sensibilidad frente al calor.<\/p>\n<p>L\u00f3pez Tapia indica que un golpe de calor le puede dar a una persona deportista si no sigue las recomendaciones adecuadas de hidrataci\u00f3n y baja exposici\u00f3n al sol.<\/p>\n<blockquote><p>Aunque tengan una buena condici\u00f3n f\u00edsica, el problema no es \u00e9se, el problema no es la condici\u00f3n f\u00edsica, sino la exposici\u00f3n prolongada a altas temperaturas&#8221;, afirma.<\/p><\/blockquote>\n<p><strong>\u00bfPOR QU\u00c9 LOS NI\u00d1OS SON M\u00c1S PROPENSOS A MALES POR CALOR?<br \/>\n<\/strong><br \/>\nEl pediatra Fel\u00edcitos Leal, del Hospital Zambrano Hellion TecSalud, explica que los beb\u00e9s y los ni\u00f1os se adaptan m\u00e1s lentamente al calor.<\/p>\n<p>Explica algunos motivos:<br \/>\n&#8211; Sudan menos que los adultos porque sus gl\u00e1ndulas sudor\u00edparas no han madurado y la sudoraci\u00f3n es un mecanismo importante que usa el cuerpo para mantenerse fresco.<br \/>\n&#8211; Tienen tasas metab\u00f3licas m\u00e1s altas que los adultos, lo que se traduce en mayor producci\u00f3n de calor.<br \/>\n&#8211; El cuerpo de los peque\u00f1os genera m\u00e1s calor cuando hacen ejercicio.<br \/>\n&#8211; Los ni\u00f1os y adultos mayores tienen m\u00e1s dificultad para darse cuenta cu\u00e1ndo deben de quitarse capas de ropa en un ambiente caliente y cu\u00e1ndo deben de tomar m\u00e1s l\u00edquidos.<\/p>\n<p><strong>\u00bfC\u00d3MO SABER QUE UN NI\u00d1O EST\u00c1 DESHIDRAT\u00c1NDOSE?<br \/>\n<\/strong><\/p>\n<blockquote><p>Porque deja de orinar, los ni\u00f1os deben de orinar al menos cinco veces al d\u00eda, o su orina tiene un color y olor intenso&#8221;, detalla el pediatra Leal.<\/p><\/blockquote>\n<blockquote><p>Su lengua no se ve tan h\u00fameda como siempre y su saliva es escasa, viscosa y hace burbujas y grumos. El ni\u00f1o puede sentirse caliente al tacto, llora sin l\u00e1grimas, se ve menos activo de lo normal, y su respiraci\u00f3n y latidos cardiacos pueden estar acelerados&#8221;.<\/p><\/blockquote>\n<p>Cuando un peque\u00f1o est\u00e1 haciendo ejercicio en un ambiente caliente puede llegar a perder agua y sales corporales en su sudor. Eso le puede causar calambres dolorosos en sus piernas, brazos y abdomen, comenta el pediatra de TecSalud.<\/p>\n<blockquote><p>Los calambres por calor son un aviso de que si el ni\u00f1o no deja de hacer ejercicio, se hidrata con una soluci\u00f3n que tenga electrolitos y se enfr\u00eda en un cuarto fresco, pronto podr\u00eda sufrir un golpe de calor con muy graves consecuencias&#8221;, alerta el especialista Leal.<\/p><\/blockquote>\n<p><strong>\u00bfCU\u00c1NDO AUMENTA EL PELIGRO EN EL EXTERIOR?<br \/>\n<\/strong><br \/>\nEl pediatra Leal expone que a mayor temperatura y mayor humedad, aumenta el riesgo de una enfermedad por calor.<\/p>\n<blockquote><p>El \u00edndice de calor es una medida de la temperatura del aire en relaci\u00f3n con la humedad relativa para un momento del d\u00eda en particular&#8221;, sostiene el especialista de TecSalud.<\/p><\/blockquote>\n<blockquote><p>Si sabemos la temperatura a la sombra y la humedad relativa, s\u00f3lo debemos consultar cualquiera de las gr\u00e1ficas de \u00edndice de calor disponibles en internet, y si el resultado est\u00e1 dentro de los rangos de cuidado o peligro, lo mejor es no hacer ejercicio al aire libre&#8221;.<\/p><\/blockquote>\n","protected":false},"excerpt":{"rendered":"<p>Con la ola de calor que inicia en los dos Laredos ni\u00f1os y adultos mayores corren fuerte riesgo<\/p>\n","protected":false},"author":1,"featured_media":4423,"comment_status":"closed","ping_status":"closed","sticky":false,"template":"","format":"standard","meta":{"_crdt_document":"","_jetpack_memberships_contains_paid_content":false,"footnotes":"","jetpack_publicize_message":"","jetpack_publicize_feature_enabled":true,"jetpack_social_post_already_shared":false,"jetpack_social_options":{"image_generator_settings":{"template":"highway","default_image_id":0,"font":"","enabled":false},"version":2},"_wpas_customize_per_network":false},"categories":[4],"tags":[],"class_list":["post-4422","post","type-post","status-publish","format-standard","has-post-thumbnail","hentry","category-los-dos-laredos"],"magazineBlocksPostFeaturedMedia":{"thumbnail":"https:\/\/pornuestrolaredo.com\/wp-content\/uploads\/2024\/05\/Stereo91-20240521-3-150x150.jpg","medium":"https:\/\/pornuestrolaredo.com\/wp-content\/uploads\/2024\/05\/Stereo91-20240521-3-300x200.jpg","medium_large":"https:\/\/pornuestrolaredo.com\/wp-content\/uploads\/2024\/05\/Stereo91-20240521-3-768x512.jpg","large":"https:\/\/pornuestrolaredo.com\/wp-content\/uploads\/2024\/05\/Stereo91-20240521-3-1000x667.jpg","1536x1536":"https:\/\/pornuestrolaredo.com\/wp-content\/uploads\/2024\/05\/Stereo91-20240521-3.jpg","2048x2048":"https:\/\/pornuestrolaredo.com\/wp-content\/uploads\/2024\/05\/Stereo91-20240521-3.jpg","morenews-large":"https:\/\/pornuestrolaredo.com\/wp-content\/uploads\/2024\/05\/Stereo91-20240521-3.jpg","morenews-medium":"https:\/\/pornuestrolaredo.com\/wp-content\/uploads\/2024\/05\/Stereo91-20240521-3.jpg"},"magazineBlocksPostAuthor":{"name":"Redactor","avatar":"https:\/\/pornuestrolaredo.com\/wp-content\/litespeed\/avatar\/dca1d7ec750c399f025f23b0b314f4cf.jpg?ver=1777612120"},"magazineBlocksPostCommentsNumber":false,"magazineBlocksPostExcerpt":"Con la ola de calor que inicia en los dos Laredos ni\u00f1os y adultos mayores corren fuerte riesgo","magazineBlocksPostCategories":["Los dos Laredos"],"magazineBlocksPostViewCount":130,"magazineBlocksPostReadTime":6,"magazine_blocks_featured_image_url":{"full":["https:\/\/pornuestrolaredo.com\/wp-content\/uploads\/2024\/05\/Stereo91-20240521-3.jpg",1024,683,false],"medium":["https:\/\/pornuestrolaredo.com\/wp-content\/uploads\/2024\/05\/Stereo91-20240521-3-300x200.jpg",300,200,true],"thumbnail":["https:\/\/pornuestrolaredo.com\/wp-content\/uploads\/2024\/05\/Stereo91-20240521-3-150x150.jpg",150,150,true]},"magazine_blocks_author":{"display_name":"Redactor","author_link":"https:\/\/pornuestrolaredo.com\/?author=1"},"magazine_blocks_comment":0,"magazine_blocks_author_image":"https:\/\/pornuestrolaredo.com\/wp-content\/litespeed\/avatar\/dca1d7ec750c399f025f23b0b314f4cf.jpg?ver=1777612120","magazine_blocks_category":"<a href=\"#\" class=\"category-link category-link-4\">Los dos Laredos<\/a>","jetpack_publicize_connections":[],"featured_image_urls":{"full":["https:\/\/pornuestrolaredo.com\/wp-content\/uploads\/2024\/05\/Stereo91-20240521-3.jpg",1024,683,false],"thumbnail":["https:\/\/pornuestrolaredo.com\/wp-content\/uploads\/2024\/05\/Stereo91-20240521-3-150x150.jpg",150,150,true],"medium":["https:\/\/pornuestrolaredo.com\/wp-content\/uploads\/2024\/05\/Stereo91-20240521-3-300x200.jpg",300,200,true],"medium_large":["https:\/\/pornuestrolaredo.com\/wp-content\/uploads\/2024\/05\/Stereo91-20240521-3-768x512.jpg",640,427,true],"large":["https:\/\/pornuestrolaredo.com\/wp-content\/uploads\/2024\/05\/Stereo91-20240521-3-1000x667.jpg",640,427,true],"1536x1536":["https:\/\/pornuestrolaredo.com\/wp-content\/uploads\/2024\/05\/Stereo91-20240521-3.jpg",1024,683,false],"2048x2048":["https:\/\/pornuestrolaredo.com\/wp-content\/uploads\/2024\/05\/Stereo91-20240521-3.jpg",1024,683,false],"morenews-large":["https:\/\/pornuestrolaredo.com\/wp-content\/uploads\/2024\/05\/Stereo91-20240521-3.jpg",825,550,false],"morenews-medium":["https:\/\/pornuestrolaredo.com\/wp-content\/uploads\/2024\/05\/Stereo91-20240521-3.jpg",590,394,false]},"author_info":{"info":["Redactor"]},"category_info":"<a href=\"https:\/\/pornuestrolaredo.com\/?cat=4\" rel=\"category\">Los dos Laredos<\/a>","tag_info":"Los dos Laredos","comment_count":"0","jetpack_featured_media_url":"https:\/\/pornuestrolaredo.com\/wp-content\/uploads\/2024\/05\/Stereo91-20240521-3.jpg","jetpack_sharing_enabled":true,"_links":{"self":[{"href":"https:\/\/pornuestrolaredo.com\/index.php?rest_route=\/wp\/v2\/posts\/4422","targetHints":{"allow":["GET"]}}],"collection":[{"href":"https:\/\/pornuestrolaredo.com\/index.php?rest_route=\/wp\/v2\/posts"}],"about":[{"href":"https:\/\/pornuestrolaredo.com\/index.php?rest_route=\/wp\/v2\/types\/post"}],"author":[{"embeddable":true,"href":"https:\/\/pornuestrolaredo.com\/index.php?rest_route=\/wp\/v2\/users\/1"}],"replies":[{"embeddable":true,"href":"https:\/\/pornuestrolaredo.com\/index.php?rest_route=%2Fwp%2Fv2%2Fcomments&post=4422"}],"version-history":[{"count":1,"href":"https:\/\/pornuestrolaredo.com\/index.php?rest_route=\/wp\/v2\/posts\/4422\/revisions"}],"predecessor-version":[{"id":4424,"href":"https:\/\/pornuestrolaredo.com\/index.php?rest_route=\/wp\/v2\/posts\/4422\/revisions\/4424"}],"wp:featuredmedia":[{"embeddable":true,"href":"https:\/\/pornuestrolaredo.com\/index.php?rest_route=\/wp\/v2\/media\/4423"}],"wp:attachment":[{"href":"https:\/\/pornuestrolaredo.com\/index.php?rest_route=%2Fwp%2Fv2%2Fmedia&parent=4422"}],"wp:term":[{"taxonomy":"category","embeddable":true,"href":"https:\/\/pornuestrolaredo.com\/index.php?rest_route=%2Fwp%2Fv2%2Fcategories&post=4422"},{"taxonomy":"post_tag","embeddable":true,"href":"https:\/\/pornuestrolaredo.com\/index.php?rest_route=%2Fwp%2Fv2%2Ftags&post=4422"}],"curies":[{"name":"wp","href":"https:\/\/api.w.org\/{rel}","templated":true}]}}