{"id":4430,"date":"2024-05-21T23:45:10","date_gmt":"2024-05-21T23:45:10","guid":{"rendered":"https:\/\/pornuestrolaredo.com\/?p=4430"},"modified":"2024-05-21T23:45:10","modified_gmt":"2024-05-21T23:45:10","slug":"desaparecen-abejas-y-peligra-la-humanidad","status":"publish","type":"post","link":"https:\/\/pornuestrolaredo.com\/?p=4430","title":{"rendered":"Desaparecen abejas y peligra la humanidad"},"content":{"rendered":"<p><strong><em>CIUDAD DE M\u00c9XICO.-<<\/em>\/strong> La creciente preocupaci\u00f3n entre los cient\u00edficos y ambientalistas en torno a la desaparici\u00f3n de las abejas resalta un problema ecol\u00f3gico de magnitud global. Estos polinizadores, esenciales para la biodiversidad y la agricultura, est\u00e1n enfrentando una crisis sin precedentes que amenaza directamente la seguridad alimentaria y los ecosistemas naturales. Las abejas, responsables de la polinizaci\u00f3n de la mayor\u00eda de los cultivos que consumimos, est\u00e1n disminuyendo a tasas alarmantes, poniendo en peligro la producci\u00f3n de alimentos y la diversidad biol\u00f3gica.<\/p>\n<p>La disminuci\u00f3n de las poblaciones de abejas se debe a una serie de factores interconectados que incluyen el cambio clim\u00e1tico, la p\u00e9rdida de h\u00e1bitats, pr\u00e1cticas agr\u00edcolas insostenibles, y la propagaci\u00f3n de enfermedades y par\u00e1sitos como el \u00e1caro Varroa. Adem\u00e1s, la apicultura moderna, con su dependencia del transporte de colmenas a gran escala, ha impuesto estr\u00e9s adicional a estas criaturas, exacerbando su vulnerabilidad a enfermedades y aumentando su exposici\u00f3n a productos qu\u00edmicos nocivos.<\/p>\n<p>En Colombia, por ejemplo, los apicultores han denunciado la mortandad de abejas causada por agrot\u00f3xicos, en particular por un pesticida conocido como fipronil, que es altamente t\u00f3xico para las abejas. Este pesticida ha sido vetado en Europa y su uso es restringido en Estados Unidos y China. Las investigaciones han se\u00f1alado la relaci\u00f3n entre el uso de fipronil en cultivos y la muerte de abejas en \u00e1reas donde se ha utilizado este pesticida.<\/p>\n<p>En Jalisco, M\u00e9xico, la muerte de abejas se ha asociado con el uso de plaguicidas como el glifosato, as\u00ed como con los problemas derivados de monocultivos, que reducen la diversidad alimenticia y nutricional de las abejas. Adem\u00e1s, las enfermedades como la varroasis y los cambios en el clima que afectan la floraci\u00f3n de las plantas tambi\u00e9n han sido identificados como factores cr\u00edticos. Los monocultivos y la mala gesti\u00f3n de los agroqu\u00edmicos est\u00e1n dejando a las abejas sin las prote\u00ednas esenciales y los amino\u00e1cidos que necesitan, lo que acorta su vida.<\/p>\n<p>La educaci\u00f3n y la sensibilizaci\u00f3n p\u00fablica juegan un papel crucial en este esfuerzo. Es vital que la sociedad comprenda la importancia de las abejas no solo para la producci\u00f3n de alimentos sino tambi\u00e9n para el equilibrio de nuestros ecosistemas. A trav\u00e9s de una acci\u00f3n colectiva y comprometida, podemos esperar proteger y preservar las poblaciones de abejas, asegurando as\u00ed la continuidad de su papel insustituible en la naturaleza.<\/p>\n<p>El futuro de las abejas y, por extensi\u00f3n, el nuestro, depende de las acciones que tomemos hoy. Es momento de actuar con decisi\u00f3n para proteger a estas incansables trabajadoras de la naturaleza y garantizar un futuro sostenible para las pr\u00f3ximas generaciones.<\/p>\n<p><strong>LA IMPORTANCIA DE LAS ABEJAS<\/strong><\/p>\n<p>La preocupaci\u00f3n de los cient\u00edficos sobre la desaparici\u00f3n de las abejas radica en su papel esencial como polinizadores, lo que influye directamente en la producci\u00f3n de alimentos y en la biodiversidad. Las abejas son responsables de la polinizaci\u00f3n de aproximadamente el 70% de las cien especies de cultivos que proporcionan casi el 90% de la comida mundial. Su declive afecta la producci\u00f3n de alimentos, especialmente frutas y verduras, donde la producci\u00f3n de semillas puede disminuir m\u00e1s del 90% sin su acci\u00f3n polinizadora.<\/p>\n<p>La perspectiva a futuro para las abejas requiere acci\u00f3n y colaboraci\u00f3n. Se sugiere reducir el uso de pesticidas, fomentar la agricultura ecol\u00f3gica, y proteger los h\u00e1bitats naturales. Adem\u00e1s, la creaci\u00f3n de h\u00e1bitats para abejas en comunidades y jardines y el apoyo a la apicultura sostenible pueden contribuir significativamente a su conservaci\u00f3n. Tambi\u00e9n se enfatiza la importancia de la educaci\u00f3n y concienciaci\u00f3n sobre el papel vital que juegan las abejas en nuestro ecosistema y en la seguridad alimentaria.<\/p>\n<p>Tomando medidas concretas y trabajando colectivamente, podemos ayudar a proteger y preservar las poblaciones de abejas, garantizando as\u00ed la continuidad de su rol insustituible en la polinizaci\u00f3n y en el mantenimiento de la biodiversidad y la producci\u00f3n de alimentos.<\/p>\n<p><strong>\u00bfQu\u00e9 podemos hacer para ayudar a la sobrevivencia de la abejas?<\/strong><\/p>\n<p>Medidas concretas para proteger a las abejas y c\u00f3mo participar incluyen:<\/p>\n<p>Plantar flores y plantas nativas: Cultiva plantas que atraigan a las abejas y otros polinizadores en tu jard\u00edn, balc\u00f3n o comunidad. Las flores ricas en n\u00e9ctar y polen son especialmente beneficiosas.<\/p>\n<p>Evitar el uso de pesticidas: Utiliza m\u00e9todos naturales o biol\u00f3gicos para controlar plagas en lugar de pesticidas qu\u00edmicos que pueden ser perjudiciales para las abejas y otros polinizadores.<\/p>\n<p>Crear h\u00e1bitats para las abejas: Instala colmenas urbanas, hoteles para insectos o deja \u00e1reas de tu jard\u00edn sin podar para proporcionar refugio a las abejas silvestres.<\/p>\n<p>Apoyar a los apicultores locales: Compra miel y otros productos de abejas de apicultores locales y sostenibles para incentivar pr\u00e1cticas de apicultura que respeten el bienestar de las abejas.<\/p>\n<p>Educar y concienciar: Participa en campa\u00f1as de sensibilizaci\u00f3n sobre la importancia de las abejas y comparte informaci\u00f3n con tu comunidad. Las escuelas y grupos comunitarios pueden organizar charlas y talleres.<\/p>\n<p>Participar en iniciativas de conservaci\u00f3n: \u00danete a grupos o proyectos que trabajan en la conservaci\u00f3n de las abejas y otros polinizadores. Esto puede incluir actividades de voluntariado o contribuciones financieras.<\/p>\n","protected":false},"excerpt":{"rendered":"<p>Estos polinizadores son escenciales para la agricultura, la biodiversidad y seguridad alimentaria<\/p>\n","protected":false},"author":1,"featured_media":4431,"comment_status":"closed","ping_status":"closed","sticky":false,"template":"","format":"standard","meta":{"_crdt_document":"","_jetpack_memberships_contains_paid_content":false,"footnotes":"","jetpack_publicize_message":"","jetpack_publicize_feature_enabled":true,"jetpack_social_post_already_shared":true,"jetpack_social_options":{"image_generator_settings":{"template":"highway","default_image_id":0,"font":"","enabled":false},"version":2},"_wpas_customize_per_network":false},"categories":[9],"tags":[],"class_list":["post-4430","post","type-post","status-publish","format-standard","has-post-thumbnail","hentry","category-el-mundo"],"magazineBlocksPostFeaturedMedia":{"thumbnail":"https:\/\/pornuestrolaredo.com\/wp-content\/uploads\/2024\/05\/Stereo91-20240521-6-150x150.jpg","medium":"https:\/\/pornuestrolaredo.com\/wp-content\/uploads\/2024\/05\/Stereo91-20240521-6-300x191.jpg","medium_large":"https:\/\/pornuestrolaredo.com\/wp-content\/uploads\/2024\/05\/Stereo91-20240521-6-768x488.jpg","large":"https:\/\/pornuestrolaredo.com\/wp-content\/uploads\/2024\/05\/Stereo91-20240521-6.jpg","1536x1536":"https:\/\/pornuestrolaredo.com\/wp-content\/uploads\/2024\/05\/Stereo91-20240521-6.jpg","2048x2048":"https:\/\/pornuestrolaredo.com\/wp-content\/uploads\/2024\/05\/Stereo91-20240521-6.jpg","morenews-large":"https:\/\/pornuestrolaredo.com\/wp-content\/uploads\/2024\/05\/Stereo91-20240521-6.jpg","morenews-medium":"https:\/\/pornuestrolaredo.com\/wp-content\/uploads\/2024\/05\/Stereo91-20240521-6.jpg"},"magazineBlocksPostAuthor":{"name":"Redactor","avatar":"https:\/\/pornuestrolaredo.com\/wp-content\/litespeed\/avatar\/dca1d7ec750c399f025f23b0b314f4cf.jpg?ver=1777612120"},"magazineBlocksPostCommentsNumber":false,"magazineBlocksPostExcerpt":"Estos polinizadores son escenciales para la agricultura, la biodiversidad y seguridad alimentaria","magazineBlocksPostCategories":["El Mundo"],"magazineBlocksPostViewCount":129,"magazineBlocksPostReadTime":5,"magazine_blocks_featured_image_url":{"full":["https:\/\/pornuestrolaredo.com\/wp-content\/uploads\/2024\/05\/Stereo91-20240521-6.jpg",800,508,false],"medium":["https:\/\/pornuestrolaredo.com\/wp-content\/uploads\/2024\/05\/Stereo91-20240521-6-300x191.jpg",300,191,true],"thumbnail":["https:\/\/pornuestrolaredo.com\/wp-content\/uploads\/2024\/05\/Stereo91-20240521-6-150x150.jpg",150,150,true]},"magazine_blocks_author":{"display_name":"Redactor","author_link":"https:\/\/pornuestrolaredo.com\/?author=1"},"magazine_blocks_comment":0,"magazine_blocks_author_image":"https:\/\/pornuestrolaredo.com\/wp-content\/litespeed\/avatar\/dca1d7ec750c399f025f23b0b314f4cf.jpg?ver=1777612120","magazine_blocks_category":"<a href=\"#\" class=\"category-link category-link-9\">El Mundo<\/a>","jetpack_publicize_connections":[],"featured_image_urls":{"full":["https:\/\/pornuestrolaredo.com\/wp-content\/uploads\/2024\/05\/Stereo91-20240521-6.jpg",800,508,false],"thumbnail":["https:\/\/pornuestrolaredo.com\/wp-content\/uploads\/2024\/05\/Stereo91-20240521-6-150x150.jpg",150,150,true],"medium":["https:\/\/pornuestrolaredo.com\/wp-content\/uploads\/2024\/05\/Stereo91-20240521-6-300x191.jpg",300,191,true],"medium_large":["https:\/\/pornuestrolaredo.com\/wp-content\/uploads\/2024\/05\/Stereo91-20240521-6-768x488.jpg",640,407,true],"large":["https:\/\/pornuestrolaredo.com\/wp-content\/uploads\/2024\/05\/Stereo91-20240521-6.jpg",640,406,false],"1536x1536":["https:\/\/pornuestrolaredo.com\/wp-content\/uploads\/2024\/05\/Stereo91-20240521-6.jpg",800,508,false],"2048x2048":["https:\/\/pornuestrolaredo.com\/wp-content\/uploads\/2024\/05\/Stereo91-20240521-6.jpg",800,508,false],"morenews-large":["https:\/\/pornuestrolaredo.com\/wp-content\/uploads\/2024\/05\/Stereo91-20240521-6.jpg",800,508,false],"morenews-medium":["https:\/\/pornuestrolaredo.com\/wp-content\/uploads\/2024\/05\/Stereo91-20240521-6.jpg",590,375,false]},"author_info":{"info":["Redactor"]},"category_info":"<a href=\"https:\/\/pornuestrolaredo.com\/?cat=9\" rel=\"category\">El Mundo<\/a>","tag_info":"El Mundo","comment_count":"0","jetpack_featured_media_url":"https:\/\/pornuestrolaredo.com\/wp-content\/uploads\/2024\/05\/Stereo91-20240521-6.jpg","jetpack_sharing_enabled":true,"_links":{"self":[{"href":"https:\/\/pornuestrolaredo.com\/index.php?rest_route=\/wp\/v2\/posts\/4430","targetHints":{"allow":["GET"]}}],"collection":[{"href":"https:\/\/pornuestrolaredo.com\/index.php?rest_route=\/wp\/v2\/posts"}],"about":[{"href":"https:\/\/pornuestrolaredo.com\/index.php?rest_route=\/wp\/v2\/types\/post"}],"author":[{"embeddable":true,"href":"https:\/\/pornuestrolaredo.com\/index.php?rest_route=\/wp\/v2\/users\/1"}],"replies":[{"embeddable":true,"href":"https:\/\/pornuestrolaredo.com\/index.php?rest_route=%2Fwp%2Fv2%2Fcomments&post=4430"}],"version-history":[{"count":1,"href":"https:\/\/pornuestrolaredo.com\/index.php?rest_route=\/wp\/v2\/posts\/4430\/revisions"}],"predecessor-version":[{"id":4432,"href":"https:\/\/pornuestrolaredo.com\/index.php?rest_route=\/wp\/v2\/posts\/4430\/revisions\/4432"}],"wp:featuredmedia":[{"embeddable":true,"href":"https:\/\/pornuestrolaredo.com\/index.php?rest_route=\/wp\/v2\/media\/4431"}],"wp:attachment":[{"href":"https:\/\/pornuestrolaredo.com\/index.php?rest_route=%2Fwp%2Fv2%2Fmedia&parent=4430"}],"wp:term":[{"taxonomy":"category","embeddable":true,"href":"https:\/\/pornuestrolaredo.com\/index.php?rest_route=%2Fwp%2Fv2%2Fcategories&post=4430"},{"taxonomy":"post_tag","embeddable":true,"href":"https:\/\/pornuestrolaredo.com\/index.php?rest_route=%2Fwp%2Fv2%2Ftags&post=4430"}],"curies":[{"name":"wp","href":"https:\/\/api.w.org\/{rel}","templated":true}]}}