{"id":4433,"date":"2024-05-22T02:43:25","date_gmt":"2024-05-22T02:43:25","guid":{"rendered":"https:\/\/pornuestrolaredo.com\/?p=4433"},"modified":"2024-05-22T02:43:25","modified_gmt":"2024-05-22T02:43:25","slug":"jefe-policiaco-arma-megafiesta-con-los-tucanes-de-tijuana","status":"publish","type":"post","link":"https:\/\/pornuestrolaredo.com\/?p=4433","title":{"rendered":"Jefe policiaco arma megafiesta con Los Tucanes de Tijuana"},"content":{"rendered":"<p><strong><em>CANC\u00daN.-<<\/em>\/strong> Con Los Tucanes de Tijuana en el escenario, Pedro Le\u00f3n Toro Pe\u00f1a, director de la Polic\u00eda de Investigaci\u00f3n de Quintana Roo, le arm\u00f3 el 18 de mayo una fiesta de XV a\u00f1os a lo grande a su hija Mar\u00eda Fernanda.<\/p>\n<p>El funcionario trabaja en el Gobierno estatal que encabeza la morenista Mara Lezama.<\/p>\n<p>El reconocido grupo musical cobra 3.5 millones de pesos por presentaci\u00f3n.<\/p>\n<p>S\u00f3lo para pagar a Los Tucanes, Toro Pe\u00f1a habr\u00eda tenido que destinar, \u00edntegros, 52 salarios mensuales, equivalentes a 4 a\u00f1os y 4 meses de trabajo.<\/p>\n<p>Originario de San Crist\u00f3bal de las Casas, el jefe policiaco fue director de la Polic\u00eda Ministerial de Chiapas de 2015 a 2018, cuando Manuel Velasco, del Partido Verde Ecologista de M\u00e9xico, era Gobernador del Estado.<\/p>\n<p>Luego, del 2020 al 2021, Toro Pe\u00f1a fue subsecretario estatal de Seguridad P\u00fablica en Puebla, hasta que el ahora fallecido gobernador Luis Miguel Barbosa, de Morena, lo acus\u00f3 de ser parte de una mafia y lo despidi\u00f3.<\/p>\n<p>Desde julio de 2023, fue nombrado director de la Polic\u00eda de Investigaci\u00f3n en Quintana Roo, donde mensualmente gana 67 mil pesos netos.<\/p>\n<p>El d\u00eda de la fiesta de Mar\u00eda Fernanda, Los Tucanes de Tijuana arribaron y regresaron en avi\u00f3n privado, afirm\u00f3 una fuente a Grupo REFORMA.<\/p>\n<p>La recepci\u00f3n tuvo lugar en el exclusivo sal\u00f3n de fiestas &#8220;Country Royal&#8221;, en Tuxtla Guti\u00e9rrez, con un costo superior a los 600 mil pesos.<\/p>\n<blockquote><p>Y arriba la quincea\u00f1era&#8221;, enton\u00f3 el vocalista Mario Quintero al lado de la festejada, en un escenario con tres megapantallas en donde se presum\u00eda el \u00e1lbum de la agrupaci\u00f3n: Corridos Time.<\/p><\/blockquote>\n<blockquote><p>Si eres pobre, te humilla la gente, \/ si eres rico, te tratan muy bien. \/ Un amigo se meti\u00f3 a la mafia \/ porque pobre ya no quiso ser&#8221;, se cant\u00f3 en un espect\u00e1culo que dur\u00f3 casi dos horas.<\/p><\/blockquote>\n<p>Seg\u00fan fuentes que asistieron a la fiesta, agentes de la Polic\u00eda de Investigaci\u00f3n de Quintana Roo resguardaron el lugar.<\/p>\n","protected":false},"excerpt":{"rendered":"<p>Festeja en grande los quince a\u00f1os de su hija con el grupo que cobra 3.5 millones de pesos por presentaci\u00f3n<\/p>\n","protected":false},"author":1,"featured_media":4434,"comment_status":"closed","ping_status":"closed","sticky":false,"template":"","format":"standard","meta":{"_crdt_document":"","_jetpack_memberships_contains_paid_content":false,"footnotes":"","jetpack_publicize_message":"","jetpack_publicize_feature_enabled":true,"jetpack_social_post_already_shared":true,"jetpack_social_options":{"image_generator_settings":{"template":"highway","default_image_id":0,"font":"","enabled":false},"version":2},"_wpas_customize_per_network":false},"categories":[33],"tags":[],"class_list":["post-4433","post","type-post","status-publish","format-standard","has-post-thumbnail","hentry","category-mexico"],"magazineBlocksPostFeaturedMedia":{"thumbnail":"https:\/\/pornuestrolaredo.com\/wp-content\/uploads\/2024\/05\/Fieston-150x150.jpg","medium":"https:\/\/pornuestrolaredo.com\/wp-content\/uploads\/2024\/05\/Fieston-300x200.jpg","medium_large":"https:\/\/pornuestrolaredo.com\/wp-content\/uploads\/2024\/05\/Fieston-768x512.jpg","large":"https:\/\/pornuestrolaredo.com\/wp-content\/uploads\/2024\/05\/Fieston.jpg","1536x1536":"https:\/\/pornuestrolaredo.com\/wp-content\/uploads\/2024\/05\/Fieston.jpg","2048x2048":"https:\/\/pornuestrolaredo.com\/wp-content\/uploads\/2024\/05\/Fieston.jpg","morenews-large":"https:\/\/pornuestrolaredo.com\/wp-content\/uploads\/2024\/05\/Fieston.jpg","morenews-medium":"https:\/\/pornuestrolaredo.com\/wp-content\/uploads\/2024\/05\/Fieston.jpg"},"magazineBlocksPostAuthor":{"name":"Redactor","avatar":"https:\/\/pornuestrolaredo.com\/wp-content\/litespeed\/avatar\/dca1d7ec750c399f025f23b0b314f4cf.jpg?ver=1777612120"},"magazineBlocksPostCommentsNumber":false,"magazineBlocksPostExcerpt":"Festeja en grande los quince a\u00f1os de su hija con el grupo que cobra 3.5 millones de pesos por presentaci\u00f3n","magazineBlocksPostCategories":["Mexico"],"magazineBlocksPostViewCount":132,"magazineBlocksPostReadTime":2,"magazine_blocks_featured_image_url":{"full":["https:\/\/pornuestrolaredo.com\/wp-content\/uploads\/2024\/05\/Fieston.jpg",960,640,false],"medium":["https:\/\/pornuestrolaredo.com\/wp-content\/uploads\/2024\/05\/Fieston-300x200.jpg",300,200,true],"thumbnail":["https:\/\/pornuestrolaredo.com\/wp-content\/uploads\/2024\/05\/Fieston-150x150.jpg",150,150,true]},"magazine_blocks_author":{"display_name":"Redactor","author_link":"https:\/\/pornuestrolaredo.com\/?author=1"},"magazine_blocks_comment":0,"magazine_blocks_author_image":"https:\/\/pornuestrolaredo.com\/wp-content\/litespeed\/avatar\/dca1d7ec750c399f025f23b0b314f4cf.jpg?ver=1777612120","magazine_blocks_category":"<a href=\"#\" class=\"category-link category-link-33\">Mexico<\/a>","jetpack_publicize_connections":[],"featured_image_urls":{"full":["https:\/\/pornuestrolaredo.com\/wp-content\/uploads\/2024\/05\/Fieston.jpg",960,640,false],"thumbnail":["https:\/\/pornuestrolaredo.com\/wp-content\/uploads\/2024\/05\/Fieston-150x150.jpg",150,150,true],"medium":["https:\/\/pornuestrolaredo.com\/wp-content\/uploads\/2024\/05\/Fieston-300x200.jpg",300,200,true],"medium_large":["https:\/\/pornuestrolaredo.com\/wp-content\/uploads\/2024\/05\/Fieston-768x512.jpg",640,427,true],"large":["https:\/\/pornuestrolaredo.com\/wp-content\/uploads\/2024\/05\/Fieston.jpg",640,427,false],"1536x1536":["https:\/\/pornuestrolaredo.com\/wp-content\/uploads\/2024\/05\/Fieston.jpg",960,640,false],"2048x2048":["https:\/\/pornuestrolaredo.com\/wp-content\/uploads\/2024\/05\/Fieston.jpg",960,640,false],"morenews-large":["https:\/\/pornuestrolaredo.com\/wp-content\/uploads\/2024\/05\/Fieston.jpg",825,550,false],"morenews-medium":["https:\/\/pornuestrolaredo.com\/wp-content\/uploads\/2024\/05\/Fieston.jpg",590,393,false]},"author_info":{"info":["Redactor"]},"category_info":"<a href=\"https:\/\/pornuestrolaredo.com\/?cat=33\" rel=\"category\">Mexico<\/a>","tag_info":"Mexico","comment_count":"0","jetpack_featured_media_url":"https:\/\/pornuestrolaredo.com\/wp-content\/uploads\/2024\/05\/Fieston.jpg","jetpack_sharing_enabled":true,"_links":{"self":[{"href":"https:\/\/pornuestrolaredo.com\/index.php?rest_route=\/wp\/v2\/posts\/4433","targetHints":{"allow":["GET"]}}],"collection":[{"href":"https:\/\/pornuestrolaredo.com\/index.php?rest_route=\/wp\/v2\/posts"}],"about":[{"href":"https:\/\/pornuestrolaredo.com\/index.php?rest_route=\/wp\/v2\/types\/post"}],"author":[{"embeddable":true,"href":"https:\/\/pornuestrolaredo.com\/index.php?rest_route=\/wp\/v2\/users\/1"}],"replies":[{"embeddable":true,"href":"https:\/\/pornuestrolaredo.com\/index.php?rest_route=%2Fwp%2Fv2%2Fcomments&post=4433"}],"version-history":[{"count":1,"href":"https:\/\/pornuestrolaredo.com\/index.php?rest_route=\/wp\/v2\/posts\/4433\/revisions"}],"predecessor-version":[{"id":4435,"href":"https:\/\/pornuestrolaredo.com\/index.php?rest_route=\/wp\/v2\/posts\/4433\/revisions\/4435"}],"wp:featuredmedia":[{"embeddable":true,"href":"https:\/\/pornuestrolaredo.com\/index.php?rest_route=\/wp\/v2\/media\/4434"}],"wp:attachment":[{"href":"https:\/\/pornuestrolaredo.com\/index.php?rest_route=%2Fwp%2Fv2%2Fmedia&parent=4433"}],"wp:term":[{"taxonomy":"category","embeddable":true,"href":"https:\/\/pornuestrolaredo.com\/index.php?rest_route=%2Fwp%2Fv2%2Fcategories&post=4433"},{"taxonomy":"post_tag","embeddable":true,"href":"https:\/\/pornuestrolaredo.com\/index.php?rest_route=%2Fwp%2Fv2%2Ftags&post=4433"}],"curies":[{"name":"wp","href":"https:\/\/api.w.org\/{rel}","templated":true}]}}