{"id":4439,"date":"2024-05-22T16:41:06","date_gmt":"2024-05-22T16:41:06","guid":{"rendered":"https:\/\/pornuestrolaredo.com\/?p=4439"},"modified":"2024-05-22T16:41:06","modified_gmt":"2024-05-22T16:41:06","slug":"suben-al-doble-lo-boletos-para-la-final-de-futbol","status":"publish","type":"post","link":"https:\/\/pornuestrolaredo.com\/?p=4439","title":{"rendered":"Suben al doble lo boletos para la final de futbol"},"content":{"rendered":"<p><strong>CIUDAD DE M\u00c9XICO-<\/strong> Este martes se revel\u00f3 el precio de los boletos para la Final de ida del torneo Clausura 2024, en la que Cruz Azul recibir\u00e1 al Am\u00e9rica en el Estadio Ciudad de los Deportes, destacando que el costo de un asiento en cualquiera de las localidades se elev\u00f3 hasta casi el doble respecto a su precio para la Semifinal de vuelta, cuando Rayados de Monterrey visit\u00f3 la Ciudad de M\u00e9xico.<\/p>\n<p><strong>\u00bfCU\u00c1NDO SALIERON A LA VENTA LOS BOLETOS?<\/strong><\/p>\n<p>Los boletos fueron puestos a la venta a partir de las 11:33 horas del Centro de M\u00e9xico, este martes 21, con preferencia para quienes cuentan con el Abono Azul y tambi\u00e9n para los aficionados que acudieron a la Semifinal de vuelta frente a Monterrey, quienes recibieron un correo para poder anticipar su compra de cara la Final de ida del Clausura 2024.<\/p>\n<p><strong>PRECIO DE LOS BOLETOS PARA LA FINAL DE IDA DEL CLAUSURA 2024<br \/>\n<\/strong><br \/>\nEl conjunto de Cruz Azul y el Estadio Ciudad de los Deportes dieron a conocer, a trav\u00e9s de sus redes sociales, el precio de cada una de las localidades para el partido ante Am\u00e9rica, correspondiente a la Final de ida del torneo Clausura 2024, misma que se disputar\u00e1 el pr\u00f3ximo jueves 23 de mayo a las 20:00 horas del centro de M\u00e9xico.<\/p>\n<p>Personas con discapacidad: $880<br \/>\nCabecera Sur: $1320<br \/>\nLocal A: $1320<br \/>\nPreferente B: $2200<br \/>\nPreferente A: $2200<br \/>\nPlatea B: $2640<br \/>\nPlatea A: $2640<br \/>\nPreferente techado: $3520<\/p>\n","protected":false},"excerpt":{"rendered":"<p>Cruz Azul recibir\u00e1 a Am\u00e9rica en el Estadio Ciudad de los Deportes, el jueves a las 8:00 de la noche, hora de CDMX, 9:00 de la noche en los Laredos<\/p>\n","protected":false},"author":1,"featured_media":4440,"comment_status":"closed","ping_status":"closed","sticky":false,"template":"","format":"standard","meta":{"_crdt_document":"","_jetpack_memberships_contains_paid_content":false,"footnotes":"","jetpack_publicize_message":"","jetpack_publicize_feature_enabled":true,"jetpack_social_post_already_shared":true,"jetpack_social_options":{"image_generator_settings":{"template":"highway","default_image_id":0,"font":"","enabled":false},"version":2},"_wpas_customize_per_network":false},"categories":[10],"tags":[],"class_list":["post-4439","post","type-post","status-publish","format-standard","has-post-thumbnail","hentry","category-deportes"],"magazineBlocksPostFeaturedMedia":{"thumbnail":"https:\/\/pornuestrolaredo.com\/wp-content\/uploads\/2024\/05\/Stereo91-20240522-1-150x150.jpg","medium":"https:\/\/pornuestrolaredo.com\/wp-content\/uploads\/2024\/05\/Stereo91-20240522-1-300x166.jpg","medium_large":"https:\/\/pornuestrolaredo.com\/wp-content\/uploads\/2024\/05\/Stereo91-20240522-1-768x424.jpg","large":"https:\/\/pornuestrolaredo.com\/wp-content\/uploads\/2024\/05\/Stereo91-20240522-1.jpg","1536x1536":"https:\/\/pornuestrolaredo.com\/wp-content\/uploads\/2024\/05\/Stereo91-20240522-1.jpg","2048x2048":"https:\/\/pornuestrolaredo.com\/wp-content\/uploads\/2024\/05\/Stereo91-20240522-1.jpg","morenews-large":"https:\/\/pornuestrolaredo.com\/wp-content\/uploads\/2024\/05\/Stereo91-20240522-1.jpg","morenews-medium":"https:\/\/pornuestrolaredo.com\/wp-content\/uploads\/2024\/05\/Stereo91-20240522-1.jpg"},"magazineBlocksPostAuthor":{"name":"Redactor","avatar":"https:\/\/pornuestrolaredo.com\/wp-content\/litespeed\/avatar\/dca1d7ec750c399f025f23b0b314f4cf.jpg?ver=1777612120"},"magazineBlocksPostCommentsNumber":false,"magazineBlocksPostExcerpt":"Cruz Azul recibir\u00e1 a Am\u00e9rica en el Estadio Ciudad de los Deportes, el jueves a las 8:00 de la noche, hora de CDMX, 9:00 de la noche en los Laredos","magazineBlocksPostCategories":["Deportes"],"magazineBlocksPostViewCount":136,"magazineBlocksPostReadTime":2,"magazine_blocks_featured_image_url":{"full":["https:\/\/pornuestrolaredo.com\/wp-content\/uploads\/2024\/05\/Stereo91-20240522-1.jpg",800,442,false],"medium":["https:\/\/pornuestrolaredo.com\/wp-content\/uploads\/2024\/05\/Stereo91-20240522-1-300x166.jpg",300,166,true],"thumbnail":["https:\/\/pornuestrolaredo.com\/wp-content\/uploads\/2024\/05\/Stereo91-20240522-1-150x150.jpg",150,150,true]},"magazine_blocks_author":{"display_name":"Redactor","author_link":"https:\/\/pornuestrolaredo.com\/?author=1"},"magazine_blocks_comment":0,"magazine_blocks_author_image":"https:\/\/pornuestrolaredo.com\/wp-content\/litespeed\/avatar\/dca1d7ec750c399f025f23b0b314f4cf.jpg?ver=1777612120","magazine_blocks_category":"<a href=\"#\" class=\"category-link category-link-10\">Deportes<\/a>","jetpack_publicize_connections":[],"featured_image_urls":{"full":["https:\/\/pornuestrolaredo.com\/wp-content\/uploads\/2024\/05\/Stereo91-20240522-1.jpg",800,442,false],"thumbnail":["https:\/\/pornuestrolaredo.com\/wp-content\/uploads\/2024\/05\/Stereo91-20240522-1-150x150.jpg",150,150,true],"medium":["https:\/\/pornuestrolaredo.com\/wp-content\/uploads\/2024\/05\/Stereo91-20240522-1-300x166.jpg",300,166,true],"medium_large":["https:\/\/pornuestrolaredo.com\/wp-content\/uploads\/2024\/05\/Stereo91-20240522-1-768x424.jpg",640,353,true],"large":["https:\/\/pornuestrolaredo.com\/wp-content\/uploads\/2024\/05\/Stereo91-20240522-1.jpg",640,354,false],"1536x1536":["https:\/\/pornuestrolaredo.com\/wp-content\/uploads\/2024\/05\/Stereo91-20240522-1.jpg",800,442,false],"2048x2048":["https:\/\/pornuestrolaredo.com\/wp-content\/uploads\/2024\/05\/Stereo91-20240522-1.jpg",800,442,false],"morenews-large":["https:\/\/pornuestrolaredo.com\/wp-content\/uploads\/2024\/05\/Stereo91-20240522-1.jpg",800,442,false],"morenews-medium":["https:\/\/pornuestrolaredo.com\/wp-content\/uploads\/2024\/05\/Stereo91-20240522-1.jpg",590,326,false]},"author_info":{"info":["Redactor"]},"category_info":"<a href=\"https:\/\/pornuestrolaredo.com\/?cat=10\" rel=\"category\">Deportes<\/a>","tag_info":"Deportes","comment_count":"0","jetpack_featured_media_url":"https:\/\/pornuestrolaredo.com\/wp-content\/uploads\/2024\/05\/Stereo91-20240522-1.jpg","jetpack_sharing_enabled":true,"_links":{"self":[{"href":"https:\/\/pornuestrolaredo.com\/index.php?rest_route=\/wp\/v2\/posts\/4439","targetHints":{"allow":["GET"]}}],"collection":[{"href":"https:\/\/pornuestrolaredo.com\/index.php?rest_route=\/wp\/v2\/posts"}],"about":[{"href":"https:\/\/pornuestrolaredo.com\/index.php?rest_route=\/wp\/v2\/types\/post"}],"author":[{"embeddable":true,"href":"https:\/\/pornuestrolaredo.com\/index.php?rest_route=\/wp\/v2\/users\/1"}],"replies":[{"embeddable":true,"href":"https:\/\/pornuestrolaredo.com\/index.php?rest_route=%2Fwp%2Fv2%2Fcomments&post=4439"}],"version-history":[{"count":1,"href":"https:\/\/pornuestrolaredo.com\/index.php?rest_route=\/wp\/v2\/posts\/4439\/revisions"}],"predecessor-version":[{"id":4441,"href":"https:\/\/pornuestrolaredo.com\/index.php?rest_route=\/wp\/v2\/posts\/4439\/revisions\/4441"}],"wp:featuredmedia":[{"embeddable":true,"href":"https:\/\/pornuestrolaredo.com\/index.php?rest_route=\/wp\/v2\/media\/4440"}],"wp:attachment":[{"href":"https:\/\/pornuestrolaredo.com\/index.php?rest_route=%2Fwp%2Fv2%2Fmedia&parent=4439"}],"wp:term":[{"taxonomy":"category","embeddable":true,"href":"https:\/\/pornuestrolaredo.com\/index.php?rest_route=%2Fwp%2Fv2%2Fcategories&post=4439"},{"taxonomy":"post_tag","embeddable":true,"href":"https:\/\/pornuestrolaredo.com\/index.php?rest_route=%2Fwp%2Fv2%2Ftags&post=4439"}],"curies":[{"name":"wp","href":"https:\/\/api.w.org\/{rel}","templated":true}]}}