{"id":4465,"date":"2024-05-26T21:45:48","date_gmt":"2024-05-26T21:45:48","guid":{"rendered":"https:\/\/pornuestrolaredo.com\/?p=4465"},"modified":"2024-05-26T21:45:48","modified_gmt":"2024-05-26T21:45:48","slug":"hacen-picnic-para-4-mil-personas-en-paris","status":"publish","type":"post","link":"https:\/\/pornuestrolaredo.com\/?p=4465","title":{"rendered":"Hacen picnic para 4 mil personas en Par\u00eds"},"content":{"rendered":"<p><strong>PAR\u00cdS.-<\/strong> La avenida m\u00e1s famosa de la capital francesa, los Campos El\u00edseos, se transform\u00f3 en un enorme picnic el domingo en el que unas 4 mil personas se sentaron bajo el sol para disfrutar de un almuerzo al aire libre.<\/p>\n<p>Los afortunados asistentes fueron seleccionados mediante un sorteo y les dieron canastas gratuitas llenas de exquisiteces de algunos de los principales chefs de Par\u00eds, incluidos pasteles de hojaldre y s\u00e1ndwiches creativos.<\/p>\n<p>Los alimentos fueron preparados en ocho cocinas temporales colocadas a lo largo de la avenida y proporcionados por restaurantes de la famosa calle parisina, que incluy\u00f3 al famoso Fouquet\u2019s, as\u00ed como McDonald\u2019s.<\/p>\n<p>Una manta gigante de unos 216 metros (236 yardas), que cubr\u00eda la calle desde el Arco del Triunfo hasta la intersecci\u00f3n de la Avenida Jorge V, sirvi\u00f3 de zona de descanso para el acto, que se celebr\u00f3 exactamente dos meses antes de que Par\u00eds sea sede de la ceremonia de apertura de los Juegos Ol\u00edmpicos.<\/p>\n<p>La manta tiene una superficie total de 4 mil 212 metros cuadrados (45 mil 338 pies cuadrados) y se fabric\u00f3 en el pa\u00eds con fibras 100% recicladas, seg\u00fan los organizadores.<\/p>\n<p>La alcaldesa Anne Hidalgo visit\u00f3 a los participantes en el picnic. El Comit\u00e9 de los Campos El\u00edseos ha organizado otros actos al aire libre en el pasado, como la proyecci\u00f3n masiva de pel\u00edculas y el mayor evento de dictado del mundo.<\/p>\n","protected":false},"excerpt":{"rendered":"<p>Los asistentes, seleccionados por sorteo, recibieron canastas gratuitas llenas de exquisiteces de algunos de los principales chefs de la Ciudad Luz<\/p>\n","protected":false},"author":1,"featured_media":4466,"comment_status":"closed","ping_status":"closed","sticky":false,"template":"","format":"standard","meta":{"_crdt_document":"","_jetpack_memberships_contains_paid_content":false,"footnotes":"","jetpack_publicize_message":"","jetpack_publicize_feature_enabled":true,"jetpack_social_post_already_shared":true,"jetpack_social_options":{"image_generator_settings":{"template":"highway","default_image_id":0,"font":"","enabled":false},"version":2},"_wpas_customize_per_network":false},"categories":[9],"tags":[],"class_list":["post-4465","post","type-post","status-publish","format-standard","has-post-thumbnail","hentry","category-el-mundo"],"magazineBlocksPostFeaturedMedia":{"thumbnail":"https:\/\/pornuestrolaredo.com\/wp-content\/uploads\/2024\/05\/Stereo91-20240526-2-0-150x150.jpg","medium":"https:\/\/pornuestrolaredo.com\/wp-content\/uploads\/2024\/05\/Stereo91-20240526-2-0-300x200.jpg","medium_large":"https:\/\/pornuestrolaredo.com\/wp-content\/uploads\/2024\/05\/Stereo91-20240526-2-0-768x512.jpg","large":"https:\/\/pornuestrolaredo.com\/wp-content\/uploads\/2024\/05\/Stereo91-20240526-2-0-1000x667.jpg","1536x1536":"https:\/\/pornuestrolaredo.com\/wp-content\/uploads\/2024\/05\/Stereo91-20240526-2-0.jpg","2048x2048":"https:\/\/pornuestrolaredo.com\/wp-content\/uploads\/2024\/05\/Stereo91-20240526-2-0.jpg","morenews-large":"https:\/\/pornuestrolaredo.com\/wp-content\/uploads\/2024\/05\/Stereo91-20240526-2-0.jpg","morenews-medium":"https:\/\/pornuestrolaredo.com\/wp-content\/uploads\/2024\/05\/Stereo91-20240526-2-0.jpg"},"magazineBlocksPostAuthor":{"name":"Redactor","avatar":"https:\/\/pornuestrolaredo.com\/wp-content\/litespeed\/avatar\/dca1d7ec750c399f025f23b0b314f4cf.jpg?ver=1777612120"},"magazineBlocksPostCommentsNumber":false,"magazineBlocksPostExcerpt":"Los asistentes, seleccionados por sorteo, recibieron canastas gratuitas llenas de exquisiteces de algunos de los principales chefs de la Ciudad Luz","magazineBlocksPostCategories":["El Mundo"],"magazineBlocksPostViewCount":130,"magazineBlocksPostReadTime":2,"magazine_blocks_featured_image_url":{"full":["https:\/\/pornuestrolaredo.com\/wp-content\/uploads\/2024\/05\/Stereo91-20240526-2-0.jpg",1440,960,false],"medium":["https:\/\/pornuestrolaredo.com\/wp-content\/uploads\/2024\/05\/Stereo91-20240526-2-0-300x200.jpg",300,200,true],"thumbnail":["https:\/\/pornuestrolaredo.com\/wp-content\/uploads\/2024\/05\/Stereo91-20240526-2-0-150x150.jpg",150,150,true]},"magazine_blocks_author":{"display_name":"Redactor","author_link":"https:\/\/pornuestrolaredo.com\/?author=1"},"magazine_blocks_comment":0,"magazine_blocks_author_image":"https:\/\/pornuestrolaredo.com\/wp-content\/litespeed\/avatar\/dca1d7ec750c399f025f23b0b314f4cf.jpg?ver=1777612120","magazine_blocks_category":"<a href=\"#\" class=\"category-link category-link-9\">El Mundo<\/a>","jetpack_publicize_connections":[],"featured_image_urls":{"full":["https:\/\/pornuestrolaredo.com\/wp-content\/uploads\/2024\/05\/Stereo91-20240526-2-0.jpg",1440,960,false],"thumbnail":["https:\/\/pornuestrolaredo.com\/wp-content\/uploads\/2024\/05\/Stereo91-20240526-2-0-150x150.jpg",150,150,true],"medium":["https:\/\/pornuestrolaredo.com\/wp-content\/uploads\/2024\/05\/Stereo91-20240526-2-0-300x200.jpg",300,200,true],"medium_large":["https:\/\/pornuestrolaredo.com\/wp-content\/uploads\/2024\/05\/Stereo91-20240526-2-0-768x512.jpg",640,427,true],"large":["https:\/\/pornuestrolaredo.com\/wp-content\/uploads\/2024\/05\/Stereo91-20240526-2-0-1000x667.jpg",640,427,true],"1536x1536":["https:\/\/pornuestrolaredo.com\/wp-content\/uploads\/2024\/05\/Stereo91-20240526-2-0.jpg",1440,960,false],"2048x2048":["https:\/\/pornuestrolaredo.com\/wp-content\/uploads\/2024\/05\/Stereo91-20240526-2-0.jpg",1440,960,false],"morenews-large":["https:\/\/pornuestrolaredo.com\/wp-content\/uploads\/2024\/05\/Stereo91-20240526-2-0.jpg",825,550,false],"morenews-medium":["https:\/\/pornuestrolaredo.com\/wp-content\/uploads\/2024\/05\/Stereo91-20240526-2-0.jpg",590,393,false]},"author_info":{"info":["Redactor"]},"category_info":"<a href=\"https:\/\/pornuestrolaredo.com\/?cat=9\" rel=\"category\">El Mundo<\/a>","tag_info":"El Mundo","comment_count":"0","jetpack_featured_media_url":"https:\/\/pornuestrolaredo.com\/wp-content\/uploads\/2024\/05\/Stereo91-20240526-2-0.jpg","jetpack_sharing_enabled":true,"_links":{"self":[{"href":"https:\/\/pornuestrolaredo.com\/index.php?rest_route=\/wp\/v2\/posts\/4465","targetHints":{"allow":["GET"]}}],"collection":[{"href":"https:\/\/pornuestrolaredo.com\/index.php?rest_route=\/wp\/v2\/posts"}],"about":[{"href":"https:\/\/pornuestrolaredo.com\/index.php?rest_route=\/wp\/v2\/types\/post"}],"author":[{"embeddable":true,"href":"https:\/\/pornuestrolaredo.com\/index.php?rest_route=\/wp\/v2\/users\/1"}],"replies":[{"embeddable":true,"href":"https:\/\/pornuestrolaredo.com\/index.php?rest_route=%2Fwp%2Fv2%2Fcomments&post=4465"}],"version-history":[{"count":1,"href":"https:\/\/pornuestrolaredo.com\/index.php?rest_route=\/wp\/v2\/posts\/4465\/revisions"}],"predecessor-version":[{"id":4467,"href":"https:\/\/pornuestrolaredo.com\/index.php?rest_route=\/wp\/v2\/posts\/4465\/revisions\/4467"}],"wp:featuredmedia":[{"embeddable":true,"href":"https:\/\/pornuestrolaredo.com\/index.php?rest_route=\/wp\/v2\/media\/4466"}],"wp:attachment":[{"href":"https:\/\/pornuestrolaredo.com\/index.php?rest_route=%2Fwp%2Fv2%2Fmedia&parent=4465"}],"wp:term":[{"taxonomy":"category","embeddable":true,"href":"https:\/\/pornuestrolaredo.com\/index.php?rest_route=%2Fwp%2Fv2%2Fcategories&post=4465"},{"taxonomy":"post_tag","embeddable":true,"href":"https:\/\/pornuestrolaredo.com\/index.php?rest_route=%2Fwp%2Fv2%2Ftags&post=4465"}],"curies":[{"name":"wp","href":"https:\/\/api.w.org\/{rel}","templated":true}]}}