{"id":4477,"date":"2024-05-29T23:46:01","date_gmt":"2024-05-29T23:46:01","guid":{"rendered":"https:\/\/pornuestrolaredo.com\/?p=4477"},"modified":"2024-05-29T23:46:01","modified_gmt":"2024-05-29T23:46:01","slug":"terminan-hoy-las-campanas-electorales","status":"publish","type":"post","link":"https:\/\/pornuestrolaredo.com\/?p=4477","title":{"rendered":"Terminan hoy las campa\u00f1as electorales"},"content":{"rendered":"<p><strong>CIUDAD DE M\u00c9XICO.- <\/strong>El Instituto Nacional Electoral (INE) inform\u00f3 que hoy, 29 de mayo, concluyen las campa\u00f1as de los Procesos Electorales Federal y Concurrentes 2023-2024 , ya que a partir de ma\u00f1ana inicia el periodo de reflexi\u00f3n o veda electoral, para que la ciudadan\u00eda razone su voto, valore las propuestas de las candidaturas y ejerza su derecho al sufragio de manera libre y secreta.<\/p>\n<p>La normativa aplicable establece que durante los tres d\u00edas previos a la elecci\u00f3n y hasta la hora de cierre de las casillas de la Jornada Electoral, queda estrictamente prohibido publicar, difundir o dar a conocer, por cualquier medio de comunicaci\u00f3n, los resultados de las encuestas o sondeos de opini\u00f3n sobre preferencias electorales o cualquier tipo de propaganda gubernamental. Este lapso es conocido como periodo de reflexi\u00f3n.<\/p>\n<p>El INE convoca a los ciudadanos a analizar la oferta pol\u00edtica que les permita emitir un voto libre y razonado el pr\u00f3ximo 2 de junio.<\/p>\n<p>El art\u00edculo 251 de la Ley General de Instituciones y Procedimientos Electorales (LGIPE) establece que las campa\u00f1as electorales para presidente, senadores y diputados, en el a\u00f1o que corresponda, tendr\u00e1n una duraci\u00f3nde 90 d\u00edas.<\/p>\n<p>Desde el viernes 1 de marzo hasta el 29 de mayo, partidos pol\u00edticos y candidaturas fueron protagonistas de las campa\u00f1as en busca de alguno de los 629 cargos de elecci\u00f3n popular que se disputar\u00e1n el pr\u00f3ximo 2 de junio. Entre los que destacan 500 diputaciones y 128 senadur\u00edas.<\/p>\n<p>Asimismo, a nivel local se renovar\u00e1n ocho gubernaturas, la jefatura de Gobierno y 16 alcald\u00edas en la Ciudad de M\u00e9xico; mil 098 diputaciones locales; mil 802 presidencias municipales; mil 975 sindicaturas; 204 concejal\u00edas; 14 mil 560 regidur\u00edas; 22 presidencias de juntas municipales; 88 regidur\u00edas de juntas municipales; 22 sindicaturas de juntas municipales y 299 presidencias de comunidad.<\/p>\n","protected":false},"excerpt":{"rendered":"<p>Desde este jueves, se entra en lo que el INE llama el periodo de reflexi\u00f3n o veda electoral<\/p>\n","protected":false},"author":1,"featured_media":4478,"comment_status":"closed","ping_status":"closed","sticky":false,"template":"","format":"standard","meta":{"_crdt_document":"","_jetpack_memberships_contains_paid_content":false,"footnotes":"","jetpack_publicize_message":"","jetpack_publicize_feature_enabled":true,"jetpack_social_post_already_shared":true,"jetpack_social_options":{"image_generator_settings":{"template":"highway","default_image_id":0,"font":"","enabled":false},"version":2},"_wpas_customize_per_network":false},"categories":[33],"tags":[],"class_list":["post-4477","post","type-post","status-publish","format-standard","has-post-thumbnail","hentry","category-mexico"],"magazineBlocksPostFeaturedMedia":{"thumbnail":"https:\/\/pornuestrolaredo.com\/wp-content\/uploads\/2024\/05\/Elecciones-150x150.jpg","medium":"https:\/\/pornuestrolaredo.com\/wp-content\/uploads\/2024\/05\/Elecciones-300x135.jpg","medium_large":"https:\/\/pornuestrolaredo.com\/wp-content\/uploads\/2024\/05\/Elecciones-768x346.jpg","large":"https:\/\/pornuestrolaredo.com\/wp-content\/uploads\/2024\/05\/Elecciones-1000x450.jpg","1536x1536":"https:\/\/pornuestrolaredo.com\/wp-content\/uploads\/2024\/05\/Elecciones.jpg","2048x2048":"https:\/\/pornuestrolaredo.com\/wp-content\/uploads\/2024\/05\/Elecciones.jpg","morenews-large":"https:\/\/pornuestrolaredo.com\/wp-content\/uploads\/2024\/05\/Elecciones.jpg","morenews-medium":"https:\/\/pornuestrolaredo.com\/wp-content\/uploads\/2024\/05\/Elecciones.jpg"},"magazineBlocksPostAuthor":{"name":"Redactor","avatar":"https:\/\/pornuestrolaredo.com\/wp-content\/litespeed\/avatar\/dca1d7ec750c399f025f23b0b314f4cf.jpg?ver=1777612120"},"magazineBlocksPostCommentsNumber":false,"magazineBlocksPostExcerpt":"Desde este jueves, se entra en lo que el INE llama el periodo de reflexi\u00f3n o veda electoral","magazineBlocksPostCategories":["Mexico"],"magazineBlocksPostViewCount":123,"magazineBlocksPostReadTime":2,"magazine_blocks_featured_image_url":{"full":["https:\/\/pornuestrolaredo.com\/wp-content\/uploads\/2024\/05\/Elecciones.jpg",1024,461,false],"medium":["https:\/\/pornuestrolaredo.com\/wp-content\/uploads\/2024\/05\/Elecciones-300x135.jpg",300,135,true],"thumbnail":["https:\/\/pornuestrolaredo.com\/wp-content\/uploads\/2024\/05\/Elecciones-150x150.jpg",150,150,true]},"magazine_blocks_author":{"display_name":"Redactor","author_link":"https:\/\/pornuestrolaredo.com\/?author=1"},"magazine_blocks_comment":0,"magazine_blocks_author_image":"https:\/\/pornuestrolaredo.com\/wp-content\/litespeed\/avatar\/dca1d7ec750c399f025f23b0b314f4cf.jpg?ver=1777612120","magazine_blocks_category":"<a href=\"#\" class=\"category-link category-link-33\">Mexico<\/a>","jetpack_publicize_connections":[],"featured_image_urls":{"full":["https:\/\/pornuestrolaredo.com\/wp-content\/uploads\/2024\/05\/Elecciones.jpg",1024,461,false],"thumbnail":["https:\/\/pornuestrolaredo.com\/wp-content\/uploads\/2024\/05\/Elecciones-150x150.jpg",150,150,true],"medium":["https:\/\/pornuestrolaredo.com\/wp-content\/uploads\/2024\/05\/Elecciones-300x135.jpg",300,135,true],"medium_large":["https:\/\/pornuestrolaredo.com\/wp-content\/uploads\/2024\/05\/Elecciones-768x346.jpg",640,288,true],"large":["https:\/\/pornuestrolaredo.com\/wp-content\/uploads\/2024\/05\/Elecciones-1000x450.jpg",640,288,true],"1536x1536":["https:\/\/pornuestrolaredo.com\/wp-content\/uploads\/2024\/05\/Elecciones.jpg",1024,461,false],"2048x2048":["https:\/\/pornuestrolaredo.com\/wp-content\/uploads\/2024\/05\/Elecciones.jpg",1024,461,false],"morenews-large":["https:\/\/pornuestrolaredo.com\/wp-content\/uploads\/2024\/05\/Elecciones.jpg",825,371,false],"morenews-medium":["https:\/\/pornuestrolaredo.com\/wp-content\/uploads\/2024\/05\/Elecciones.jpg",590,266,false]},"author_info":{"info":["Redactor"]},"category_info":"<a href=\"https:\/\/pornuestrolaredo.com\/?cat=33\" rel=\"category\">Mexico<\/a>","tag_info":"Mexico","comment_count":"0","jetpack_featured_media_url":"https:\/\/pornuestrolaredo.com\/wp-content\/uploads\/2024\/05\/Elecciones.jpg","jetpack_sharing_enabled":true,"_links":{"self":[{"href":"https:\/\/pornuestrolaredo.com\/index.php?rest_route=\/wp\/v2\/posts\/4477","targetHints":{"allow":["GET"]}}],"collection":[{"href":"https:\/\/pornuestrolaredo.com\/index.php?rest_route=\/wp\/v2\/posts"}],"about":[{"href":"https:\/\/pornuestrolaredo.com\/index.php?rest_route=\/wp\/v2\/types\/post"}],"author":[{"embeddable":true,"href":"https:\/\/pornuestrolaredo.com\/index.php?rest_route=\/wp\/v2\/users\/1"}],"replies":[{"embeddable":true,"href":"https:\/\/pornuestrolaredo.com\/index.php?rest_route=%2Fwp%2Fv2%2Fcomments&post=4477"}],"version-history":[{"count":1,"href":"https:\/\/pornuestrolaredo.com\/index.php?rest_route=\/wp\/v2\/posts\/4477\/revisions"}],"predecessor-version":[{"id":4479,"href":"https:\/\/pornuestrolaredo.com\/index.php?rest_route=\/wp\/v2\/posts\/4477\/revisions\/4479"}],"wp:featuredmedia":[{"embeddable":true,"href":"https:\/\/pornuestrolaredo.com\/index.php?rest_route=\/wp\/v2\/media\/4478"}],"wp:attachment":[{"href":"https:\/\/pornuestrolaredo.com\/index.php?rest_route=%2Fwp%2Fv2%2Fmedia&parent=4477"}],"wp:term":[{"taxonomy":"category","embeddable":true,"href":"https:\/\/pornuestrolaredo.com\/index.php?rest_route=%2Fwp%2Fv2%2Fcategories&post=4477"},{"taxonomy":"post_tag","embeddable":true,"href":"https:\/\/pornuestrolaredo.com\/index.php?rest_route=%2Fwp%2Fv2%2Ftags&post=4477"}],"curies":[{"name":"wp","href":"https:\/\/api.w.org\/{rel}","templated":true}]}}