{"id":448,"date":"2022-10-03T04:46:45","date_gmt":"2022-10-03T04:46:45","guid":{"rendered":"https:\/\/pornuestrolaredo.com\/?p=448"},"modified":"2022-10-04T22:23:21","modified_gmt":"2022-10-04T22:23:21","slug":"lleva-municipio-de-nld-reactivacion-fisica-a-primarias","status":"publish","type":"post","link":"https:\/\/pornuestrolaredo.com\/?p=448","title":{"rendered":"Lleva Municipio de NLD reactivaci\u00f3n f\u00edsica a primarias"},"content":{"rendered":"\n<p class=\"wp-block-paragraph\"><strong><em>NUEVO LAREDO.-<\/em><\/strong> Con la finalidad de promover la activaci\u00f3n f\u00edsica en los ni\u00f1os neolaredenses, el Gobierno Municipal por medio de la Direcci\u00f3n de Cultura F\u00edsica y Deporte, visita escuelas de nivel primaria para realizar diversos ejercicios con los estudiantes durante media hora.<\/p>\n\n\n\n<p class=\"wp-block-paragraph\">Como parte de este programa, instructoras de dicha direcci\u00f3n acudieron a la primaria \u201cCarlos A. Carrillo\u201d, donde realizaron baile y juegos para la reactivaci\u00f3n f\u00edsica de los alumnos; adem\u00e1s se hizo entrega de un paquete que consta de 15 balones de f\u00fatbol, b\u00e1squetbol y voleibol, as\u00ed como 10 aros de ula ula.<\/p>\n\n\n\n<p class=\"wp-block-paragraph\">El director de Cultura F\u00edsica y Deporte, Salom\u00f3n Valencia Hinojosa, explic\u00f3 que este programa se denomina \u201cActivaci\u00f3n f\u00edsica infantil\u201d y se lleva a cabo debido a que por la pandemia, los ni\u00f1os se mantuvieron cautivos y con esta iniciativa se recuperar\u00e1n las actividades sanas como lo es el ejercicio.<\/p>\n\n\n\n<blockquote class=\"wp-block-quote is-layout-flow wp-block-quote-is-layout-flow\"><p>Principalmente se hacen ejercicios de coordinaci\u00f3n acompa\u00f1ados con m\u00fasica para trabajar el inicio psicomotriz en el deporte, tambi\u00e9n acercamos al profesor de educaci\u00f3n f\u00edsica de la escuela en turno para que conozca y comience a realizar estas actividades\u201d, detall\u00f3.<\/p><\/blockquote>\n\n\n\n<p class=\"wp-block-paragraph\">A trav\u00e9s de este programa se visitar\u00e1 una primaria por semana y posteriormente, tambi\u00e9n se recorrer\u00e1n los institutos de niveles superiores; anteriormente se desarroll\u00f3 en la escuela \u201cRosendo Caballero\u201d.<\/p>\n\n\n\n<p class=\"wp-block-paragraph\">Olga Mar\u00eda P\u00e9rez Guti\u00e9rrez, docente, reconoci\u00f3 la importancia de que los menores se mantengan ejercitados y los esfuerzos del Gobierno Municipal para brindar salud y bienestar a los estudiantes.<\/p>\n\n\n\n<blockquote class=\"wp-block-quote is-layout-flow wp-block-quote-is-layout-flow\"><p>Agradezco este tipo de programas que implementa el Municipio y lo aplaudo, esto fomenta el deporte y espero que los ni\u00f1os lo repliquen en sus hogares\u201d, mencion\u00f3.<\/p><\/blockquote>\n\n\n\n<p class=\"wp-block-paragraph\">Rub\u00e9n V\u00e1zquez Rodr\u00edguez, profesor de educaci\u00f3n f\u00edsica, agradeci\u00f3 la disposici\u00f3n de la Administraci\u00f3n Municipal 2021-2024 para ayudar a emprender el camino de los menores hacia el mundo del deporte.<\/p>\n\n\n\n<blockquote class=\"wp-block-quote is-layout-flow wp-block-quote-is-layout-flow\"><p>Esta visita por parte del Gobierno Municipal nos ayuda bastante a retomar la actividad f\u00edsica que se perdi\u00f3 por la pandemia y nos refuerza&nbsp; con la entrega de material deportivo que ser\u00e1 de mucho beneficio para los menores\u201d, expres\u00f3.<\/p><\/blockquote>\n\n\n\n<p class=\"wp-block-paragraph\">Durante el evento estuvo presente el Secretario de Educaci\u00f3n, Cultura y Deporte Municipal, H\u00e9ctor Adolfo Mondrag\u00f3n Mass y el coordinador de Deporte Social, Oscar Duarte.<\/p>\n\n\n\n<p class=\"wp-block-paragraph\">Si alguna escuela quiere solicitar estas actividades, s\u00f3lo debe acudir el representante del instituto a las oficinas de la Direcci\u00f3n de Cultura F\u00edsica y Deporte que se ubican en la unidad deportiva \u201cBenito Ju\u00e1rez\u201d. El horario de atenci\u00f3n es de lunes a viernes de 8:00 AM a 3:30 PM.<\/p>\n","protected":false},"excerpt":{"rendered":"<p>NUEVO LAREDO.- Con la finalidad de promover la activaci\u00f3n f\u00edsica en los ni\u00f1os neolaredenses, el Gobierno Municipal por<\/p>\n","protected":false},"author":1,"featured_media":449,"comment_status":"closed","ping_status":"closed","sticky":false,"template":"","format":"standard","meta":{"_crdt_document":"","_jetpack_memberships_contains_paid_content":false,"footnotes":"","jetpack_publicize_message":"Personal de la Direcci\u00f3n de Cultura F\u00edsica y Deporte hacen visitas a las escuelas y ponen a estudiantes a ejercitarse","jetpack_publicize_feature_enabled":true,"jetpack_social_post_already_shared":true,"jetpack_social_options":{"image_generator_settings":{"template":"highway","default_image_id":0,"font":"","enabled":false},"version":2},"_wpas_customize_per_network":false},"categories":[5],"tags":[],"class_list":["post-448","post","type-post","status-publish","format-standard","has-post-thumbnail","hentry","category-dos-laredos"],"magazineBlocksPostFeaturedMedia":{"thumbnail":"https:\/\/pornuestrolaredo.com\/wp-content\/uploads\/2022\/10\/PNL-20221002-5-150x150.jpg","medium":"https:\/\/pornuestrolaredo.com\/wp-content\/uploads\/2022\/10\/PNL-20221002-5-300x200.jpg","medium_large":"https:\/\/pornuestrolaredo.com\/wp-content\/uploads\/2022\/10\/PNL-20221002-5-768x512.jpg","large":"https:\/\/pornuestrolaredo.com\/wp-content\/uploads\/2022\/10\/PNL-20221002-5-1024x682.jpg","1536x1536":"https:\/\/pornuestrolaredo.com\/wp-content\/uploads\/2022\/10\/PNL-20221002-5.jpg","2048x2048":"https:\/\/pornuestrolaredo.com\/wp-content\/uploads\/2022\/10\/PNL-20221002-5.jpg","morenews-large":"https:\/\/pornuestrolaredo.com\/wp-content\/uploads\/2022\/10\/PNL-20221002-5.jpg","morenews-medium":"https:\/\/pornuestrolaredo.com\/wp-content\/uploads\/2022\/10\/PNL-20221002-5.jpg"},"magazineBlocksPostAuthor":{"name":"Redactor","avatar":"https:\/\/pornuestrolaredo.com\/wp-content\/litespeed\/avatar\/dca1d7ec750c399f025f23b0b314f4cf.jpg?ver=1777007253"},"magazineBlocksPostCommentsNumber":false,"magazineBlocksPostExcerpt":"NUEVO LAREDO.- Con la finalidad de promover la activaci\u00f3n f\u00edsica en los ni\u00f1os neolaredenses, el Gobierno Municipal por","magazineBlocksPostCategories":["Dos Laredos"],"magazineBlocksPostViewCount":128,"magazineBlocksPostReadTime":3,"magazine_blocks_featured_image_url":{"full":["https:\/\/pornuestrolaredo.com\/wp-content\/uploads\/2022\/10\/PNL-20221002-5.jpg",1280,853,false],"medium":["https:\/\/pornuestrolaredo.com\/wp-content\/uploads\/2022\/10\/PNL-20221002-5-300x200.jpg",300,200,true],"thumbnail":["https:\/\/pornuestrolaredo.com\/wp-content\/uploads\/2022\/10\/PNL-20221002-5-150x150.jpg",150,150,true]},"magazine_blocks_author":{"display_name":"Redactor","author_link":"https:\/\/pornuestrolaredo.com\/?author=1"},"magazine_blocks_comment":0,"magazine_blocks_author_image":"https:\/\/pornuestrolaredo.com\/wp-content\/litespeed\/avatar\/dca1d7ec750c399f025f23b0b314f4cf.jpg?ver=1777007253","magazine_blocks_category":"<a href=\"#\" class=\"category-link category-link-5\">Dos Laredos<\/a>","jetpack_publicize_connections":[],"featured_image_urls":{"full":["https:\/\/pornuestrolaredo.com\/wp-content\/uploads\/2022\/10\/PNL-20221002-5.jpg",1280,853,false],"thumbnail":["https:\/\/pornuestrolaredo.com\/wp-content\/uploads\/2022\/10\/PNL-20221002-5-150x150.jpg",150,150,true],"medium":["https:\/\/pornuestrolaredo.com\/wp-content\/uploads\/2022\/10\/PNL-20221002-5-300x200.jpg",300,200,true],"medium_large":["https:\/\/pornuestrolaredo.com\/wp-content\/uploads\/2022\/10\/PNL-20221002-5-768x512.jpg",640,427,true],"large":["https:\/\/pornuestrolaredo.com\/wp-content\/uploads\/2022\/10\/PNL-20221002-5-1024x682.jpg",640,426,true],"1536x1536":["https:\/\/pornuestrolaredo.com\/wp-content\/uploads\/2022\/10\/PNL-20221002-5.jpg",1280,853,false],"2048x2048":["https:\/\/pornuestrolaredo.com\/wp-content\/uploads\/2022\/10\/PNL-20221002-5.jpg",1280,853,false],"morenews-large":["https:\/\/pornuestrolaredo.com\/wp-content\/uploads\/2022\/10\/PNL-20221002-5.jpg",825,550,false],"morenews-medium":["https:\/\/pornuestrolaredo.com\/wp-content\/uploads\/2022\/10\/PNL-20221002-5.jpg",590,393,false]},"author_info":{"info":["Redactor"]},"category_info":"<a href=\"https:\/\/pornuestrolaredo.com\/?cat=5\" rel=\"category\">Dos Laredos<\/a>","tag_info":"Dos Laredos","comment_count":"0","jetpack_featured_media_url":"https:\/\/pornuestrolaredo.com\/wp-content\/uploads\/2022\/10\/PNL-20221002-5.jpg","jetpack_sharing_enabled":true,"_links":{"self":[{"href":"https:\/\/pornuestrolaredo.com\/index.php?rest_route=\/wp\/v2\/posts\/448","targetHints":{"allow":["GET"]}}],"collection":[{"href":"https:\/\/pornuestrolaredo.com\/index.php?rest_route=\/wp\/v2\/posts"}],"about":[{"href":"https:\/\/pornuestrolaredo.com\/index.php?rest_route=\/wp\/v2\/types\/post"}],"author":[{"embeddable":true,"href":"https:\/\/pornuestrolaredo.com\/index.php?rest_route=\/wp\/v2\/users\/1"}],"replies":[{"embeddable":true,"href":"https:\/\/pornuestrolaredo.com\/index.php?rest_route=%2Fwp%2Fv2%2Fcomments&post=448"}],"version-history":[{"count":2,"href":"https:\/\/pornuestrolaredo.com\/index.php?rest_route=\/wp\/v2\/posts\/448\/revisions"}],"predecessor-version":[{"id":475,"href":"https:\/\/pornuestrolaredo.com\/index.php?rest_route=\/wp\/v2\/posts\/448\/revisions\/475"}],"wp:featuredmedia":[{"embeddable":true,"href":"https:\/\/pornuestrolaredo.com\/index.php?rest_route=\/wp\/v2\/media\/449"}],"wp:attachment":[{"href":"https:\/\/pornuestrolaredo.com\/index.php?rest_route=%2Fwp%2Fv2%2Fmedia&parent=448"}],"wp:term":[{"taxonomy":"category","embeddable":true,"href":"https:\/\/pornuestrolaredo.com\/index.php?rest_route=%2Fwp%2Fv2%2Fcategories&post=448"},{"taxonomy":"post_tag","embeddable":true,"href":"https:\/\/pornuestrolaredo.com\/index.php?rest_route=%2Fwp%2Fv2%2Ftags&post=448"}],"curies":[{"name":"wp","href":"https:\/\/api.w.org\/{rel}","templated":true}]}}