{"id":4485,"date":"2024-06-03T18:22:19","date_gmt":"2024-06-03T18:22:19","guid":{"rendered":"https:\/\/pornuestrolaredo.com\/?p=4485"},"modified":"2024-06-03T18:22:19","modified_gmt":"2024-06-03T18:22:19","slug":"prepara-gobierno-municipal-segunda-feria-del-empleo-2024","status":"publish","type":"post","link":"https:\/\/pornuestrolaredo.com\/?p=4485","title":{"rendered":"Prepara Gobierno Municipal Segunda Feria del empleo 2024"},"content":{"rendered":"<p><strong><em>NUEVO LAREDO.-<\/em><\/strong> Con la participaci\u00f3n de alrededor de 60 empresas que ofertar\u00e1n m\u00e1s de mil 500 puestos, el Gobierno de Nuevo Laredo, anunci\u00f3 la Segunda Feria del Empleo 2024, que se llevar\u00e1 a cabo este mi\u00e9rcoles 12 de junio.<\/p>\n<p>El evento se realizar\u00e1 en la sala principal del Centro C\u00edvico \u201cCarlos Cant\u00fa Rosas\u201d en horario de las 9:00 AM a las 12:00 PM.<\/p>\n<p>Se contar\u00e1 con la presencia de representantes de empresas de diversos giros como maquiladoras, transportistas, agencias aduanales, restaurantes, de servicios, entre otros.<\/p>\n<p>Daniela Fructuoso,  coordinadora de la bolsa de empleo municipal,  invit\u00f3 a la ciudadan\u00eda a aprovechar esta oportunidad que ofrecen las empresas junto con el Gobierno Municipal.<\/p>\n<p>\u201cLos esperamos, aprovechen estos eventos que facilita el gobierno  municipal  para vincular a la gente con una empresa  que les ofrezca un empleo digno y bien  remunerado para tener una menor calidad de vida\u201d, dijo la funcionaria.<\/p>\n<p>Recomend\u00f3 a las personas acudir llevando su curr\u00edculum para repartirlo entre las diversas empresas para que estudien el perfil que se adecue en  alg\u00fan puesto.<\/p>\n<p>En lo que va  del a\u00f1o, las ferias del empleo han vinculado alrededor de 2 mil personas en puestos de diversas empresas, siendo la industria maquiladora la que lidera con con un 50 por ciento, seguido de la de servicios.<\/p>\n<p>Los eventos de empleo que m\u00e1s respuesta  tienen son  los que se realizan  en el sector centro, como en  la Plaza Hidalgo y la explanada Baca Calder\u00f3n, en el sur de la ciudad y en el estacionamiento de Soriana  Carrizo.<\/p>\n","protected":false},"excerpt":{"rendered":"<p>Participar\u00e1n m\u00e1s de 60 empresas que ofertar\u00e1n m\u00e1s de mil 500 puestos en diversos sectores, el mi\u00e9rcoles 12 de junio<\/p>\n","protected":false},"author":1,"featured_media":4486,"comment_status":"closed","ping_status":"closed","sticky":false,"template":"","format":"standard","meta":{"_crdt_document":"","_jetpack_memberships_contains_paid_content":false,"footnotes":"","jetpack_publicize_message":"","jetpack_publicize_feature_enabled":true,"jetpack_social_post_already_shared":true,"jetpack_social_options":{"image_generator_settings":{"template":"highway","default_image_id":0,"font":"","enabled":false},"version":2},"_wpas_customize_per_network":false},"categories":[4],"tags":[],"class_list":["post-4485","post","type-post","status-publish","format-standard","has-post-thumbnail","hentry","category-los-dos-laredos"],"magazineBlocksPostFeaturedMedia":{"thumbnail":"https:\/\/pornuestrolaredo.com\/wp-content\/uploads\/2024\/06\/PNL-20240603-1-150x150.jpg","medium":"https:\/\/pornuestrolaredo.com\/wp-content\/uploads\/2024\/06\/PNL-20240603-1-300x200.jpg","medium_large":"https:\/\/pornuestrolaredo.com\/wp-content\/uploads\/2024\/06\/PNL-20240603-1-768x512.jpg","large":"https:\/\/pornuestrolaredo.com\/wp-content\/uploads\/2024\/06\/PNL-20240603-1.jpg","1536x1536":"https:\/\/pornuestrolaredo.com\/wp-content\/uploads\/2024\/06\/PNL-20240603-1.jpg","2048x2048":"https:\/\/pornuestrolaredo.com\/wp-content\/uploads\/2024\/06\/PNL-20240603-1.jpg","morenews-large":"https:\/\/pornuestrolaredo.com\/wp-content\/uploads\/2024\/06\/PNL-20240603-1.jpg","morenews-medium":"https:\/\/pornuestrolaredo.com\/wp-content\/uploads\/2024\/06\/PNL-20240603-1.jpg"},"magazineBlocksPostAuthor":{"name":"Redactor","avatar":"https:\/\/pornuestrolaredo.com\/wp-content\/litespeed\/avatar\/dca1d7ec750c399f025f23b0b314f4cf.jpg?ver=1777612120"},"magazineBlocksPostCommentsNumber":false,"magazineBlocksPostExcerpt":"Participar\u00e1n m\u00e1s de 60 empresas que ofertar\u00e1n m\u00e1s de mil 500 puestos en diversos sectores, el mi\u00e9rcoles 12 de junio","magazineBlocksPostCategories":["Los dos Laredos"],"magazineBlocksPostViewCount":123,"magazineBlocksPostReadTime":2,"magazine_blocks_featured_image_url":{"full":["https:\/\/pornuestrolaredo.com\/wp-content\/uploads\/2024\/06\/PNL-20240603-1.jpg",850,567,false],"medium":["https:\/\/pornuestrolaredo.com\/wp-content\/uploads\/2024\/06\/PNL-20240603-1-300x200.jpg",300,200,true],"thumbnail":["https:\/\/pornuestrolaredo.com\/wp-content\/uploads\/2024\/06\/PNL-20240603-1-150x150.jpg",150,150,true]},"magazine_blocks_author":{"display_name":"Redactor","author_link":"https:\/\/pornuestrolaredo.com\/?author=1"},"magazine_blocks_comment":0,"magazine_blocks_author_image":"https:\/\/pornuestrolaredo.com\/wp-content\/litespeed\/avatar\/dca1d7ec750c399f025f23b0b314f4cf.jpg?ver=1777612120","magazine_blocks_category":"<a href=\"#\" class=\"category-link category-link-4\">Los dos Laredos<\/a>","jetpack_publicize_connections":[],"featured_image_urls":{"full":["https:\/\/pornuestrolaredo.com\/wp-content\/uploads\/2024\/06\/PNL-20240603-1.jpg",850,567,false],"thumbnail":["https:\/\/pornuestrolaredo.com\/wp-content\/uploads\/2024\/06\/PNL-20240603-1-150x150.jpg",150,150,true],"medium":["https:\/\/pornuestrolaredo.com\/wp-content\/uploads\/2024\/06\/PNL-20240603-1-300x200.jpg",300,200,true],"medium_large":["https:\/\/pornuestrolaredo.com\/wp-content\/uploads\/2024\/06\/PNL-20240603-1-768x512.jpg",640,427,true],"large":["https:\/\/pornuestrolaredo.com\/wp-content\/uploads\/2024\/06\/PNL-20240603-1.jpg",640,427,false],"1536x1536":["https:\/\/pornuestrolaredo.com\/wp-content\/uploads\/2024\/06\/PNL-20240603-1.jpg",850,567,false],"2048x2048":["https:\/\/pornuestrolaredo.com\/wp-content\/uploads\/2024\/06\/PNL-20240603-1.jpg",850,567,false],"morenews-large":["https:\/\/pornuestrolaredo.com\/wp-content\/uploads\/2024\/06\/PNL-20240603-1.jpg",825,550,false],"morenews-medium":["https:\/\/pornuestrolaredo.com\/wp-content\/uploads\/2024\/06\/PNL-20240603-1.jpg",590,394,false]},"author_info":{"info":["Redactor"]},"category_info":"<a href=\"https:\/\/pornuestrolaredo.com\/?cat=4\" rel=\"category\">Los dos Laredos<\/a>","tag_info":"Los dos Laredos","comment_count":"0","jetpack_featured_media_url":"https:\/\/pornuestrolaredo.com\/wp-content\/uploads\/2024\/06\/PNL-20240603-1.jpg","jetpack_sharing_enabled":true,"_links":{"self":[{"href":"https:\/\/pornuestrolaredo.com\/index.php?rest_route=\/wp\/v2\/posts\/4485","targetHints":{"allow":["GET"]}}],"collection":[{"href":"https:\/\/pornuestrolaredo.com\/index.php?rest_route=\/wp\/v2\/posts"}],"about":[{"href":"https:\/\/pornuestrolaredo.com\/index.php?rest_route=\/wp\/v2\/types\/post"}],"author":[{"embeddable":true,"href":"https:\/\/pornuestrolaredo.com\/index.php?rest_route=\/wp\/v2\/users\/1"}],"replies":[{"embeddable":true,"href":"https:\/\/pornuestrolaredo.com\/index.php?rest_route=%2Fwp%2Fv2%2Fcomments&post=4485"}],"version-history":[{"count":1,"href":"https:\/\/pornuestrolaredo.com\/index.php?rest_route=\/wp\/v2\/posts\/4485\/revisions"}],"predecessor-version":[{"id":4487,"href":"https:\/\/pornuestrolaredo.com\/index.php?rest_route=\/wp\/v2\/posts\/4485\/revisions\/4487"}],"wp:featuredmedia":[{"embeddable":true,"href":"https:\/\/pornuestrolaredo.com\/index.php?rest_route=\/wp\/v2\/media\/4486"}],"wp:attachment":[{"href":"https:\/\/pornuestrolaredo.com\/index.php?rest_route=%2Fwp%2Fv2%2Fmedia&parent=4485"}],"wp:term":[{"taxonomy":"category","embeddable":true,"href":"https:\/\/pornuestrolaredo.com\/index.php?rest_route=%2Fwp%2Fv2%2Fcategories&post=4485"},{"taxonomy":"post_tag","embeddable":true,"href":"https:\/\/pornuestrolaredo.com\/index.php?rest_route=%2Fwp%2Fv2%2Ftags&post=4485"}],"curies":[{"name":"wp","href":"https:\/\/api.w.org\/{rel}","templated":true}]}}