{"id":4491,"date":"2024-06-03T19:20:28","date_gmt":"2024-06-03T19:20:28","guid":{"rendered":"https:\/\/pornuestrolaredo.com\/?p=4491"},"modified":"2024-06-03T19:20:28","modified_gmt":"2024-06-03T19:20:28","slug":"oficializa-real-madrid-llegada-de-mbappe","status":"publish","type":"post","link":"https:\/\/pornuestrolaredo.com\/?p=4491","title":{"rendered":"Oficializa Real Madrid llegada de Mbapp\u00e9"},"content":{"rendered":"<p><strong><em>MADRID.- <\/em><\/strong>Kylian Mbapp\u00e9 ya es jugador del Real Madrid.<\/p>\n<p>El Real Madrid anunci\u00f3 este lunes el fichaje del astro franc\u00e9s para las pr\u00f3ximas cinco temporadas, indic\u00f3 el club blanco en un comunicado, en el que hace oficial un movimiento que estuvo lleno de especulaciones y cambios durante a\u00f1os.<\/p>\n<p>\u201cEl Real Madrid C. F. y Kylian Mbapp\u00e9 han alcanzado un acuerdo por el que ser\u00e1 jugador del Real Madrid las pr\u00f3ximas cinco temporadas\u201d, indic\u00f3 el escueto comunicado, confirmando la esperada noticia desde que el delantero de 25 a\u00f1os dejaba al Par\u00eds SG, el 10 de mayo.<\/p>\n<p>De este modo, el internacional de 25 a\u00f1os recalar\u00e1 por fin en el conjunto madridista, que lleva muchos a\u00f1os intentando su fichaje y que vio como en mayo de 2022 el futbolista parisino decid\u00eda quedarse en el PSG, con el que firmaba un contrato hasta 2025, aunque el \u00faltimo a\u00f1o era opcional y el jugador lo hab\u00eda descartado.<\/p>\n<p>El 10 de mayo ya anunci\u00f3 su marcha de la capital francesa y s\u00f3lo quedaba por saber oficialmente cu\u00e1l ser\u00eda su siguiente destino, que ser\u00e1 finalmente el 15 veces campe\u00f3n de Europa, que no indic\u00f3 ninguna fecha de presentaci\u00f3n, aunque lo m\u00e1s probable es que sea cuando concluya su participaci\u00f3n con Francia en la Eurocopa 2024 de Alemania que arranca el 14 de junio.<\/p>\n<p>Mbapp\u00e9 llega al Santiago Bernab\u00e9u despu\u00e9s de un \u00faltimo a\u00f1o en el conjunto parisino, donde estuvo a las \u00f3rdenes del t\u00e9cnico espa\u00f1ol Luis Enrique Mart\u00ednez, en el que sum\u00f3 44 goles, 27 en la Ligue 1 y 8 en la Champions League, y 10 asistencias, y en el que logr\u00f3 el triplete nacional con Liga, Copa y Supercopa, pero sum\u00f3 una nueva decepci\u00f3n en Europa ya que su equipo fue eliminado en las semifinales por el Borussia Dortmund alem\u00e1n.<\/p>\n<p>En el club de Par\u00eds, Mbapp\u00e9 firm\u00f3 256 goles en 308 partidos, conquistando seis t\u00edtulos ligueros, cuatro de Copa, dos de la Copa de la Liga y tres de la Supercopa, mientras que \u00fanicamente tuvo una opci\u00f3n de ganar la Champions, en 2020, cuando su equipo perdi\u00f3 la final ante el Bayern M\u00fanich alem\u00e1n (1-0). Ni siquiera el juntarse en el ataque con Lionel Messi y Neymar Jr le ayud\u00f3 a estrenar su palmar\u00e9s internacional a nivel de clubes.<\/p>\n<p>Ahora, el delantero parisino, campe\u00f3n del mundo con su selecci\u00f3n en 2018 y subcampe\u00f3n en 2022, intentar\u00e1 que su aterrizaje en el Real Madrid le sirva de est\u00edmulo en una carrera que hasta ahora se ha desarrollado \u00fanicamente en Francia. As\u00ed, tras despuntar muy joven con el AS M\u00f3naco, fue fichado en el verano de 2017, primero con un a\u00f1o de cesi\u00f3n y posteriormente de forma definitiva, por el PSG por una cantidad que podr\u00eda haber rondado los 180 millones de euros.<\/p>\n","protected":false},"excerpt":{"rendered":"<p>Ahora s\u00ed, el astro franc\u00e9s estar\u00e1 en las filas del equipo que ha sido campe\u00f3n de Europa<\/p>\n","protected":false},"author":1,"featured_media":4493,"comment_status":"closed","ping_status":"closed","sticky":false,"template":"","format":"standard","meta":{"_crdt_document":"","_jetpack_memberships_contains_paid_content":false,"footnotes":"","jetpack_publicize_message":"","jetpack_publicize_feature_enabled":true,"jetpack_social_post_already_shared":true,"jetpack_social_options":{"image_generator_settings":{"template":"highway","default_image_id":0,"font":"","enabled":false},"version":2},"_wpas_customize_per_network":false},"categories":[10],"tags":[],"class_list":["post-4491","post","type-post","status-publish","format-standard","has-post-thumbnail","hentry","category-deportes"],"magazineBlocksPostFeaturedMedia":{"thumbnail":"https:\/\/pornuestrolaredo.com\/wp-content\/uploads\/2024\/06\/Stereo91-20240603-3-150x150.jpg","medium":"https:\/\/pornuestrolaredo.com\/wp-content\/uploads\/2024\/06\/Stereo91-20240603-3-300x200.jpg","medium_large":"https:\/\/pornuestrolaredo.com\/wp-content\/uploads\/2024\/06\/Stereo91-20240603-3-768x512.jpg","large":"https:\/\/pornuestrolaredo.com\/wp-content\/uploads\/2024\/06\/Stereo91-20240603-3.jpg","1536x1536":"https:\/\/pornuestrolaredo.com\/wp-content\/uploads\/2024\/06\/Stereo91-20240603-3.jpg","2048x2048":"https:\/\/pornuestrolaredo.com\/wp-content\/uploads\/2024\/06\/Stereo91-20240603-3.jpg","morenews-large":"https:\/\/pornuestrolaredo.com\/wp-content\/uploads\/2024\/06\/Stereo91-20240603-3.jpg","morenews-medium":"https:\/\/pornuestrolaredo.com\/wp-content\/uploads\/2024\/06\/Stereo91-20240603-3.jpg"},"magazineBlocksPostAuthor":{"name":"Redactor","avatar":"https:\/\/pornuestrolaredo.com\/wp-content\/litespeed\/avatar\/dca1d7ec750c399f025f23b0b314f4cf.jpg?ver=1777612120"},"magazineBlocksPostCommentsNumber":false,"magazineBlocksPostExcerpt":"Ahora s\u00ed, el astro franc\u00e9s estar\u00e1 en las filas del equipo que ha sido campe\u00f3n de Europa","magazineBlocksPostCategories":["Deportes"],"magazineBlocksPostViewCount":131,"magazineBlocksPostReadTime":3,"magazine_blocks_featured_image_url":{"full":["https:\/\/pornuestrolaredo.com\/wp-content\/uploads\/2024\/06\/Stereo91-20240603-3.jpg",960,640,false],"medium":["https:\/\/pornuestrolaredo.com\/wp-content\/uploads\/2024\/06\/Stereo91-20240603-3-300x200.jpg",300,200,true],"thumbnail":["https:\/\/pornuestrolaredo.com\/wp-content\/uploads\/2024\/06\/Stereo91-20240603-3-150x150.jpg",150,150,true]},"magazine_blocks_author":{"display_name":"Redactor","author_link":"https:\/\/pornuestrolaredo.com\/?author=1"},"magazine_blocks_comment":0,"magazine_blocks_author_image":"https:\/\/pornuestrolaredo.com\/wp-content\/litespeed\/avatar\/dca1d7ec750c399f025f23b0b314f4cf.jpg?ver=1777612120","magazine_blocks_category":"<a href=\"#\" class=\"category-link category-link-10\">Deportes<\/a>","jetpack_publicize_connections":[],"featured_image_urls":{"full":["https:\/\/pornuestrolaredo.com\/wp-content\/uploads\/2024\/06\/Stereo91-20240603-3.jpg",960,640,false],"thumbnail":["https:\/\/pornuestrolaredo.com\/wp-content\/uploads\/2024\/06\/Stereo91-20240603-3-150x150.jpg",150,150,true],"medium":["https:\/\/pornuestrolaredo.com\/wp-content\/uploads\/2024\/06\/Stereo91-20240603-3-300x200.jpg",300,200,true],"medium_large":["https:\/\/pornuestrolaredo.com\/wp-content\/uploads\/2024\/06\/Stereo91-20240603-3-768x512.jpg",640,427,true],"large":["https:\/\/pornuestrolaredo.com\/wp-content\/uploads\/2024\/06\/Stereo91-20240603-3.jpg",640,427,false],"1536x1536":["https:\/\/pornuestrolaredo.com\/wp-content\/uploads\/2024\/06\/Stereo91-20240603-3.jpg",960,640,false],"2048x2048":["https:\/\/pornuestrolaredo.com\/wp-content\/uploads\/2024\/06\/Stereo91-20240603-3.jpg",960,640,false],"morenews-large":["https:\/\/pornuestrolaredo.com\/wp-content\/uploads\/2024\/06\/Stereo91-20240603-3.jpg",825,550,false],"morenews-medium":["https:\/\/pornuestrolaredo.com\/wp-content\/uploads\/2024\/06\/Stereo91-20240603-3.jpg",590,393,false]},"author_info":{"info":["Redactor"]},"category_info":"<a href=\"https:\/\/pornuestrolaredo.com\/?cat=10\" rel=\"category\">Deportes<\/a>","tag_info":"Deportes","comment_count":"0","jetpack_featured_media_url":"https:\/\/pornuestrolaredo.com\/wp-content\/uploads\/2024\/06\/Stereo91-20240603-3.jpg","jetpack_sharing_enabled":true,"_links":{"self":[{"href":"https:\/\/pornuestrolaredo.com\/index.php?rest_route=\/wp\/v2\/posts\/4491","targetHints":{"allow":["GET"]}}],"collection":[{"href":"https:\/\/pornuestrolaredo.com\/index.php?rest_route=\/wp\/v2\/posts"}],"about":[{"href":"https:\/\/pornuestrolaredo.com\/index.php?rest_route=\/wp\/v2\/types\/post"}],"author":[{"embeddable":true,"href":"https:\/\/pornuestrolaredo.com\/index.php?rest_route=\/wp\/v2\/users\/1"}],"replies":[{"embeddable":true,"href":"https:\/\/pornuestrolaredo.com\/index.php?rest_route=%2Fwp%2Fv2%2Fcomments&post=4491"}],"version-history":[{"count":2,"href":"https:\/\/pornuestrolaredo.com\/index.php?rest_route=\/wp\/v2\/posts\/4491\/revisions"}],"predecessor-version":[{"id":4494,"href":"https:\/\/pornuestrolaredo.com\/index.php?rest_route=\/wp\/v2\/posts\/4491\/revisions\/4494"}],"wp:featuredmedia":[{"embeddable":true,"href":"https:\/\/pornuestrolaredo.com\/index.php?rest_route=\/wp\/v2\/media\/4493"}],"wp:attachment":[{"href":"https:\/\/pornuestrolaredo.com\/index.php?rest_route=%2Fwp%2Fv2%2Fmedia&parent=4491"}],"wp:term":[{"taxonomy":"category","embeddable":true,"href":"https:\/\/pornuestrolaredo.com\/index.php?rest_route=%2Fwp%2Fv2%2Fcategories&post=4491"},{"taxonomy":"post_tag","embeddable":true,"href":"https:\/\/pornuestrolaredo.com\/index.php?rest_route=%2Fwp%2Fv2%2Ftags&post=4491"}],"curies":[{"name":"wp","href":"https:\/\/api.w.org\/{rel}","templated":true}]}}