{"id":4495,"date":"2024-06-03T19:53:07","date_gmt":"2024-06-03T19:53:07","guid":{"rendered":"https:\/\/pornuestrolaredo.com\/?p=4495"},"modified":"2024-06-03T19:53:07","modified_gmt":"2024-06-03T19:53:07","slug":"felicita-joe-biden-a-claudia-sheinbaum","status":"publish","type":"post","link":"https:\/\/pornuestrolaredo.com\/?p=4495","title":{"rendered":"Felicita Joe Biden a Claudia Sheinbaum"},"content":{"rendered":"<p><strong><em>WASHINGTON.-<\/em><\/strong> El Presidente de Estados Unidos, Joe Biden, felicit\u00f3 a Claudia Sheinbaum por su triunfo en las elecciones presidenciales de M\u00e9xico del domingo as\u00ed como por convertirse en la primera mujer en la historia del pa\u00eds que ocupar\u00e1 la titularidad del Poder Ejecutivo.<\/p>\n<blockquote><p>Felicito a Claudia Sheinbaum por su hist\u00f3rica elecci\u00f3n como la primera mujer presidenta de M\u00e9xico&#8221;, dijo Biden en un comunicado emitido la ma\u00f1ana de este lunes por la Casa Blanca en el que tambi\u00e9n aprovech\u00f3 para celebrar la jornada electoral m\u00e1s grande de la historia mexicana.<\/p><\/blockquote>\n<p>Tambi\u00e9n felicito al pueblo mexicano por llevar a cabo un exitoso proceso electoral democr\u00e1tico a nivel nacional que incluy\u00f3 contiendas por m\u00e1s de 20 mil puestos a nivel local, estatal y federal&#8221;, agreg\u00f3 el Mandatario, quien podr\u00eda coincidir con Sheinbaum como presidente de triunfar en la elecci\u00f3n de EU de noviembre.<\/p>\n<blockquote>\n<p>M\u00e1s tarde, Sheinbaum agradeci\u00f3 las felicitaciones de Biden a trav\u00e9s de su cuenta de X.<\/p>\n<\/blockquote>\n<p>Agradezco al presidente de los Estados Unidos de Am\u00e9rica, Joe Biden, su mensaje de felicitaci\u00f3n y el reconocimiento que hace al pueblo de M\u00e9xico por el \u00e9xito del proceso electoral. Estoy convencida que seguiremos colaborando en beneficio de nuestros pueblos y nuestras naciones, como vecinos, socios y amigos que somos, con el respeto que nos merecen nuestras soberan\u00edas&#8221;, expres\u00f3.<\/p>\n<blockquote>\n<p>Sin mencionar los temas m\u00e1s relevantes de la relaci\u00f3n bilateral de forma espec\u00edfica como lo son los narc\u00f3ticos, o la migraci\u00f3n, Biden dijo esperar colaborar con la pr\u00f3xima mandataria mexicana de forma cooperativa, algo relevante dado que M\u00e9xico es el primer socio comercial de EU.<\/p>\n<\/blockquote>\n<p>Espero trabajar estrechamente con la presidenta Electa Sheinbaum en un esp\u00edritu de asociaci\u00f3n y amistad que refleje los v\u00ednculos duraderos entre nuestros dos Pa\u00edses. Expreso nuestro compromiso de promover los valores e intereses de ambas naciones en beneficio de nuestros pueblos&#8221;, a\u00f1adi\u00f3 Biden.<\/p>\n<blockquote>\n<p>El domingo por la noche en su discurso de victoria en un hotel del centro capitalino, Sheinbaum lanz\u00f3 una rama de oliva al Gobierno estadounidense asegurando buscar relaciones de amistad y de respeto adem\u00e1s de prometer que siempre abogar\u00e1 por los m\u00e1s de 10 millones de migrantes mexicanos en EU.<\/p>\n<p><strong>FELICITA PUTIN Y DESEA \u00c9XITO<\/strong><\/p>\n<p>El Presidente ruso, Vladimir Putin, tambi\u00e9n extendi\u00f3 felicitaciones y le dese\u00f3 &#8220;\u00e9xito&#8221; a la izquierdista en su gesti\u00f3n, para resaltar que &#8220;M\u00e9xico es un socio tradicionalmente amistoso de Rusia en Am\u00e9rica Latina&#8221;.<\/p>\n<\/blockquote>\n<p>Esperamos que su presidencia contribuya al desarrollo continuo de una cooperaci\u00f3n constructiva entre nuestros pa\u00edses&#8221;, a\u00f1adi\u00f3.<\/p>\n<blockquote>\n","protected":false},"excerpt":{"rendered":"<p>Y reconoce el esfuerzo de los mexicanos por celebrar la m\u00e1s grande e hist\u00f3rica elecci\u00f3n<\/p>\n","protected":false},"author":1,"featured_media":4498,"comment_status":"closed","ping_status":"closed","sticky":false,"template":"","format":"standard","meta":{"_crdt_document":"","_jetpack_memberships_contains_paid_content":false,"footnotes":"","jetpack_publicize_message":"","jetpack_publicize_feature_enabled":true,"jetpack_social_post_already_shared":true,"jetpack_social_options":{"image_generator_settings":{"template":"highway","default_image_id":0,"font":"","enabled":false},"version":2},"_wpas_customize_per_network":false},"categories":[9],"tags":[],"class_list":["post-4495","post","type-post","status-publish","format-standard","has-post-thumbnail","hentry","category-el-mundo"],"magazineBlocksPostFeaturedMedia":{"thumbnail":"https:\/\/pornuestrolaredo.com\/wp-content\/uploads\/2024\/06\/Stereo91-20240603-4-150x150.jpg","medium":"https:\/\/pornuestrolaredo.com\/wp-content\/uploads\/2024\/06\/Stereo91-20240603-4-300x175.jpg","medium_large":"https:\/\/pornuestrolaredo.com\/wp-content\/uploads\/2024\/06\/Stereo91-20240603-4-768x447.jpg","large":"https:\/\/pornuestrolaredo.com\/wp-content\/uploads\/2024\/06\/Stereo91-20240603-4-1000x582.jpg","1536x1536":"https:\/\/pornuestrolaredo.com\/wp-content\/uploads\/2024\/06\/Stereo91-20240603-4.jpg","2048x2048":"https:\/\/pornuestrolaredo.com\/wp-content\/uploads\/2024\/06\/Stereo91-20240603-4.jpg","morenews-large":"https:\/\/pornuestrolaredo.com\/wp-content\/uploads\/2024\/06\/Stereo91-20240603-4.jpg","morenews-medium":"https:\/\/pornuestrolaredo.com\/wp-content\/uploads\/2024\/06\/Stereo91-20240603-4.jpg"},"magazineBlocksPostAuthor":{"name":"Redactor","avatar":"https:\/\/pornuestrolaredo.com\/wp-content\/litespeed\/avatar\/dca1d7ec750c399f025f23b0b314f4cf.jpg?ver=1777612120"},"magazineBlocksPostCommentsNumber":false,"magazineBlocksPostExcerpt":"Y reconoce el esfuerzo de los mexicanos por celebrar la m\u00e1s grande e hist\u00f3rica elecci\u00f3n","magazineBlocksPostCategories":["El Mundo"],"magazineBlocksPostViewCount":140,"magazineBlocksPostReadTime":3,"magazine_blocks_featured_image_url":{"full":["https:\/\/pornuestrolaredo.com\/wp-content\/uploads\/2024\/06\/Stereo91-20240603-4.jpg",1200,698,false],"medium":["https:\/\/pornuestrolaredo.com\/wp-content\/uploads\/2024\/06\/Stereo91-20240603-4-300x175.jpg",300,175,true],"thumbnail":["https:\/\/pornuestrolaredo.com\/wp-content\/uploads\/2024\/06\/Stereo91-20240603-4-150x150.jpg",150,150,true]},"magazine_blocks_author":{"display_name":"Redactor","author_link":"https:\/\/pornuestrolaredo.com\/?author=1"},"magazine_blocks_comment":0,"magazine_blocks_author_image":"https:\/\/pornuestrolaredo.com\/wp-content\/litespeed\/avatar\/dca1d7ec750c399f025f23b0b314f4cf.jpg?ver=1777612120","magazine_blocks_category":"<a href=\"#\" class=\"category-link category-link-9\">El Mundo<\/a>","jetpack_publicize_connections":[],"featured_image_urls":{"full":["https:\/\/pornuestrolaredo.com\/wp-content\/uploads\/2024\/06\/Stereo91-20240603-4.jpg",1200,698,false],"thumbnail":["https:\/\/pornuestrolaredo.com\/wp-content\/uploads\/2024\/06\/Stereo91-20240603-4-150x150.jpg",150,150,true],"medium":["https:\/\/pornuestrolaredo.com\/wp-content\/uploads\/2024\/06\/Stereo91-20240603-4-300x175.jpg",300,175,true],"medium_large":["https:\/\/pornuestrolaredo.com\/wp-content\/uploads\/2024\/06\/Stereo91-20240603-4-768x447.jpg",640,373,true],"large":["https:\/\/pornuestrolaredo.com\/wp-content\/uploads\/2024\/06\/Stereo91-20240603-4-1000x582.jpg",640,372,true],"1536x1536":["https:\/\/pornuestrolaredo.com\/wp-content\/uploads\/2024\/06\/Stereo91-20240603-4.jpg",1200,698,false],"2048x2048":["https:\/\/pornuestrolaredo.com\/wp-content\/uploads\/2024\/06\/Stereo91-20240603-4.jpg",1200,698,false],"morenews-large":["https:\/\/pornuestrolaredo.com\/wp-content\/uploads\/2024\/06\/Stereo91-20240603-4.jpg",825,480,false],"morenews-medium":["https:\/\/pornuestrolaredo.com\/wp-content\/uploads\/2024\/06\/Stereo91-20240603-4.jpg",590,343,false]},"author_info":{"info":["Redactor"]},"category_info":"<a href=\"https:\/\/pornuestrolaredo.com\/?cat=9\" rel=\"category\">El Mundo<\/a>","tag_info":"El Mundo","comment_count":"0","jetpack_featured_media_url":"https:\/\/pornuestrolaredo.com\/wp-content\/uploads\/2024\/06\/Stereo91-20240603-4.jpg","jetpack_sharing_enabled":true,"_links":{"self":[{"href":"https:\/\/pornuestrolaredo.com\/index.php?rest_route=\/wp\/v2\/posts\/4495","targetHints":{"allow":["GET"]}}],"collection":[{"href":"https:\/\/pornuestrolaredo.com\/index.php?rest_route=\/wp\/v2\/posts"}],"about":[{"href":"https:\/\/pornuestrolaredo.com\/index.php?rest_route=\/wp\/v2\/types\/post"}],"author":[{"embeddable":true,"href":"https:\/\/pornuestrolaredo.com\/index.php?rest_route=\/wp\/v2\/users\/1"}],"replies":[{"embeddable":true,"href":"https:\/\/pornuestrolaredo.com\/index.php?rest_route=%2Fwp%2Fv2%2Fcomments&post=4495"}],"version-history":[{"count":3,"href":"https:\/\/pornuestrolaredo.com\/index.php?rest_route=\/wp\/v2\/posts\/4495\/revisions"}],"predecessor-version":[{"id":4499,"href":"https:\/\/pornuestrolaredo.com\/index.php?rest_route=\/wp\/v2\/posts\/4495\/revisions\/4499"}],"wp:featuredmedia":[{"embeddable":true,"href":"https:\/\/pornuestrolaredo.com\/index.php?rest_route=\/wp\/v2\/media\/4498"}],"wp:attachment":[{"href":"https:\/\/pornuestrolaredo.com\/index.php?rest_route=%2Fwp%2Fv2%2Fmedia&parent=4495"}],"wp:term":[{"taxonomy":"category","embeddable":true,"href":"https:\/\/pornuestrolaredo.com\/index.php?rest_route=%2Fwp%2Fv2%2Fcategories&post=4495"},{"taxonomy":"post_tag","embeddable":true,"href":"https:\/\/pornuestrolaredo.com\/index.php?rest_route=%2Fwp%2Fv2%2Ftags&post=4495"}],"curies":[{"name":"wp","href":"https:\/\/api.w.org\/{rel}","templated":true}]}}