{"id":4500,"date":"2024-06-04T14:50:43","date_gmt":"2024-06-04T14:50:43","guid":{"rendered":"https:\/\/pornuestrolaredo.com\/?p=4500"},"modified":"2024-06-04T14:50:43","modified_gmt":"2024-06-04T14:50:43","slug":"advierten-que-en-nld-tambien-hay-crisis-de-agua","status":"publish","type":"post","link":"https:\/\/pornuestrolaredo.com\/?p=4500","title":{"rendered":"Advierten que en NLD tambi\u00e9n hay crisis de agua"},"content":{"rendered":"<p><strong><em>NUEVO LAREDO.-<\/em><\/strong> Cuide el agua, hay poca, aunque no lo parezca.<\/p>\n<p>Es cierto que pegado a Nuevo Laredo est\u00e1 el r\u00edo Bravo, pero no es eterno, debemos cuidarlo. No es tiempo de bonanza, todo lo contrario, hay una crisis del agua.<\/p>\n<p>Durante la D\u00e9cima Tercera Reuni\u00f3n Ordinaria del Comit\u00e9 de Seguimiento y Evaluaci\u00f3n del Sem\u00e1foro del Cuidado del Agua, se determin\u00f3 que Nuevo Laredo contin\u00faa en rojo, ante la sequ\u00eda extrema que se presenta en la regi\u00f3n. <\/p>\n<p>Para determinar el estatus de cada municipio, mensualmente se toman en cuenta el monitoreo de sequ\u00eda que emite el Servicio Meteorol\u00f3gico Nacional de la Comisi\u00f3n Nacional del Agua, la disponibilidad del agua en las fuentes de abastecimiento, planes de riego, estado de la infraestructura y los compromisos internacionales con Estados Unidos.<\/p>\n<p>Ayer, la Comisi\u00f3n Internacional de L\u00edmites y Aguas report\u00f3 que la presa La Amistad se encontraba a s\u00f3lo 20 por ciento de su capacidad y s\u00f3lo una peque\u00f1a parte es propiedad de los mexicanos, el resto es de Estados Unidos. <\/p>\n<blockquote><p>Es necesario extremar el cuidado y el uso eficiente del agua; no porque tengamos el r\u00edo Bravo aqu\u00ed mismo, significa que podamos continuar haciendo mal uso y desperdiciando agua. Hay regulaciones que tenemos que respetar ya que no solo nuestro municipio depende de \u00e9l\u201d, explic\u00f3 Silvia Ariadna Fern\u00e1ndez Gallardo Boone, gerente general de COMAPA.<\/p><\/blockquote>\n<p>Destac\u00f3 que COMAPA lleva a cabo labores para concientizar a la ciudadan\u00eda sobre el uso racional del agua, mediante campa\u00f1as masivas de difusi\u00f3n de consejos, acciones a tomar y dando a conocer las actividades restringidas mientras continuemos en estatus rojo.<\/p>\n<blockquote><p>Continuaremos con las campa\u00f1as masivas, esforz\u00e1ndonos por hacerle llegar la informaci\u00f3n a todos los usuarios para que cuiden el agua, hagan uso racional y consciente de este recurso, cumpliendo con el deber ser como ciudadanos responsables.\u201d, puntualiz\u00f3 la Gerente General.<\/p><\/blockquote>\n<p>Por \u00faltimo, invit\u00f3 a seguir las redes sociales de COMAPA, donde diariamente se brinda informaci\u00f3n, consejos, avisos y se muestra el trabajo diario del organismo.<\/p>\n","protected":false},"excerpt":{"rendered":"<p>El \u00faltimo reporte se\u00f1ala que la presa La Amistad hab\u00eda bajado su nivel a apenas 20 por ciento<\/p>\n","protected":false},"author":1,"featured_media":4501,"comment_status":"closed","ping_status":"closed","sticky":false,"template":"","format":"standard","meta":{"_crdt_document":"","_jetpack_memberships_contains_paid_content":false,"footnotes":"","jetpack_publicize_message":"","jetpack_publicize_feature_enabled":true,"jetpack_social_post_already_shared":true,"jetpack_social_options":{"image_generator_settings":{"template":"highway","default_image_id":0,"font":"","enabled":false},"version":2},"_wpas_customize_per_network":false},"categories":[4],"tags":[],"class_list":["post-4500","post","type-post","status-publish","format-standard","has-post-thumbnail","hentry","category-los-dos-laredos"],"magazineBlocksPostFeaturedMedia":{"thumbnail":"https:\/\/pornuestrolaredo.com\/wp-content\/uploads\/2024\/06\/PNL-20240604-1-150x150.jpg","medium":"https:\/\/pornuestrolaredo.com\/wp-content\/uploads\/2024\/06\/PNL-20240604-1-300x187.jpg","medium_large":"https:\/\/pornuestrolaredo.com\/wp-content\/uploads\/2024\/06\/PNL-20240604-1-768x479.jpg","large":"https:\/\/pornuestrolaredo.com\/wp-content\/uploads\/2024\/06\/PNL-20240604-1.jpg","1536x1536":"https:\/\/pornuestrolaredo.com\/wp-content\/uploads\/2024\/06\/PNL-20240604-1.jpg","2048x2048":"https:\/\/pornuestrolaredo.com\/wp-content\/uploads\/2024\/06\/PNL-20240604-1.jpg","morenews-large":"https:\/\/pornuestrolaredo.com\/wp-content\/uploads\/2024\/06\/PNL-20240604-1.jpg","morenews-medium":"https:\/\/pornuestrolaredo.com\/wp-content\/uploads\/2024\/06\/PNL-20240604-1.jpg"},"magazineBlocksPostAuthor":{"name":"Redactor","avatar":"https:\/\/pornuestrolaredo.com\/wp-content\/litespeed\/avatar\/dca1d7ec750c399f025f23b0b314f4cf.jpg?ver=1777612120"},"magazineBlocksPostCommentsNumber":false,"magazineBlocksPostExcerpt":"El \u00faltimo reporte se\u00f1ala que la presa La Amistad hab\u00eda bajado su nivel a apenas 20 por ciento","magazineBlocksPostCategories":["Los dos Laredos"],"magazineBlocksPostViewCount":128,"magazineBlocksPostReadTime":2,"magazine_blocks_featured_image_url":{"full":["https:\/\/pornuestrolaredo.com\/wp-content\/uploads\/2024\/06\/PNL-20240604-1.jpg",960,599,false],"medium":["https:\/\/pornuestrolaredo.com\/wp-content\/uploads\/2024\/06\/PNL-20240604-1-300x187.jpg",300,187,true],"thumbnail":["https:\/\/pornuestrolaredo.com\/wp-content\/uploads\/2024\/06\/PNL-20240604-1-150x150.jpg",150,150,true]},"magazine_blocks_author":{"display_name":"Redactor","author_link":"https:\/\/pornuestrolaredo.com\/?author=1"},"magazine_blocks_comment":0,"magazine_blocks_author_image":"https:\/\/pornuestrolaredo.com\/wp-content\/litespeed\/avatar\/dca1d7ec750c399f025f23b0b314f4cf.jpg?ver=1777612120","magazine_blocks_category":"<a href=\"#\" class=\"category-link category-link-4\">Los dos Laredos<\/a>","jetpack_publicize_connections":[],"featured_image_urls":{"full":["https:\/\/pornuestrolaredo.com\/wp-content\/uploads\/2024\/06\/PNL-20240604-1.jpg",960,599,false],"thumbnail":["https:\/\/pornuestrolaredo.com\/wp-content\/uploads\/2024\/06\/PNL-20240604-1-150x150.jpg",150,150,true],"medium":["https:\/\/pornuestrolaredo.com\/wp-content\/uploads\/2024\/06\/PNL-20240604-1-300x187.jpg",300,187,true],"medium_large":["https:\/\/pornuestrolaredo.com\/wp-content\/uploads\/2024\/06\/PNL-20240604-1-768x479.jpg",640,399,true],"large":["https:\/\/pornuestrolaredo.com\/wp-content\/uploads\/2024\/06\/PNL-20240604-1.jpg",640,399,false],"1536x1536":["https:\/\/pornuestrolaredo.com\/wp-content\/uploads\/2024\/06\/PNL-20240604-1.jpg",960,599,false],"2048x2048":["https:\/\/pornuestrolaredo.com\/wp-content\/uploads\/2024\/06\/PNL-20240604-1.jpg",960,599,false],"morenews-large":["https:\/\/pornuestrolaredo.com\/wp-content\/uploads\/2024\/06\/PNL-20240604-1.jpg",825,515,false],"morenews-medium":["https:\/\/pornuestrolaredo.com\/wp-content\/uploads\/2024\/06\/PNL-20240604-1.jpg",590,368,false]},"author_info":{"info":["Redactor"]},"category_info":"<a href=\"https:\/\/pornuestrolaredo.com\/?cat=4\" rel=\"category\">Los dos Laredos<\/a>","tag_info":"Los dos Laredos","comment_count":"0","jetpack_featured_media_url":"https:\/\/pornuestrolaredo.com\/wp-content\/uploads\/2024\/06\/PNL-20240604-1.jpg","jetpack_sharing_enabled":true,"_links":{"self":[{"href":"https:\/\/pornuestrolaredo.com\/index.php?rest_route=\/wp\/v2\/posts\/4500","targetHints":{"allow":["GET"]}}],"collection":[{"href":"https:\/\/pornuestrolaredo.com\/index.php?rest_route=\/wp\/v2\/posts"}],"about":[{"href":"https:\/\/pornuestrolaredo.com\/index.php?rest_route=\/wp\/v2\/types\/post"}],"author":[{"embeddable":true,"href":"https:\/\/pornuestrolaredo.com\/index.php?rest_route=\/wp\/v2\/users\/1"}],"replies":[{"embeddable":true,"href":"https:\/\/pornuestrolaredo.com\/index.php?rest_route=%2Fwp%2Fv2%2Fcomments&post=4500"}],"version-history":[{"count":1,"href":"https:\/\/pornuestrolaredo.com\/index.php?rest_route=\/wp\/v2\/posts\/4500\/revisions"}],"predecessor-version":[{"id":4502,"href":"https:\/\/pornuestrolaredo.com\/index.php?rest_route=\/wp\/v2\/posts\/4500\/revisions\/4502"}],"wp:featuredmedia":[{"embeddable":true,"href":"https:\/\/pornuestrolaredo.com\/index.php?rest_route=\/wp\/v2\/media\/4501"}],"wp:attachment":[{"href":"https:\/\/pornuestrolaredo.com\/index.php?rest_route=%2Fwp%2Fv2%2Fmedia&parent=4500"}],"wp:term":[{"taxonomy":"category","embeddable":true,"href":"https:\/\/pornuestrolaredo.com\/index.php?rest_route=%2Fwp%2Fv2%2Fcategories&post=4500"},{"taxonomy":"post_tag","embeddable":true,"href":"https:\/\/pornuestrolaredo.com\/index.php?rest_route=%2Fwp%2Fv2%2Ftags&post=4500"}],"curies":[{"name":"wp","href":"https:\/\/api.w.org\/{rel}","templated":true}]}}