{"id":451,"date":"2022-10-03T16:19:51","date_gmt":"2022-10-03T16:19:51","guid":{"rendered":"https:\/\/pornuestrolaredo.com\/?p=451"},"modified":"2022-10-04T22:23:16","modified_gmt":"2022-10-04T22:23:16","slug":"toca-huracan-orlene-tierra-cerca-de-mazatlan","status":"publish","type":"post","link":"https:\/\/pornuestrolaredo.com\/?p=451","title":{"rendered":"Toca hurac\u00e1n Orlene tierra cerca de Mazatl\u00e1n"},"content":{"rendered":"\n<p class=\"wp-block-paragraph\"><strong><em>CIUDAD DE M\u00c9XICO. \u2014<\/em><\/strong> El hurac\u00e1n Orlene toc\u00f3 tierra el lunes en la costa mexicana del Pac\u00edfico, cerca del puerto tur\u00edstico de Mazatl\u00e1n.<\/p>\n\n\n\n<p class=\"wp-block-paragraph\">El meteoro perdi\u00f3 fuerza despu\u00e9s de pasar por las Islas Mar\u00edas, una antigua colonia penal que se est\u00e1 desarrollando como atracci\u00f3n tur\u00edstica. La isla tiene una escasa poblaci\u00f3n de empleados del gobierno y sus edificios est\u00e1n hechos de ladrillo o concreto.<\/p>\n\n\n\n<p class=\"wp-block-paragraph\">Los vientos de Orlene eran de 140 kil\u00f3metros (85 millas) por hora al tocar tierra a 75 kil\u00f3metros (45 millas) sureste de Mazatl\u00e1n el lunes temprano, seg\u00fan el Centro Nacional de Huracanes de Estados Unidos.<\/p>\n\n\n\n<p class=\"wp-block-paragraph\">Las autoridades a lo largo de la costa suspendieron las clases, cerraron las marinas y habilitaron refugios.<\/p>\n\n\n\n<p class=\"wp-block-paragraph\">Hab\u00eda una alerta de hurac\u00e1n vigente desde San Blas hasta Mazatl\u00e1n.<\/p>\n\n\n\n<p class=\"wp-block-paragraph\">El gobierno del estado de Jalisco, donde se encuentra Puerto Vallarta, suspendi\u00f3 las clases el lunes en las localidades costeras. La oficina de protecci\u00f3n civil de la entidad public\u00f3 un video en que se ve fuerte oleaje impactando un muelle de Cabo Corrientes.<\/p>\n\n\n\n<p class=\"wp-block-paragraph\">En Sinaloa, donde est\u00e1 Mazatl\u00e1n, se instalaron algunos albergues de emergencia.<\/p>\n\n\n\n<p class=\"wp-block-paragraph\">El centro de huracanes de Estados Unidos indic\u00f3 que es posible que la tormenta comience a debilitarse a medida que se acerca a la costa, aunque a\u00fan se proyecta que toque tierra siendo un hurac\u00e1n.<\/p>\n\n\n\n<p class=\"wp-block-paragraph\">El meteoro podr\u00eda causar inundaciones y precipitaciones de hasta 25 cent\u00edmetros (10 pulgadas) en algunos lugares, as\u00ed como inundaciones costeras y oleaje peligroso.<\/p>\n\n\n\n<p class=\"wp-block-paragraph\">Los puertos de Manzanillo y Puerto Vallarta quedaron cerrados a los barcos de mayor eslora, y la Armada de M\u00e9xico anunci\u00f3 que los puertos de Mazatl\u00e1n, San Blas y Nuevo Vallarta estaban cerrados a las peque\u00f1as embarcaciones.<\/p>\n\n\n\n<p class=\"wp-block-paragraph\">La Comisi\u00f3n Nacional del Agua indic\u00f3 que Orlene podr\u00eda causar deslaves e inundaciones en \u00e1reas bajas, y elevar los niveles de r\u00edos y arroyos. El domingo, Orlene alcanz\u00f3 vientos de 215 km\/h (130 mph), como hurac\u00e1n de categor\u00eda 4.<\/p>\n","protected":false},"excerpt":{"rendered":"<p>CIUDAD DE M\u00c9XICO. \u2014 El hurac\u00e1n Orlene toc\u00f3 tierra el lunes en la costa mexicana del Pac\u00edfico, cerca<\/p>\n","protected":false},"author":1,"featured_media":452,"comment_status":"closed","ping_status":"closed","sticky":false,"template":"","format":"standard","meta":{"_crdt_document":"","_jetpack_memberships_contains_paid_content":false,"footnotes":"","jetpack_publicize_message":"El metoro se debilit\u00f3 luego de pasar sobre las Islas Mar\u00edas; no hay a\u00fan reporte de da\u00f1os","jetpack_publicize_feature_enabled":true,"jetpack_social_post_already_shared":true,"jetpack_social_options":{"image_generator_settings":{"template":"highway","default_image_id":0,"font":"","enabled":false},"version":2},"_wpas_customize_per_network":false},"categories":[9],"tags":[],"class_list":["post-451","post","type-post","status-publish","format-standard","has-post-thumbnail","hentry","category-el-mundo"],"magazineBlocksPostFeaturedMedia":{"thumbnail":"https:\/\/pornuestrolaredo.com\/wp-content\/uploads\/2022\/10\/Captura-de-Pantalla-2022-10-03-a-las-11.17.10-150x150.png","medium":"https:\/\/pornuestrolaredo.com\/wp-content\/uploads\/2022\/10\/Captura-de-Pantalla-2022-10-03-a-las-11.17.10-300x179.png","medium_large":"https:\/\/pornuestrolaredo.com\/wp-content\/uploads\/2022\/10\/Captura-de-Pantalla-2022-10-03-a-las-11.17.10-768x457.png","large":"https:\/\/pornuestrolaredo.com\/wp-content\/uploads\/2022\/10\/Captura-de-Pantalla-2022-10-03-a-las-11.17.10-1024x610.png","1536x1536":"https:\/\/pornuestrolaredo.com\/wp-content\/uploads\/2022\/10\/Captura-de-Pantalla-2022-10-03-a-las-11.17.10.png","2048x2048":"https:\/\/pornuestrolaredo.com\/wp-content\/uploads\/2022\/10\/Captura-de-Pantalla-2022-10-03-a-las-11.17.10.png","morenews-large":"https:\/\/pornuestrolaredo.com\/wp-content\/uploads\/2022\/10\/Captura-de-Pantalla-2022-10-03-a-las-11.17.10.png","morenews-medium":"https:\/\/pornuestrolaredo.com\/wp-content\/uploads\/2022\/10\/Captura-de-Pantalla-2022-10-03-a-las-11.17.10.png"},"magazineBlocksPostAuthor":{"name":"Redactor","avatar":"https:\/\/pornuestrolaredo.com\/wp-content\/litespeed\/avatar\/dca1d7ec750c399f025f23b0b314f4cf.jpg?ver=1777007253"},"magazineBlocksPostCommentsNumber":false,"magazineBlocksPostExcerpt":"CIUDAD DE M\u00c9XICO. \u2014 El hurac\u00e1n Orlene toc\u00f3 tierra el lunes en la costa mexicana del Pac\u00edfico, cerca","magazineBlocksPostCategories":["El Mundo"],"magazineBlocksPostViewCount":143,"magazineBlocksPostReadTime":2,"magazine_blocks_featured_image_url":{"full":["https:\/\/pornuestrolaredo.com\/wp-content\/uploads\/2022\/10\/Captura-de-Pantalla-2022-10-03-a-las-11.17.10.png",1176,700,false],"medium":["https:\/\/pornuestrolaredo.com\/wp-content\/uploads\/2022\/10\/Captura-de-Pantalla-2022-10-03-a-las-11.17.10-300x179.png",300,179,true],"thumbnail":["https:\/\/pornuestrolaredo.com\/wp-content\/uploads\/2022\/10\/Captura-de-Pantalla-2022-10-03-a-las-11.17.10-150x150.png",150,150,true]},"magazine_blocks_author":{"display_name":"Redactor","author_link":"https:\/\/pornuestrolaredo.com\/?author=1"},"magazine_blocks_comment":0,"magazine_blocks_author_image":"https:\/\/pornuestrolaredo.com\/wp-content\/litespeed\/avatar\/dca1d7ec750c399f025f23b0b314f4cf.jpg?ver=1777007253","magazine_blocks_category":"<a href=\"#\" class=\"category-link category-link-9\">El Mundo<\/a>","jetpack_publicize_connections":[],"featured_image_urls":{"full":["https:\/\/pornuestrolaredo.com\/wp-content\/uploads\/2022\/10\/Captura-de-Pantalla-2022-10-03-a-las-11.17.10.png",1176,700,false],"thumbnail":["https:\/\/pornuestrolaredo.com\/wp-content\/uploads\/2022\/10\/Captura-de-Pantalla-2022-10-03-a-las-11.17.10-150x150.png",150,150,true],"medium":["https:\/\/pornuestrolaredo.com\/wp-content\/uploads\/2022\/10\/Captura-de-Pantalla-2022-10-03-a-las-11.17.10-300x179.png",300,179,true],"medium_large":["https:\/\/pornuestrolaredo.com\/wp-content\/uploads\/2022\/10\/Captura-de-Pantalla-2022-10-03-a-las-11.17.10-768x457.png",640,381,true],"large":["https:\/\/pornuestrolaredo.com\/wp-content\/uploads\/2022\/10\/Captura-de-Pantalla-2022-10-03-a-las-11.17.10-1024x610.png",640,381,true],"1536x1536":["https:\/\/pornuestrolaredo.com\/wp-content\/uploads\/2022\/10\/Captura-de-Pantalla-2022-10-03-a-las-11.17.10.png",1176,700,false],"2048x2048":["https:\/\/pornuestrolaredo.com\/wp-content\/uploads\/2022\/10\/Captura-de-Pantalla-2022-10-03-a-las-11.17.10.png",1176,700,false],"morenews-large":["https:\/\/pornuestrolaredo.com\/wp-content\/uploads\/2022\/10\/Captura-de-Pantalla-2022-10-03-a-las-11.17.10.png",825,491,false],"morenews-medium":["https:\/\/pornuestrolaredo.com\/wp-content\/uploads\/2022\/10\/Captura-de-Pantalla-2022-10-03-a-las-11.17.10.png",590,351,false]},"author_info":{"info":["Redactor"]},"category_info":"<a href=\"https:\/\/pornuestrolaredo.com\/?cat=9\" rel=\"category\">El Mundo<\/a>","tag_info":"El Mundo","comment_count":"0","jetpack_featured_media_url":"https:\/\/pornuestrolaredo.com\/wp-content\/uploads\/2022\/10\/Captura-de-Pantalla-2022-10-03-a-las-11.17.10.png","jetpack_sharing_enabled":true,"_links":{"self":[{"href":"https:\/\/pornuestrolaredo.com\/index.php?rest_route=\/wp\/v2\/posts\/451","targetHints":{"allow":["GET"]}}],"collection":[{"href":"https:\/\/pornuestrolaredo.com\/index.php?rest_route=\/wp\/v2\/posts"}],"about":[{"href":"https:\/\/pornuestrolaredo.com\/index.php?rest_route=\/wp\/v2\/types\/post"}],"author":[{"embeddable":true,"href":"https:\/\/pornuestrolaredo.com\/index.php?rest_route=\/wp\/v2\/users\/1"}],"replies":[{"embeddable":true,"href":"https:\/\/pornuestrolaredo.com\/index.php?rest_route=%2Fwp%2Fv2%2Fcomments&post=451"}],"version-history":[{"count":2,"href":"https:\/\/pornuestrolaredo.com\/index.php?rest_route=\/wp\/v2\/posts\/451\/revisions"}],"predecessor-version":[{"id":474,"href":"https:\/\/pornuestrolaredo.com\/index.php?rest_route=\/wp\/v2\/posts\/451\/revisions\/474"}],"wp:featuredmedia":[{"embeddable":true,"href":"https:\/\/pornuestrolaredo.com\/index.php?rest_route=\/wp\/v2\/media\/452"}],"wp:attachment":[{"href":"https:\/\/pornuestrolaredo.com\/index.php?rest_route=%2Fwp%2Fv2%2Fmedia&parent=451"}],"wp:term":[{"taxonomy":"category","embeddable":true,"href":"https:\/\/pornuestrolaredo.com\/index.php?rest_route=%2Fwp%2Fv2%2Fcategories&post=451"},{"taxonomy":"post_tag","embeddable":true,"href":"https:\/\/pornuestrolaredo.com\/index.php?rest_route=%2Fwp%2Fv2%2Ftags&post=451"}],"curies":[{"name":"wp","href":"https:\/\/api.w.org\/{rel}","templated":true}]}}