{"id":4521,"date":"2024-06-10T20:14:19","date_gmt":"2024-06-10T20:14:19","guid":{"rendered":"https:\/\/pornuestrolaredo.com\/?p=4521"},"modified":"2024-06-10T20:14:19","modified_gmt":"2024-06-10T20:14:19","slug":"se-rompe-peso-pluma-un-pie-en-pleno-concierto","status":"publish","type":"post","link":"https:\/\/pornuestrolaredo.com\/?p=4521","title":{"rendered":"Se rompe Peso Pluma un pie en pleno concierto"},"content":{"rendered":"<p><strong>NUEVA YORK.-<\/strong> Peso Pluma se fractur\u00f3 un pie mientras bailaba durante un concierto como cabeza del festival musical Governors Ball, en Nueva York.<\/p>\n<p>El exponente de corridos tumbados desat\u00f3 la euforia de su p\u00fablico en Estados Unidos al negarse a bajar del escenario despu\u00e9s de la lesi\u00f3n que tuvo por realizar un salto en el entarimado.<\/p>\n<p>En videos difundidos en la red social X, los asistentes demostraron que al int\u00e9rprete de &#8220;Ella Baila Sola&#8221; le costaba mantenerse de pie en medio de un en\u00e9rgico show donde suele estar bailando y saltando al ritmo de su m\u00fasica.<\/p>\n<blockquote><p>Apenas puedo mantenerme en pie, pero me importa un carajo&#8221;, dijo el cantante mexicano, obteniendo los v\u00edtores del p\u00fablico como respuesta.<br \/>\nHoras m\u00e1s tarde, &#8220;La Doble &#8216;P'&#8221; confirm\u00f3 a trav\u00e9s de las historias en su cuenta de Instagram que la lesi\u00f3n es una fractura y que recibi\u00f3 atenci\u00f3n m\u00e9dica.<\/p><\/blockquote>\n<p>Peso Pluma tambi\u00e9n poste\u00f3 algunas fotos del recuerdo para agradecerle a sus fans neoyorquinos por estar presentes en el concierto.<\/p>\n<p>Asimismo dej\u00f3 ver algunas im\u00e1genes de su pie y tobillo con vendaje para soportar el dolor durante el show.<\/p>\n<blockquote><p>Gracias Nueva York. \u00a1Toda la energ\u00eda era una locura! \u00a1Los amoooooo!&#8221;, escribi\u00f3.<\/p><\/blockquote>\n","protected":false},"excerpt":{"rendered":"<p>El accidente, mientras el mexicano bailaba durante un concierto como cabeza del festival musical Governors Ball, en Nueva York<\/p>\n","protected":false},"author":1,"featured_media":4522,"comment_status":"closed","ping_status":"closed","sticky":false,"template":"","format":"standard","meta":{"_crdt_document":"","_jetpack_memberships_contains_paid_content":false,"footnotes":"","jetpack_publicize_message":"","jetpack_publicize_feature_enabled":true,"jetpack_social_post_already_shared":true,"jetpack_social_options":{"image_generator_settings":{"template":"highway","default_image_id":0,"font":"","enabled":false},"version":2},"_wpas_customize_per_network":false},"categories":[34],"tags":[],"class_list":["post-4521","post","type-post","status-publish","format-standard","has-post-thumbnail","hentry","category-farandula"],"magazineBlocksPostFeaturedMedia":{"thumbnail":"https:\/\/pornuestrolaredo.com\/wp-content\/uploads\/2024\/06\/107FM-20240610-2-150x150.jpg","medium":"https:\/\/pornuestrolaredo.com\/wp-content\/uploads\/2024\/06\/107FM-20240610-2-300x188.jpg","medium_large":"https:\/\/pornuestrolaredo.com\/wp-content\/uploads\/2024\/06\/107FM-20240610-2-768x480.jpg","large":"https:\/\/pornuestrolaredo.com\/wp-content\/uploads\/2024\/06\/107FM-20240610-2-1000x625.jpg","1536x1536":"https:\/\/pornuestrolaredo.com\/wp-content\/uploads\/2024\/06\/107FM-20240610-2.jpg","2048x2048":"https:\/\/pornuestrolaredo.com\/wp-content\/uploads\/2024\/06\/107FM-20240610-2.jpg","morenews-large":"https:\/\/pornuestrolaredo.com\/wp-content\/uploads\/2024\/06\/107FM-20240610-2.jpg","morenews-medium":"https:\/\/pornuestrolaredo.com\/wp-content\/uploads\/2024\/06\/107FM-20240610-2.jpg"},"magazineBlocksPostAuthor":{"name":"Redactor","avatar":"https:\/\/pornuestrolaredo.com\/wp-content\/litespeed\/avatar\/dca1d7ec750c399f025f23b0b314f4cf.jpg?ver=1777612120"},"magazineBlocksPostCommentsNumber":false,"magazineBlocksPostExcerpt":"El accidente, mientras el mexicano bailaba durante un concierto como cabeza del festival musical Governors Ball, en Nueva York","magazineBlocksPostCategories":["Far\u00e1ndula"],"magazineBlocksPostViewCount":128,"magazineBlocksPostReadTime":2,"magazine_blocks_featured_image_url":{"full":["https:\/\/pornuestrolaredo.com\/wp-content\/uploads\/2024\/06\/107FM-20240610-2.jpg",1280,800,false],"medium":["https:\/\/pornuestrolaredo.com\/wp-content\/uploads\/2024\/06\/107FM-20240610-2-300x188.jpg",300,188,true],"thumbnail":["https:\/\/pornuestrolaredo.com\/wp-content\/uploads\/2024\/06\/107FM-20240610-2-150x150.jpg",150,150,true]},"magazine_blocks_author":{"display_name":"Redactor","author_link":"https:\/\/pornuestrolaredo.com\/?author=1"},"magazine_blocks_comment":0,"magazine_blocks_author_image":"https:\/\/pornuestrolaredo.com\/wp-content\/litespeed\/avatar\/dca1d7ec750c399f025f23b0b314f4cf.jpg?ver=1777612120","magazine_blocks_category":"<a href=\"#\" class=\"category-link category-link-34\">Far\u00e1ndula<\/a>","jetpack_publicize_connections":[],"featured_image_urls":{"full":["https:\/\/pornuestrolaredo.com\/wp-content\/uploads\/2024\/06\/107FM-20240610-2.jpg",1280,800,false],"thumbnail":["https:\/\/pornuestrolaredo.com\/wp-content\/uploads\/2024\/06\/107FM-20240610-2-150x150.jpg",150,150,true],"medium":["https:\/\/pornuestrolaredo.com\/wp-content\/uploads\/2024\/06\/107FM-20240610-2-300x188.jpg",300,188,true],"medium_large":["https:\/\/pornuestrolaredo.com\/wp-content\/uploads\/2024\/06\/107FM-20240610-2-768x480.jpg",640,400,true],"large":["https:\/\/pornuestrolaredo.com\/wp-content\/uploads\/2024\/06\/107FM-20240610-2-1000x625.jpg",640,400,true],"1536x1536":["https:\/\/pornuestrolaredo.com\/wp-content\/uploads\/2024\/06\/107FM-20240610-2.jpg",1280,800,false],"2048x2048":["https:\/\/pornuestrolaredo.com\/wp-content\/uploads\/2024\/06\/107FM-20240610-2.jpg",1280,800,false],"morenews-large":["https:\/\/pornuestrolaredo.com\/wp-content\/uploads\/2024\/06\/107FM-20240610-2.jpg",825,516,false],"morenews-medium":["https:\/\/pornuestrolaredo.com\/wp-content\/uploads\/2024\/06\/107FM-20240610-2.jpg",590,369,false]},"author_info":{"info":["Redactor"]},"category_info":"<a href=\"https:\/\/pornuestrolaredo.com\/?cat=34\" rel=\"category\">Far\u00e1ndula<\/a>","tag_info":"Far\u00e1ndula","comment_count":"0","jetpack_featured_media_url":"https:\/\/pornuestrolaredo.com\/wp-content\/uploads\/2024\/06\/107FM-20240610-2.jpg","jetpack_sharing_enabled":true,"_links":{"self":[{"href":"https:\/\/pornuestrolaredo.com\/index.php?rest_route=\/wp\/v2\/posts\/4521","targetHints":{"allow":["GET"]}}],"collection":[{"href":"https:\/\/pornuestrolaredo.com\/index.php?rest_route=\/wp\/v2\/posts"}],"about":[{"href":"https:\/\/pornuestrolaredo.com\/index.php?rest_route=\/wp\/v2\/types\/post"}],"author":[{"embeddable":true,"href":"https:\/\/pornuestrolaredo.com\/index.php?rest_route=\/wp\/v2\/users\/1"}],"replies":[{"embeddable":true,"href":"https:\/\/pornuestrolaredo.com\/index.php?rest_route=%2Fwp%2Fv2%2Fcomments&post=4521"}],"version-history":[{"count":1,"href":"https:\/\/pornuestrolaredo.com\/index.php?rest_route=\/wp\/v2\/posts\/4521\/revisions"}],"predecessor-version":[{"id":4523,"href":"https:\/\/pornuestrolaredo.com\/index.php?rest_route=\/wp\/v2\/posts\/4521\/revisions\/4523"}],"wp:featuredmedia":[{"embeddable":true,"href":"https:\/\/pornuestrolaredo.com\/index.php?rest_route=\/wp\/v2\/media\/4522"}],"wp:attachment":[{"href":"https:\/\/pornuestrolaredo.com\/index.php?rest_route=%2Fwp%2Fv2%2Fmedia&parent=4521"}],"wp:term":[{"taxonomy":"category","embeddable":true,"href":"https:\/\/pornuestrolaredo.com\/index.php?rest_route=%2Fwp%2Fv2%2Fcategories&post=4521"},{"taxonomy":"post_tag","embeddable":true,"href":"https:\/\/pornuestrolaredo.com\/index.php?rest_route=%2Fwp%2Fv2%2Ftags&post=4521"}],"curies":[{"name":"wp","href":"https:\/\/api.w.org\/{rel}","templated":true}]}}