{"id":4528,"date":"2024-06-11T19:31:56","date_gmt":"2024-06-11T19:31:56","guid":{"rendered":"https:\/\/pornuestrolaredo.com\/?p=4528"},"modified":"2024-06-11T19:31:56","modified_gmt":"2024-06-11T19:31:56","slug":"destroza-granizada-nariz-de-avion-en-pleno-vuelo","status":"publish","type":"post","link":"https:\/\/pornuestrolaredo.com\/?p=4528","title":{"rendered":"Destroza granizada nariz de avi\u00f3n en pleno vuelo"},"content":{"rendered":"<p><strong><em>MADRID.- <\/em><\/strong>El cambio clim\u00e1tico est\u00e1 teniendo graves consecuencias meteorol\u00f3gicas que ya provocan estragos en el planeta, desde intensas sequ\u00edas, inundaciones extraordinarias, huracanes at\u00edpicos, hasta tormentas capaces de destrozar ciudades entreras.<\/p>\n<p>Recientemente una tr\u00e1gica tormenta de granizo estuvo a punto de destrozar a un avi\u00f3n que se encontraba en pleno vuelo, cuando se dirig\u00eda a Vena, Austria procedente de Palma de Mallorca en Espa\u00f1a, sin imaginar lo que les esperaba a los pasajeros y a la tripulaci\u00f3n.<\/p>\n<p>De acuerdo con la aerol\u00ednea Austrian Airlines, el avi\u00f3n habr\u00eda volado a trav\u00e9s de una c\u00e9lula de tormenta con una intensa granizada que termin\u00f3 por destrozar la nariz de la aeronave, el parabrisas, adem\u00e1s de las ventanas y algunas cubiertas.<\/p>\n<p>En redes sociales circulan fotograf\u00edas del estado en el que qued\u00f3 el avi\u00f3n tras sobrevivir a la tormenta el pasado domingo, y en donde se observan los estragos del temporal que dej\u00f3 a la parte delantera del avi\u00f3n pr\u00e1cticamente inexistente y el parabrisas sumamente da\u00f1ado, como si hubiera sido bombardeado.<\/p>\n<p>De acuerdo con la tripulaci\u00f3n, no fue posible detectar la tormenta que casi los derriba a trav\u00e9s del radar, por lo que se encontraron de frente con el meteoro que oblig\u00f3 al piloto a enviar una se\u00f1al de emergencia a la torre de control, que posteriormente confirmar\u00eda el incidente.<\/p>\n<p>De acuerdo con un pasajero, se sinti\u00f3 una fuerte sacudida y el aterrizaje fue &#8220;un poco m\u00e1s turbulento de lo habitual&#8221;, sin embargo, a pesar de los graves da\u00f1os, el avi\u00f3n logr\u00f3 aterrizar sin mayores problemas y ning\u00fan pasajero result\u00f3 herido. De inmediato, un contingente de servicios de emergencia acudi\u00f3 a la pista.<\/p>\n<p>Ya en tierra firme y al ver el resultado de la tormenta en el avi\u00f3n con cristales delanteros destrozados, los pasajeros entendieron que el piloto hab\u00eda aterrizado a ciegas y de lo cerca que hab\u00edan estado de un colapsar.<\/p>\n<p>Esta no es la primera vez que el clima hace de las suyas, hace a penas unas semanas, dos aviones sufrieron intensas turbulencias que dejaron un hombre muerto y varios heridos; en tanto, de acuerdo con cient\u00edficos, a medida que el cambio clim\u00e1tico empeore, este tipo de fen\u00f3menos ser\u00e1n cada vez m\u00e1s frecuentes e intensos.<\/p>\n","protected":false},"excerpt":{"rendered":"<p>El aparato iba de Palma de Mallorca en Espa\u00f1a a Vena, Austria, y se top\u00f3 con una c\u00e9lula de tormenta<\/p>\n","protected":false},"author":1,"featured_media":4529,"comment_status":"closed","ping_status":"closed","sticky":false,"template":"","format":"standard","meta":{"_crdt_document":"","_jetpack_memberships_contains_paid_content":false,"footnotes":"","jetpack_publicize_message":"","jetpack_publicize_feature_enabled":true,"jetpack_social_post_already_shared":true,"jetpack_social_options":{"image_generator_settings":{"template":"highway","default_image_id":0,"font":"","enabled":false},"version":2},"_wpas_customize_per_network":false},"categories":[9],"tags":[],"class_list":["post-4528","post","type-post","status-publish","format-standard","has-post-thumbnail","hentry","category-el-mundo"],"magazineBlocksPostFeaturedMedia":{"thumbnail":"https:\/\/pornuestrolaredo.com\/wp-content\/uploads\/2024\/06\/Stereo91-20240611-3-150x150.jpg","medium":"https:\/\/pornuestrolaredo.com\/wp-content\/uploads\/2024\/06\/Stereo91-20240611-3-300x190.jpg","medium_large":"https:\/\/pornuestrolaredo.com\/wp-content\/uploads\/2024\/06\/Stereo91-20240611-3-768x486.jpg","large":"https:\/\/pornuestrolaredo.com\/wp-content\/uploads\/2024\/06\/Stereo91-20240611-3.jpg","1536x1536":"https:\/\/pornuestrolaredo.com\/wp-content\/uploads\/2024\/06\/Stereo91-20240611-3.jpg","2048x2048":"https:\/\/pornuestrolaredo.com\/wp-content\/uploads\/2024\/06\/Stereo91-20240611-3.jpg","morenews-large":"https:\/\/pornuestrolaredo.com\/wp-content\/uploads\/2024\/06\/Stereo91-20240611-3.jpg","morenews-medium":"https:\/\/pornuestrolaredo.com\/wp-content\/uploads\/2024\/06\/Stereo91-20240611-3.jpg"},"magazineBlocksPostAuthor":{"name":"Redactor","avatar":"https:\/\/pornuestrolaredo.com\/wp-content\/litespeed\/avatar\/dca1d7ec750c399f025f23b0b314f4cf.jpg?ver=1777612120"},"magazineBlocksPostCommentsNumber":false,"magazineBlocksPostExcerpt":"El aparato iba de Palma de Mallorca en Espa\u00f1a a Vena, Austria, y se top\u00f3 con una c\u00e9lula de tormenta","magazineBlocksPostCategories":["El Mundo"],"magazineBlocksPostViewCount":130,"magazineBlocksPostReadTime":2,"magazine_blocks_featured_image_url":{"full":["https:\/\/pornuestrolaredo.com\/wp-content\/uploads\/2024\/06\/Stereo91-20240611-3.jpg",800,506,false],"medium":["https:\/\/pornuestrolaredo.com\/wp-content\/uploads\/2024\/06\/Stereo91-20240611-3-300x190.jpg",300,190,true],"thumbnail":["https:\/\/pornuestrolaredo.com\/wp-content\/uploads\/2024\/06\/Stereo91-20240611-3-150x150.jpg",150,150,true]},"magazine_blocks_author":{"display_name":"Redactor","author_link":"https:\/\/pornuestrolaredo.com\/?author=1"},"magazine_blocks_comment":0,"magazine_blocks_author_image":"https:\/\/pornuestrolaredo.com\/wp-content\/litespeed\/avatar\/dca1d7ec750c399f025f23b0b314f4cf.jpg?ver=1777612120","magazine_blocks_category":"<a href=\"#\" class=\"category-link category-link-9\">El Mundo<\/a>","jetpack_publicize_connections":[],"featured_image_urls":{"full":["https:\/\/pornuestrolaredo.com\/wp-content\/uploads\/2024\/06\/Stereo91-20240611-3.jpg",800,506,false],"thumbnail":["https:\/\/pornuestrolaredo.com\/wp-content\/uploads\/2024\/06\/Stereo91-20240611-3-150x150.jpg",150,150,true],"medium":["https:\/\/pornuestrolaredo.com\/wp-content\/uploads\/2024\/06\/Stereo91-20240611-3-300x190.jpg",300,190,true],"medium_large":["https:\/\/pornuestrolaredo.com\/wp-content\/uploads\/2024\/06\/Stereo91-20240611-3-768x486.jpg",640,405,true],"large":["https:\/\/pornuestrolaredo.com\/wp-content\/uploads\/2024\/06\/Stereo91-20240611-3.jpg",640,405,false],"1536x1536":["https:\/\/pornuestrolaredo.com\/wp-content\/uploads\/2024\/06\/Stereo91-20240611-3.jpg",800,506,false],"2048x2048":["https:\/\/pornuestrolaredo.com\/wp-content\/uploads\/2024\/06\/Stereo91-20240611-3.jpg",800,506,false],"morenews-large":["https:\/\/pornuestrolaredo.com\/wp-content\/uploads\/2024\/06\/Stereo91-20240611-3.jpg",800,506,false],"morenews-medium":["https:\/\/pornuestrolaredo.com\/wp-content\/uploads\/2024\/06\/Stereo91-20240611-3.jpg",590,373,false]},"author_info":{"info":["Redactor"]},"category_info":"<a href=\"https:\/\/pornuestrolaredo.com\/?cat=9\" rel=\"category\">El Mundo<\/a>","tag_info":"El Mundo","comment_count":"0","jetpack_featured_media_url":"https:\/\/pornuestrolaredo.com\/wp-content\/uploads\/2024\/06\/Stereo91-20240611-3.jpg","jetpack_sharing_enabled":true,"_links":{"self":[{"href":"https:\/\/pornuestrolaredo.com\/index.php?rest_route=\/wp\/v2\/posts\/4528","targetHints":{"allow":["GET"]}}],"collection":[{"href":"https:\/\/pornuestrolaredo.com\/index.php?rest_route=\/wp\/v2\/posts"}],"about":[{"href":"https:\/\/pornuestrolaredo.com\/index.php?rest_route=\/wp\/v2\/types\/post"}],"author":[{"embeddable":true,"href":"https:\/\/pornuestrolaredo.com\/index.php?rest_route=\/wp\/v2\/users\/1"}],"replies":[{"embeddable":true,"href":"https:\/\/pornuestrolaredo.com\/index.php?rest_route=%2Fwp%2Fv2%2Fcomments&post=4528"}],"version-history":[{"count":1,"href":"https:\/\/pornuestrolaredo.com\/index.php?rest_route=\/wp\/v2\/posts\/4528\/revisions"}],"predecessor-version":[{"id":4530,"href":"https:\/\/pornuestrolaredo.com\/index.php?rest_route=\/wp\/v2\/posts\/4528\/revisions\/4530"}],"wp:featuredmedia":[{"embeddable":true,"href":"https:\/\/pornuestrolaredo.com\/index.php?rest_route=\/wp\/v2\/media\/4529"}],"wp:attachment":[{"href":"https:\/\/pornuestrolaredo.com\/index.php?rest_route=%2Fwp%2Fv2%2Fmedia&parent=4528"}],"wp:term":[{"taxonomy":"category","embeddable":true,"href":"https:\/\/pornuestrolaredo.com\/index.php?rest_route=%2Fwp%2Fv2%2Fcategories&post=4528"},{"taxonomy":"post_tag","embeddable":true,"href":"https:\/\/pornuestrolaredo.com\/index.php?rest_route=%2Fwp%2Fv2%2Ftags&post=4528"}],"curies":[{"name":"wp","href":"https:\/\/api.w.org\/{rel}","templated":true}]}}