{"id":4537,"date":"2024-06-15T16:35:37","date_gmt":"2024-06-15T16:35:37","guid":{"rendered":"https:\/\/pornuestrolaredo.com\/?p=4537"},"modified":"2024-06-15T16:35:37","modified_gmt":"2024-06-15T16:35:37","slug":"hallan-cuerpo-flotando-y-al-tratar-de-sacarlo-se-levanta","status":"publish","type":"post","link":"https:\/\/pornuestrolaredo.com\/?p=4537","title":{"rendered":"Hallan cuerpo flotando&#8230; y al tratar de sacarlo, se levanta"},"content":{"rendered":"<p><strong>NUEVA DELHI, India.-<\/strong> Los lamentables hallazgos de personas sin vida encontradas en cuerpos de agua son frecuentes e incluso pueden llegar a ser muy impactantes, pues adem\u00e1s de presenciar el lamentable evento y desconocer las causas que los llevaron a terminar de esa forma, es necesario notificar a las autoridades e identificar al occiso en cuesti\u00f3n.<\/p>\n<p>Precisamente eso ocurri\u00f3 en la ciudad de Hanamkonda en India, en donde un grupo de residentes report\u00f3 a las autoridades el descubrimiento de una persona, aparentemente sin vida, flotando en un lago, por lo que pidieron a la polic\u00eda acudir al lugar y retirar el cuerpo.<\/p>\n<p>En redes sociales comenzaron a circular im\u00e1genes del suceso, en el que se observa el supuesto cuerpo flotando muy cerca de la orilla, cuando un oficial se acerca y lo toma de un brazo para sacarlo del agua, sin embargo, se lleva una enorme sorpresa.<\/p>\n<p>Y es que el muerto \u201cresucit\u00f3\u201d en cuanto sinti\u00f3 el jal\u00f3n del polic\u00eda y de inmediato se incorpor\u00f3 y sali\u00f3 del agua por su propio pie, un momento que adem\u00e1s de sorprender a las autoridades provoc\u00f3 muchas risas debido a que todo se trat\u00f3 de una confusi\u00f3n.<\/p>\n<p>M\u00e1s tarde, los oficiales confirmaron que el hombre estaba muy ebrio y decidi\u00f3 refrescarse un poco en el agua, pero se qued\u00f3 dormido.<\/p>\n<p>El hombre, identificado m\u00e1s tarde como un trabajador de una cantera de Kavali en el distrito de Nellore, fue encontrado inm\u00f3vil en el agua entre las 7:00 am y las 12:00 pm.<\/p>\n<p>El individuo afirm\u00f3 tener un trabajo muy agotador en una cantera de granito cercana y que simplemente vio el lago y decidi\u00f3 descansar un poco sin imaginar que lo dar\u00edan por muerto.<\/p>\n<p>El singular clip provoc\u00f3 toda clase de reacciones en redes sociales, en donde decenas de internautas tomaron con humor el momento, aunque tambi\u00e9n llamaron a tomar con medida para evitar ser confundidos con un muerto.<\/p>\n","protected":false},"excerpt":{"rendered":"<p>El trabajador de una cantera confiesa que sinti\u00f3 mucho calor y decidi\u00f3 meterse a un lago<\/p>\n","protected":false},"author":1,"featured_media":4538,"comment_status":"closed","ping_status":"closed","sticky":false,"template":"","format":"standard","meta":{"_crdt_document":"","_jetpack_memberships_contains_paid_content":false,"footnotes":"","jetpack_publicize_message":"","jetpack_publicize_feature_enabled":true,"jetpack_social_post_already_shared":true,"jetpack_social_options":{"image_generator_settings":{"template":"highway","default_image_id":0,"font":"","enabled":false},"version":2},"_wpas_customize_per_network":false},"categories":[9],"tags":[],"class_list":["post-4537","post","type-post","status-publish","format-standard","has-post-thumbnail","hentry","category-el-mundo"],"magazineBlocksPostFeaturedMedia":{"thumbnail":"https:\/\/pornuestrolaredo.com\/wp-content\/uploads\/2024\/06\/Stereo91-20240615-2-150x150.jpg","medium":"https:\/\/pornuestrolaredo.com\/wp-content\/uploads\/2024\/06\/Stereo91-20240615-2-300x183.jpg","medium_large":"https:\/\/pornuestrolaredo.com\/wp-content\/uploads\/2024\/06\/Stereo91-20240615-2-768x469.jpg","large":"https:\/\/pornuestrolaredo.com\/wp-content\/uploads\/2024\/06\/Stereo91-20240615-2.jpg","1536x1536":"https:\/\/pornuestrolaredo.com\/wp-content\/uploads\/2024\/06\/Stereo91-20240615-2.jpg","2048x2048":"https:\/\/pornuestrolaredo.com\/wp-content\/uploads\/2024\/06\/Stereo91-20240615-2.jpg","morenews-large":"https:\/\/pornuestrolaredo.com\/wp-content\/uploads\/2024\/06\/Stereo91-20240615-2.jpg","morenews-medium":"https:\/\/pornuestrolaredo.com\/wp-content\/uploads\/2024\/06\/Stereo91-20240615-2.jpg"},"magazineBlocksPostAuthor":{"name":"Redactor","avatar":"https:\/\/pornuestrolaredo.com\/wp-content\/litespeed\/avatar\/dca1d7ec750c399f025f23b0b314f4cf.jpg?ver=1777612120"},"magazineBlocksPostCommentsNumber":false,"magazineBlocksPostExcerpt":"El trabajador de una cantera confiesa que sinti\u00f3 mucho calor y decidi\u00f3 meterse a un lago","magazineBlocksPostCategories":["El Mundo"],"magazineBlocksPostViewCount":121,"magazineBlocksPostReadTime":2,"magazine_blocks_featured_image_url":{"full":["https:\/\/pornuestrolaredo.com\/wp-content\/uploads\/2024\/06\/Stereo91-20240615-2.jpg",800,489,false],"medium":["https:\/\/pornuestrolaredo.com\/wp-content\/uploads\/2024\/06\/Stereo91-20240615-2-300x183.jpg",300,183,true],"thumbnail":["https:\/\/pornuestrolaredo.com\/wp-content\/uploads\/2024\/06\/Stereo91-20240615-2-150x150.jpg",150,150,true]},"magazine_blocks_author":{"display_name":"Redactor","author_link":"https:\/\/pornuestrolaredo.com\/?author=1"},"magazine_blocks_comment":0,"magazine_blocks_author_image":"https:\/\/pornuestrolaredo.com\/wp-content\/litespeed\/avatar\/dca1d7ec750c399f025f23b0b314f4cf.jpg?ver=1777612120","magazine_blocks_category":"<a href=\"#\" class=\"category-link category-link-9\">El Mundo<\/a>","jetpack_publicize_connections":[],"featured_image_urls":{"full":["https:\/\/pornuestrolaredo.com\/wp-content\/uploads\/2024\/06\/Stereo91-20240615-2.jpg",800,489,false],"thumbnail":["https:\/\/pornuestrolaredo.com\/wp-content\/uploads\/2024\/06\/Stereo91-20240615-2-150x150.jpg",150,150,true],"medium":["https:\/\/pornuestrolaredo.com\/wp-content\/uploads\/2024\/06\/Stereo91-20240615-2-300x183.jpg",300,183,true],"medium_large":["https:\/\/pornuestrolaredo.com\/wp-content\/uploads\/2024\/06\/Stereo91-20240615-2-768x469.jpg",640,391,true],"large":["https:\/\/pornuestrolaredo.com\/wp-content\/uploads\/2024\/06\/Stereo91-20240615-2.jpg",640,391,false],"1536x1536":["https:\/\/pornuestrolaredo.com\/wp-content\/uploads\/2024\/06\/Stereo91-20240615-2.jpg",800,489,false],"2048x2048":["https:\/\/pornuestrolaredo.com\/wp-content\/uploads\/2024\/06\/Stereo91-20240615-2.jpg",800,489,false],"morenews-large":["https:\/\/pornuestrolaredo.com\/wp-content\/uploads\/2024\/06\/Stereo91-20240615-2.jpg",800,489,false],"morenews-medium":["https:\/\/pornuestrolaredo.com\/wp-content\/uploads\/2024\/06\/Stereo91-20240615-2.jpg",590,361,false]},"author_info":{"info":["Redactor"]},"category_info":"<a href=\"https:\/\/pornuestrolaredo.com\/?cat=9\" rel=\"category\">El Mundo<\/a>","tag_info":"El Mundo","comment_count":"0","jetpack_featured_media_url":"https:\/\/pornuestrolaredo.com\/wp-content\/uploads\/2024\/06\/Stereo91-20240615-2.jpg","jetpack_sharing_enabled":true,"_links":{"self":[{"href":"https:\/\/pornuestrolaredo.com\/index.php?rest_route=\/wp\/v2\/posts\/4537","targetHints":{"allow":["GET"]}}],"collection":[{"href":"https:\/\/pornuestrolaredo.com\/index.php?rest_route=\/wp\/v2\/posts"}],"about":[{"href":"https:\/\/pornuestrolaredo.com\/index.php?rest_route=\/wp\/v2\/types\/post"}],"author":[{"embeddable":true,"href":"https:\/\/pornuestrolaredo.com\/index.php?rest_route=\/wp\/v2\/users\/1"}],"replies":[{"embeddable":true,"href":"https:\/\/pornuestrolaredo.com\/index.php?rest_route=%2Fwp%2Fv2%2Fcomments&post=4537"}],"version-history":[{"count":1,"href":"https:\/\/pornuestrolaredo.com\/index.php?rest_route=\/wp\/v2\/posts\/4537\/revisions"}],"predecessor-version":[{"id":4539,"href":"https:\/\/pornuestrolaredo.com\/index.php?rest_route=\/wp\/v2\/posts\/4537\/revisions\/4539"}],"wp:featuredmedia":[{"embeddable":true,"href":"https:\/\/pornuestrolaredo.com\/index.php?rest_route=\/wp\/v2\/media\/4538"}],"wp:attachment":[{"href":"https:\/\/pornuestrolaredo.com\/index.php?rest_route=%2Fwp%2Fv2%2Fmedia&parent=4537"}],"wp:term":[{"taxonomy":"category","embeddable":true,"href":"https:\/\/pornuestrolaredo.com\/index.php?rest_route=%2Fwp%2Fv2%2Fcategories&post=4537"},{"taxonomy":"post_tag","embeddable":true,"href":"https:\/\/pornuestrolaredo.com\/index.php?rest_route=%2Fwp%2Fv2%2Ftags&post=4537"}],"curies":[{"name":"wp","href":"https:\/\/api.w.org\/{rel}","templated":true}]}}