{"id":4550,"date":"2024-06-21T17:30:42","date_gmt":"2024-06-21T17:30:42","guid":{"rendered":"https:\/\/pornuestrolaredo.com\/?p=4550"},"modified":"2024-06-21T17:30:42","modified_gmt":"2024-06-21T17:30:42","slug":"preocupa-a-fans-mano-de-morgan-freeman","status":"publish","type":"post","link":"https:\/\/pornuestrolaredo.com\/?p=4550","title":{"rendered":"Preocupa a fans mano de Morgan Freeman"},"content":{"rendered":"<p><strong><em>LOS \u00c1NGELES.- <\/em><\/strong>El actor Morgan Freeman, de 87 a\u00f1os, preocup\u00f3 a sus fans tras su m\u00e1s reciente aparici\u00f3n, en donde su mano izquierda fue motivo de miles de comentarios en redes sociales; la mayor\u00eda se pregunta si la leyenda del cine perdi\u00f3 su extremidad. <\/p>\n<p>Freeman se hizo presente en el Festival de Televisi\u00f3n de Monte Carlo, en M\u00f3naco, en donde recibi\u00f3 el premio Cristal Nymph, que le fue entregado por su trayectoria que abarca m\u00e1s de cinco d\u00e9cadas.<\/p>\n<p>La estrella de \u201cTodopoderoso\u201d,  \u201cBatman: El caballero de la noche\u201d y \u201cLos siete pecados capitales\u201d ha participado en m\u00e1s de 150 pel\u00edculas.<\/p>\n<p>Al llegar al festival para recibir su premio, el actor preocup\u00f3 a sus seguidores, pues un video gener\u00f3 dudas sobre el estado de su mano izquierda.<\/p>\n<p>La realidad es que el guante que llevaba el actor es por un accidente automovil\u00edstico que sufri\u00f3 en 2008, mismo en del que se fractur\u00f3 el brazo y el hombro, lo que afect\u00f3 a su movilidad por da\u00f1os en los nervios y hasta la fecha no ha mejorado. <\/p>\n<p>El actor se ha visto obligado en todo este tiempo a usar un guante en su mano para aliviar los dolores causados por una affecci\u00f3n de larga duraci\u00f3n que afecta a los m\u00fasculos, tendones y ligamentos. <\/p>\n","protected":false},"excerpt":{"rendered":"<p>El actor de 87 a\u00f1os se presenta en un festival con un guante blanco en su extremidad izquierda<\/p>\n","protected":false},"author":1,"featured_media":4552,"comment_status":"closed","ping_status":"closed","sticky":false,"template":"","format":"standard","meta":{"_crdt_document":"","_jetpack_memberships_contains_paid_content":false,"footnotes":"","jetpack_publicize_message":"","jetpack_publicize_feature_enabled":true,"jetpack_social_post_already_shared":true,"jetpack_social_options":{"image_generator_settings":{"template":"highway","default_image_id":0,"font":"","enabled":false},"version":2},"_wpas_customize_per_network":false},"categories":[34],"tags":[],"class_list":["post-4550","post","type-post","status-publish","format-standard","has-post-thumbnail","hentry","category-farandula"],"magazineBlocksPostFeaturedMedia":{"thumbnail":"https:\/\/pornuestrolaredo.com\/wp-content\/uploads\/2024\/06\/107FM-20240621-2-150x150.jpg","medium":"https:\/\/pornuestrolaredo.com\/wp-content\/uploads\/2024\/06\/107FM-20240621-2-300x150.jpg","medium_large":"https:\/\/pornuestrolaredo.com\/wp-content\/uploads\/2024\/06\/107FM-20240621-2-768x384.jpg","large":"https:\/\/pornuestrolaredo.com\/wp-content\/uploads\/2024\/06\/107FM-20240621-2.jpg","1536x1536":"https:\/\/pornuestrolaredo.com\/wp-content\/uploads\/2024\/06\/107FM-20240621-2.jpg","2048x2048":"https:\/\/pornuestrolaredo.com\/wp-content\/uploads\/2024\/06\/107FM-20240621-2.jpg","morenews-large":"https:\/\/pornuestrolaredo.com\/wp-content\/uploads\/2024\/06\/107FM-20240621-2.jpg","morenews-medium":"https:\/\/pornuestrolaredo.com\/wp-content\/uploads\/2024\/06\/107FM-20240621-2.jpg"},"magazineBlocksPostAuthor":{"name":"Redactor","avatar":"https:\/\/pornuestrolaredo.com\/wp-content\/litespeed\/avatar\/dca1d7ec750c399f025f23b0b314f4cf.jpg?ver=1777612120"},"magazineBlocksPostCommentsNumber":false,"magazineBlocksPostExcerpt":"El actor de 87 a\u00f1os se presenta en un festival con un guante blanco en su extremidad izquierda","magazineBlocksPostCategories":["Far\u00e1ndula"],"magazineBlocksPostViewCount":139,"magazineBlocksPostReadTime":2,"magazine_blocks_featured_image_url":{"full":["https:\/\/pornuestrolaredo.com\/wp-content\/uploads\/2024\/06\/107FM-20240621-2.jpg",850,425,false],"medium":["https:\/\/pornuestrolaredo.com\/wp-content\/uploads\/2024\/06\/107FM-20240621-2-300x150.jpg",300,150,true],"thumbnail":["https:\/\/pornuestrolaredo.com\/wp-content\/uploads\/2024\/06\/107FM-20240621-2-150x150.jpg",150,150,true]},"magazine_blocks_author":{"display_name":"Redactor","author_link":"https:\/\/pornuestrolaredo.com\/?author=1"},"magazine_blocks_comment":0,"magazine_blocks_author_image":"https:\/\/pornuestrolaredo.com\/wp-content\/litespeed\/avatar\/dca1d7ec750c399f025f23b0b314f4cf.jpg?ver=1777612120","magazine_blocks_category":"<a href=\"#\" class=\"category-link category-link-34\">Far\u00e1ndula<\/a>","jetpack_publicize_connections":[],"featured_image_urls":{"full":["https:\/\/pornuestrolaredo.com\/wp-content\/uploads\/2024\/06\/107FM-20240621-2.jpg",850,425,false],"thumbnail":["https:\/\/pornuestrolaredo.com\/wp-content\/uploads\/2024\/06\/107FM-20240621-2-150x150.jpg",150,150,true],"medium":["https:\/\/pornuestrolaredo.com\/wp-content\/uploads\/2024\/06\/107FM-20240621-2-300x150.jpg",300,150,true],"medium_large":["https:\/\/pornuestrolaredo.com\/wp-content\/uploads\/2024\/06\/107FM-20240621-2-768x384.jpg",640,320,true],"large":["https:\/\/pornuestrolaredo.com\/wp-content\/uploads\/2024\/06\/107FM-20240621-2.jpg",640,320,false],"1536x1536":["https:\/\/pornuestrolaredo.com\/wp-content\/uploads\/2024\/06\/107FM-20240621-2.jpg",850,425,false],"2048x2048":["https:\/\/pornuestrolaredo.com\/wp-content\/uploads\/2024\/06\/107FM-20240621-2.jpg",850,425,false],"morenews-large":["https:\/\/pornuestrolaredo.com\/wp-content\/uploads\/2024\/06\/107FM-20240621-2.jpg",825,413,false],"morenews-medium":["https:\/\/pornuestrolaredo.com\/wp-content\/uploads\/2024\/06\/107FM-20240621-2.jpg",590,295,false]},"author_info":{"info":["Redactor"]},"category_info":"<a href=\"https:\/\/pornuestrolaredo.com\/?cat=34\" rel=\"category\">Far\u00e1ndula<\/a>","tag_info":"Far\u00e1ndula","comment_count":"0","jetpack_featured_media_url":"https:\/\/pornuestrolaredo.com\/wp-content\/uploads\/2024\/06\/107FM-20240621-2.jpg","jetpack_sharing_enabled":true,"_links":{"self":[{"href":"https:\/\/pornuestrolaredo.com\/index.php?rest_route=\/wp\/v2\/posts\/4550","targetHints":{"allow":["GET"]}}],"collection":[{"href":"https:\/\/pornuestrolaredo.com\/index.php?rest_route=\/wp\/v2\/posts"}],"about":[{"href":"https:\/\/pornuestrolaredo.com\/index.php?rest_route=\/wp\/v2\/types\/post"}],"author":[{"embeddable":true,"href":"https:\/\/pornuestrolaredo.com\/index.php?rest_route=\/wp\/v2\/users\/1"}],"replies":[{"embeddable":true,"href":"https:\/\/pornuestrolaredo.com\/index.php?rest_route=%2Fwp%2Fv2%2Fcomments&post=4550"}],"version-history":[{"count":1,"href":"https:\/\/pornuestrolaredo.com\/index.php?rest_route=\/wp\/v2\/posts\/4550\/revisions"}],"predecessor-version":[{"id":4553,"href":"https:\/\/pornuestrolaredo.com\/index.php?rest_route=\/wp\/v2\/posts\/4550\/revisions\/4553"}],"wp:featuredmedia":[{"embeddable":true,"href":"https:\/\/pornuestrolaredo.com\/index.php?rest_route=\/wp\/v2\/media\/4552"}],"wp:attachment":[{"href":"https:\/\/pornuestrolaredo.com\/index.php?rest_route=%2Fwp%2Fv2%2Fmedia&parent=4550"}],"wp:term":[{"taxonomy":"category","embeddable":true,"href":"https:\/\/pornuestrolaredo.com\/index.php?rest_route=%2Fwp%2Fv2%2Fcategories&post=4550"},{"taxonomy":"post_tag","embeddable":true,"href":"https:\/\/pornuestrolaredo.com\/index.php?rest_route=%2Fwp%2Fv2%2Ftags&post=4550"}],"curies":[{"name":"wp","href":"https:\/\/api.w.org\/{rel}","templated":true}]}}