{"id":4567,"date":"2024-06-25T04:35:14","date_gmt":"2024-06-25T04:35:14","guid":{"rendered":"https:\/\/pornuestrolaredo.com\/?p=4567"},"modified":"2024-06-25T04:35:14","modified_gmt":"2024-06-25T04:35:14","slug":"sufre-princesa-ana-de-inglaterra-conmocion-cerebral","status":"publish","type":"post","link":"https:\/\/pornuestrolaredo.com\/?p=4567","title":{"rendered":"Sufre princesa Ana de Inglaterra conmoci\u00f3n cerebral"},"content":{"rendered":"<p><strong>LONDRES.- <\/strong>La princesa Ana ha sufrido lesiones menores y una conmoci\u00f3n cerebral tras un incidente en la finca real de Gatcombe Park el domingo por la noche, seg\u00fan dijo el Palacio de Buckingham.<\/p>\n<p>La hermana del rey Carlos III, de 73 a\u00f1os, ha sido hospitalizada como medida de precauci\u00f3n para quedar bajo observaci\u00f3n y se espera que se recupere por completo.<\/p>\n<p>Aunque no se hab\u00eda confirmado la naturaleza exacta de las lesiones, hab\u00eda caballos en la zona. Su equipo m\u00e9dico dijo que sus lesiones en la cabeza encajaban con un posible impacto con la cabeza o las piernas de un caballo.<\/p>\n<blockquote><p>El rey se ha mantenido estrechamente informado y se suma a toda la familia real para enviar su m\u00e1s cari\u00f1oso afecto y buenos deseos a la princesa para una pronta recuperaci\u00f3n\u201d, indic\u00f3 el palacio en un comunicado el lunes, sin dar m\u00e1s detalles.<\/p><\/blockquote>\n<p>La princesa estaba caminando por el per\u00edmetro protegido de la finca cuando se produjo el incidente, seg\u00fan la Press Association brit\u00e1nica.<\/p>\n<p>El servicio de emergencias respondi\u00f3 a un aviso en el lugar y Ana fue atendida all\u00ed antes de ser trasladada al hospital Southmead en Bristol. Su esposo, el vicealmirante Tim Laurence, la acompa\u00f1\u00f3.<\/p>\n<p>Ana es uno de los miembros m\u00e1s ocupados de la familia real, que asumi\u00f3 m\u00e1s tareas tras el diagn\u00f3stico de c\u00e1ncer de Carlos. Sus compromisos en los pr\u00f3ximos d\u00edas ser\u00e1n aplazados y la princesa no asistir\u00e1 a la cena de estado organizada en honor del emperador de Jap\u00f3n.<\/p>\n","protected":false},"excerpt":{"rendered":"<p>La hermana del rey Carlos III ha sido hospitalizada como medida de precauci\u00f3n<\/p>\n","protected":false},"author":1,"featured_media":4568,"comment_status":"closed","ping_status":"closed","sticky":false,"template":"","format":"standard","meta":{"_crdt_document":"","_jetpack_memberships_contains_paid_content":false,"footnotes":"","jetpack_publicize_message":"","jetpack_publicize_feature_enabled":true,"jetpack_social_post_already_shared":true,"jetpack_social_options":{"image_generator_settings":{"template":"highway","default_image_id":0,"font":"","enabled":false},"version":2},"_wpas_customize_per_network":false},"categories":[9],"tags":[],"class_list":["post-4567","post","type-post","status-publish","format-standard","has-post-thumbnail","hentry","category-el-mundo"],"magazineBlocksPostFeaturedMedia":{"thumbnail":"https:\/\/pornuestrolaredo.com\/wp-content\/uploads\/2024\/06\/107FM-20240624-3-150x150.jpg","medium":"https:\/\/pornuestrolaredo.com\/wp-content\/uploads\/2024\/06\/107FM-20240624-3-300x174.jpg","medium_large":"https:\/\/pornuestrolaredo.com\/wp-content\/uploads\/2024\/06\/107FM-20240624-3-768x444.jpg","large":"https:\/\/pornuestrolaredo.com\/wp-content\/uploads\/2024\/06\/107FM-20240624-3.jpg","1536x1536":"https:\/\/pornuestrolaredo.com\/wp-content\/uploads\/2024\/06\/107FM-20240624-3.jpg","2048x2048":"https:\/\/pornuestrolaredo.com\/wp-content\/uploads\/2024\/06\/107FM-20240624-3.jpg","morenews-large":"https:\/\/pornuestrolaredo.com\/wp-content\/uploads\/2024\/06\/107FM-20240624-3.jpg","morenews-medium":"https:\/\/pornuestrolaredo.com\/wp-content\/uploads\/2024\/06\/107FM-20240624-3.jpg"},"magazineBlocksPostAuthor":{"name":"Redactor","avatar":"https:\/\/pornuestrolaredo.com\/wp-content\/litespeed\/avatar\/dca1d7ec750c399f025f23b0b314f4cf.jpg?ver=1777612120"},"magazineBlocksPostCommentsNumber":false,"magazineBlocksPostExcerpt":"La hermana del rey Carlos III ha sido hospitalizada como medida de precauci\u00f3n","magazineBlocksPostCategories":["El Mundo"],"magazineBlocksPostViewCount":121,"magazineBlocksPostReadTime":2,"magazine_blocks_featured_image_url":{"full":["https:\/\/pornuestrolaredo.com\/wp-content\/uploads\/2024\/06\/107FM-20240624-3.jpg",980,567,false],"medium":["https:\/\/pornuestrolaredo.com\/wp-content\/uploads\/2024\/06\/107FM-20240624-3-300x174.jpg",300,174,true],"thumbnail":["https:\/\/pornuestrolaredo.com\/wp-content\/uploads\/2024\/06\/107FM-20240624-3-150x150.jpg",150,150,true]},"magazine_blocks_author":{"display_name":"Redactor","author_link":"https:\/\/pornuestrolaredo.com\/?author=1"},"magazine_blocks_comment":0,"magazine_blocks_author_image":"https:\/\/pornuestrolaredo.com\/wp-content\/litespeed\/avatar\/dca1d7ec750c399f025f23b0b314f4cf.jpg?ver=1777612120","magazine_blocks_category":"<a href=\"#\" class=\"category-link category-link-9\">El Mundo<\/a>","jetpack_publicize_connections":[],"featured_image_urls":{"full":["https:\/\/pornuestrolaredo.com\/wp-content\/uploads\/2024\/06\/107FM-20240624-3.jpg",980,567,false],"thumbnail":["https:\/\/pornuestrolaredo.com\/wp-content\/uploads\/2024\/06\/107FM-20240624-3-150x150.jpg",150,150,true],"medium":["https:\/\/pornuestrolaredo.com\/wp-content\/uploads\/2024\/06\/107FM-20240624-3-300x174.jpg",300,174,true],"medium_large":["https:\/\/pornuestrolaredo.com\/wp-content\/uploads\/2024\/06\/107FM-20240624-3-768x444.jpg",640,370,true],"large":["https:\/\/pornuestrolaredo.com\/wp-content\/uploads\/2024\/06\/107FM-20240624-3.jpg",640,370,false],"1536x1536":["https:\/\/pornuestrolaredo.com\/wp-content\/uploads\/2024\/06\/107FM-20240624-3.jpg",980,567,false],"2048x2048":["https:\/\/pornuestrolaredo.com\/wp-content\/uploads\/2024\/06\/107FM-20240624-3.jpg",980,567,false],"morenews-large":["https:\/\/pornuestrolaredo.com\/wp-content\/uploads\/2024\/06\/107FM-20240624-3.jpg",825,477,false],"morenews-medium":["https:\/\/pornuestrolaredo.com\/wp-content\/uploads\/2024\/06\/107FM-20240624-3.jpg",590,341,false]},"author_info":{"info":["Redactor"]},"category_info":"<a href=\"https:\/\/pornuestrolaredo.com\/?cat=9\" rel=\"category\">El Mundo<\/a>","tag_info":"El Mundo","comment_count":"0","jetpack_featured_media_url":"https:\/\/pornuestrolaredo.com\/wp-content\/uploads\/2024\/06\/107FM-20240624-3.jpg","jetpack_sharing_enabled":true,"_links":{"self":[{"href":"https:\/\/pornuestrolaredo.com\/index.php?rest_route=\/wp\/v2\/posts\/4567","targetHints":{"allow":["GET"]}}],"collection":[{"href":"https:\/\/pornuestrolaredo.com\/index.php?rest_route=\/wp\/v2\/posts"}],"about":[{"href":"https:\/\/pornuestrolaredo.com\/index.php?rest_route=\/wp\/v2\/types\/post"}],"author":[{"embeddable":true,"href":"https:\/\/pornuestrolaredo.com\/index.php?rest_route=\/wp\/v2\/users\/1"}],"replies":[{"embeddable":true,"href":"https:\/\/pornuestrolaredo.com\/index.php?rest_route=%2Fwp%2Fv2%2Fcomments&post=4567"}],"version-history":[{"count":1,"href":"https:\/\/pornuestrolaredo.com\/index.php?rest_route=\/wp\/v2\/posts\/4567\/revisions"}],"predecessor-version":[{"id":4569,"href":"https:\/\/pornuestrolaredo.com\/index.php?rest_route=\/wp\/v2\/posts\/4567\/revisions\/4569"}],"wp:featuredmedia":[{"embeddable":true,"href":"https:\/\/pornuestrolaredo.com\/index.php?rest_route=\/wp\/v2\/media\/4568"}],"wp:attachment":[{"href":"https:\/\/pornuestrolaredo.com\/index.php?rest_route=%2Fwp%2Fv2%2Fmedia&parent=4567"}],"wp:term":[{"taxonomy":"category","embeddable":true,"href":"https:\/\/pornuestrolaredo.com\/index.php?rest_route=%2Fwp%2Fv2%2Fcategories&post=4567"},{"taxonomy":"post_tag","embeddable":true,"href":"https:\/\/pornuestrolaredo.com\/index.php?rest_route=%2Fwp%2Fv2%2Ftags&post=4567"}],"curies":[{"name":"wp","href":"https:\/\/api.w.org\/{rel}","templated":true}]}}