{"id":457,"date":"2022-10-04T18:37:04","date_gmt":"2022-10-04T18:37:04","guid":{"rendered":"https:\/\/pornuestrolaredo.com\/?p=457"},"modified":"2022-10-04T22:21:26","modified_gmt":"2022-10-04T22:21:26","slug":"decide-americo-no-ratificar-al-magistrado-horacio-ortiz-renan","status":"publish","type":"post","link":"https:\/\/pornuestrolaredo.com\/?p=457","title":{"rendered":"Decide Am\u00e9rico no ratificar al Magistrado Horacio Ortiz Ren\u00e1n"},"content":{"rendered":"\n<p class=\"wp-block-paragraph\"><strong><em>CIUDAD VICTORIA. &#8211;&nbsp;<\/em><\/strong> Por no tener la honorabilidad y por mala reputaci\u00f3n, el gobernador de Tamaulipas, Am\u00e9rico Villarreal Anaya, decidi\u00f3 no ratificar en el cargo de Magistrado del Poder Judicial de Tamaulipas a Horacio Ortiz Ren\u00e1n.<\/p>\n\n\n\n<p class=\"wp-block-paragraph\">La Constituci\u00f3n del Estado faculta al Gobernador para proponer a los Magistrados del Supremo Tribunal de Justicia y en su caso la ratificaci\u00f3n.<\/p>\n\n\n\n<p class=\"wp-block-paragraph\">Esta ma\u00f1ana, Ortiz Ren\u00e1n fue notificado de la decisi\u00f3n del titular del Ejecutivo.<\/p>\n\n\n\n<p class=\"wp-block-paragraph\">La ley establece que para ratificar un magistrado, debe valorarse su desempe\u00f1o \u00e9tico y profesional, pues la sociedad tiene el derecho a contar con juzgadores id\u00f3neos, que aseguren una impartici\u00f3n de justicia pronta, completa, gratuita e imparcial.<\/p>\n\n\n\n<p class=\"wp-block-paragraph\">Como el magistrado Ortiz Ren\u00e1n ha tenido se\u00f1alamientos p\u00fablicos que cuestionan su reputaci\u00f3n, el gobernador Villarreal Anaya ha determinado no ratificarlo, por incumplir con los requisitos de falta de honorabilidad y buena reputaci\u00f3n que deben cumplir los juzgadores locales, de acuerdo al art\u00edculo 95 de la Constituci\u00f3n Pol\u00edtica de los Estados Unidos Mexicanos.<\/p>\n\n\n\n<p class=\"wp-block-paragraph\">Existen opiniones de ciudadanos y representantes de organizaciones y gremios de abogados que ponen en evidencia que el Magistrado Ortiz Ren\u00e1n utiliz\u00f3 su cargo para responder a intereses pol\u00edticos del entonces titular del Poder Ejecutivo, as\u00ed como en protecci\u00f3n de intereses patrimoniales ajenos a las contiendas judiciales.<\/p>\n\n\n\n<p class=\"wp-block-paragraph\">Ortiz Ren\u00e1n desatendi\u00f3 la obligaci\u00f3n de impartir justicia independiente e imparcial.<\/p>\n\n\n\n<p class=\"wp-block-paragraph\">El dictamen tambi\u00e9n da cuenta de las denuncias presentadas por servidores p\u00fablicos que pusieron de manifiesto, la persecuci\u00f3n judicial de que fueron objeto.<\/p>\n\n\n\n<p class=\"wp-block-paragraph\">El documento incluye la vinculaci\u00f3n con medios de comunicaci\u00f3n, que exponen las conductas atribuidas al mencionado Magistrado. Ortiz Ren\u00e1n, de Reynosa, fue designado Magistrado por el Congreso del Estado el 6 de octubre de 2016, por lo que su per\u00edodo concluye ma\u00f1ana, 5 de octubre.<\/p>\n","protected":false},"excerpt":{"rendered":"<p>CIUDAD VICTORIA. &#8211;&nbsp; Por no tener la honorabilidad y por mala reputaci\u00f3n, el gobernador de Tamaulipas, Am\u00e9rico Villarreal<\/p>\n","protected":false},"author":1,"featured_media":458,"comment_status":"open","ping_status":"open","sticky":false,"template":"","format":"standard","meta":{"_crdt_document":"","_jetpack_memberships_contains_paid_content":false,"footnotes":"","jetpack_publicize_message":"El gobernador considera que no tiene honorabilidad y s\u00ed mala reputaci\u00f3n","jetpack_publicize_feature_enabled":true,"jetpack_social_post_already_shared":true,"jetpack_social_options":{"image_generator_settings":{"template":"highway","default_image_id":0,"font":"","enabled":false},"version":2},"_wpas_customize_per_network":false},"categories":[1],"tags":[],"class_list":["post-457","post","type-post","status-publish","format-standard","has-post-thumbnail","hentry","category-uncategorized"],"magazineBlocksPostFeaturedMedia":{"thumbnail":"https:\/\/pornuestrolaredo.com\/wp-content\/uploads\/2022\/10\/PNL-20221004-3-150x150.jpg","medium":"https:\/\/pornuestrolaredo.com\/wp-content\/uploads\/2022\/10\/PNL-20221004-3-300x143.jpg","medium_large":"https:\/\/pornuestrolaredo.com\/wp-content\/uploads\/2022\/10\/PNL-20221004-3-768x367.jpg","large":"https:\/\/pornuestrolaredo.com\/wp-content\/uploads\/2022\/10\/PNL-20221004-3-1024x489.jpg","1536x1536":"https:\/\/pornuestrolaredo.com\/wp-content\/uploads\/2022\/10\/PNL-20221004-3.jpg","2048x2048":"https:\/\/pornuestrolaredo.com\/wp-content\/uploads\/2022\/10\/PNL-20221004-3.jpg","morenews-large":"https:\/\/pornuestrolaredo.com\/wp-content\/uploads\/2022\/10\/PNL-20221004-3.jpg","morenews-medium":"https:\/\/pornuestrolaredo.com\/wp-content\/uploads\/2022\/10\/PNL-20221004-3.jpg"},"magazineBlocksPostAuthor":{"name":"Redactor","avatar":"https:\/\/pornuestrolaredo.com\/wp-content\/litespeed\/avatar\/dca1d7ec750c399f025f23b0b314f4cf.jpg?ver=1777007253"},"magazineBlocksPostCommentsNumber":false,"magazineBlocksPostExcerpt":"CIUDAD VICTORIA. &#8211;&nbsp; Por no tener la honorabilidad y por mala reputaci\u00f3n, el gobernador de Tamaulipas, Am\u00e9rico Villarreal","magazineBlocksPostCategories":["Uncategorized"],"magazineBlocksPostViewCount":128,"magazineBlocksPostReadTime":2,"magazine_blocks_featured_image_url":{"full":["https:\/\/pornuestrolaredo.com\/wp-content\/uploads\/2022\/10\/PNL-20221004-3.jpg",1200,573,false],"medium":["https:\/\/pornuestrolaredo.com\/wp-content\/uploads\/2022\/10\/PNL-20221004-3-300x143.jpg",300,143,true],"thumbnail":["https:\/\/pornuestrolaredo.com\/wp-content\/uploads\/2022\/10\/PNL-20221004-3-150x150.jpg",150,150,true]},"magazine_blocks_author":{"display_name":"Redactor","author_link":"https:\/\/pornuestrolaredo.com\/?author=1"},"magazine_blocks_comment":0,"magazine_blocks_author_image":"https:\/\/pornuestrolaredo.com\/wp-content\/litespeed\/avatar\/dca1d7ec750c399f025f23b0b314f4cf.jpg?ver=1777007253","magazine_blocks_category":"<a href=\"#\" class=\"category-link category-link-1\">Uncategorized<\/a>","jetpack_publicize_connections":[],"featured_image_urls":{"full":["https:\/\/pornuestrolaredo.com\/wp-content\/uploads\/2022\/10\/PNL-20221004-3.jpg",1200,573,false],"thumbnail":["https:\/\/pornuestrolaredo.com\/wp-content\/uploads\/2022\/10\/PNL-20221004-3-150x150.jpg",150,150,true],"medium":["https:\/\/pornuestrolaredo.com\/wp-content\/uploads\/2022\/10\/PNL-20221004-3-300x143.jpg",300,143,true],"medium_large":["https:\/\/pornuestrolaredo.com\/wp-content\/uploads\/2022\/10\/PNL-20221004-3-768x367.jpg",640,306,true],"large":["https:\/\/pornuestrolaredo.com\/wp-content\/uploads\/2022\/10\/PNL-20221004-3-1024x489.jpg",640,306,true],"1536x1536":["https:\/\/pornuestrolaredo.com\/wp-content\/uploads\/2022\/10\/PNL-20221004-3.jpg",1200,573,false],"2048x2048":["https:\/\/pornuestrolaredo.com\/wp-content\/uploads\/2022\/10\/PNL-20221004-3.jpg",1200,573,false],"morenews-large":["https:\/\/pornuestrolaredo.com\/wp-content\/uploads\/2022\/10\/PNL-20221004-3.jpg",825,394,false],"morenews-medium":["https:\/\/pornuestrolaredo.com\/wp-content\/uploads\/2022\/10\/PNL-20221004-3.jpg",590,282,false]},"author_info":{"info":["Redactor"]},"category_info":"<a href=\"https:\/\/pornuestrolaredo.com\/?cat=1\" rel=\"category\">Uncategorized<\/a>","tag_info":"Uncategorized","comment_count":"0","jetpack_featured_media_url":"https:\/\/pornuestrolaredo.com\/wp-content\/uploads\/2022\/10\/PNL-20221004-3.jpg","jetpack_sharing_enabled":true,"_links":{"self":[{"href":"https:\/\/pornuestrolaredo.com\/index.php?rest_route=\/wp\/v2\/posts\/457","targetHints":{"allow":["GET"]}}],"collection":[{"href":"https:\/\/pornuestrolaredo.com\/index.php?rest_route=\/wp\/v2\/posts"}],"about":[{"href":"https:\/\/pornuestrolaredo.com\/index.php?rest_route=\/wp\/v2\/types\/post"}],"author":[{"embeddable":true,"href":"https:\/\/pornuestrolaredo.com\/index.php?rest_route=\/wp\/v2\/users\/1"}],"replies":[{"embeddable":true,"href":"https:\/\/pornuestrolaredo.com\/index.php?rest_route=%2Fwp%2Fv2%2Fcomments&post=457"}],"version-history":[{"count":2,"href":"https:\/\/pornuestrolaredo.com\/index.php?rest_route=\/wp\/v2\/posts\/457\/revisions"}],"predecessor-version":[{"id":470,"href":"https:\/\/pornuestrolaredo.com\/index.php?rest_route=\/wp\/v2\/posts\/457\/revisions\/470"}],"wp:featuredmedia":[{"embeddable":true,"href":"https:\/\/pornuestrolaredo.com\/index.php?rest_route=\/wp\/v2\/media\/458"}],"wp:attachment":[{"href":"https:\/\/pornuestrolaredo.com\/index.php?rest_route=%2Fwp%2Fv2%2Fmedia&parent=457"}],"wp:term":[{"taxonomy":"category","embeddable":true,"href":"https:\/\/pornuestrolaredo.com\/index.php?rest_route=%2Fwp%2Fv2%2Fcategories&post=457"},{"taxonomy":"post_tag","embeddable":true,"href":"https:\/\/pornuestrolaredo.com\/index.php?rest_route=%2Fwp%2Fv2%2Ftags&post=457"}],"curies":[{"name":"wp","href":"https:\/\/api.w.org\/{rel}","templated":true}]}}