{"id":4570,"date":"2024-06-28T04:36:13","date_gmt":"2024-06-28T04:36:13","guid":{"rendered":"https:\/\/pornuestrolaredo.com\/?p=4570"},"modified":"2024-06-28T04:36:13","modified_gmt":"2024-06-28T04:36:13","slug":"busca-biden-confrontar-trump-responde-con-falsedades","status":"publish","type":"post","link":"https:\/\/pornuestrolaredo.com\/?p=4570","title":{"rendered":"Busca Biden confrontar; Trump responde con falsedades"},"content":{"rendered":"<p><strong><em>ATLANTA.-<<\/em>\/strong> El presidente estadounidense Joe Biden busc\u00f3 repetidamente la confrontaci\u00f3n con Donald Trump en su primer debate rumbo a las elecciones de noviembre, mientras que su rival republicano respondi\u00f3 a las cr\u00edticas de Biden apoy\u00e1ndose en falsedades sobre la econom\u00eda, la inmigraci\u00f3n ilegal y su papel en la insurrecci\u00f3n del 6 de enero de 2021 en el Capitolio.<\/p>\n<p>La vacilante actuaci\u00f3n de Biden cristaliz\u00f3 la preocupaci\u00f3n de muchos votantes estadounidenses de que, a sus 81 a\u00f1os, es demasiado viejo para ejercer de presidente. Esto provoc\u00f3 una nueva ronda de exhortos para que el dem\u00f3crata se aparte de la contienda.<\/p>\n<p>Mientras tanto, la ret\u00f3rica de Trump, de 78 a\u00f1os, ofreci\u00f3 un recordatorio quiz\u00e1s no deseado de la grandilocuencia que lanz\u00f3 a diario durante sus tumultuosos cuatro a\u00f1os de mandato, mientras batalla para ganarse a los votantes esc\u00e9pticos. Rechaz\u00f3 declarar claramente si aceptar\u00e1 los resultados de las elecciones de noviembre, cuatro a\u00f1os despu\u00e9s de que promovi\u00f3 teor\u00edas de conspiraci\u00f3n sobre su derrota que culminaron en la insurrecci\u00f3n del 6 de enero.<\/p>\n<p>Biden atac\u00f3 repetidamente a Trump en t\u00e9rminos personales en un aparente intento de provocarlo, sacando a colaci\u00f3n desde la reciente condena del expresidente por un delito grave hasta su supuesto insulto a los veteranos de la Primera Guerra Mundial, pasando por su peso y su juego de golf. Pero su titubeante discurso desde el principio del debate fue lo que m\u00e1s llam\u00f3 la atenci\u00f3n. Los aliados de Trump clamaron inmediatamente la victoria, mientras que destacados dem\u00f3cratas cuestionaron p\u00fablicamente que Biden pudiera seguir adelante.<\/p>\n<blockquote><p>Creo que hubo una sensaci\u00f3n de shock, en realidad, por c\u00f3mo sali\u00f3 al principio de este debate, por c\u00f3mo se escuchaba su voz. Parec\u00eda un poco desorientado. Se recuper\u00f3 a medida que avanzaba el debate, pero para entonces, creo que el p\u00e1nico se hab\u00eda hecho presente\u201d, coment\u00f3 David Axelrod, asesor durante mucho tiempo del expresidente Barack Obama, a la cadena CNN inmediatamente despu\u00e9s del debate. \u201cY creo que se van a o\u00edr discusiones que, no s\u00e9 si llevar\u00e1n a algo, pero va a haber discusiones sobre si debe continuar\u201d.<\/p><\/blockquote>\n<p>Van Jones, otro estratega dem\u00f3crata, dijo a CNN: \u201cNo lo hizo nada bien\u201d.<\/p>\n<p>David Plouffe, exjefe del equipo de campa\u00f1a de Obama, se\u00f1al\u00f3 a la cadena MSNBC que el debate hab\u00eda sido un momento \u201cDEFCON1\u2033 para los dem\u00f3cratas, en referencia al nivel de alerta utilizado en las fuerzas armadas de Estados Unidos.<\/p>\n<p>Biden empez\u00f3 la noche con una voz \u00e1spera y se mostr\u00f3 vacilante al tratar de defender su trabajo en materia econ\u00f3mica y al criticar a Trump. Una persona familiarizada con la cuesti\u00f3n dijo que Biden padec\u00eda un resfriado, y a\u00f1adi\u00f3 que dio negativo a una prueba de covid-19.<\/p>\n<p>Biden pareci\u00f3 perder el hilo mientras daba una respuesta sobre la pol\u00edtica fiscal y se desvi\u00f3 a la pol\u00edtica de salud, y en un momento dado utiliz\u00f3 la palabra \u201ccovid\u201d, y luego dijo: \u201cperd\u00f3n, con, tratando con\u201d, y se desvi\u00f3 de nuevo.<\/p>\n<blockquote><p>Miren, por fin hemos vencido a Medicare\u201d, expres\u00f3 Biden cuando se le acababa el tiempo de su respuesta.<\/p><\/blockquote>\n<p>Biden empez\u00f3 a dar respuestas m\u00e1s claras a medida que avanzaba el debate, todav\u00eda con la voz \u00e1spera, y atac\u00f3 el historial de Trump en temas como la lucha contra el cambio clim\u00e1tico.<\/p>\n<blockquote><p>La \u00fanica amenaza existencial para la humanidad es el cambio clim\u00e1tico, y \u00e9l no hizo una sola cosa al respecto\u201d, se\u00f1al\u00f3.<\/p><\/blockquote>\n<p>El actual presidente y su predecesor no se hab\u00edan hablado desde su \u00faltimo debate semanas antes de las elecciones presidenciales de 2020. Trump falt\u00f3 a la investidura de Biden despu\u00e9s de encabezar un esfuerzo sin precedentes e infructuoso por anular su derrota, el cual culmin\u00f3 con el asalto al Capitolio por parte de sus simpatizantes.<\/p>\n<p>Trump se mostr\u00f3 esquivo sobre si aceptar\u00eda los resultados de las elecciones de noviembre, diciendo que los aceptar\u00eda si la votaci\u00f3n era \u201cjusta\u201d y \u201clegal\u201d, repitiendo sus afirmaciones infundadas de fraude generalizado en su derrota de 2020 ante Biden que todav\u00eda niega.<\/p>\n<p>Cuando se le pregunt\u00f3 por sus acciones el 6 de enero de 2021, Trump no mostr\u00f3 tener remordimientos.<\/p>\n<blockquote><p>El 6 de enero, \u00e9ramos respetados en todo el mundo, en todo el mundo \u00e9ramos respetados. Y entonces llega \u00e9l y ahora se r\u00eden de nosotros\u201d, dijo Trump.<\/p><\/blockquote>\n<p>Despu\u00e9s de que uno de los moderadores le pidiera que respondiera si ese d\u00eda hab\u00eda violado su juramento al arengar a sus partidarios que pretend\u00edan bloquear la certificaci\u00f3n de la victoria de Biden en el Colegio Electoral y al no hacer lo suficiente para disuadirlos mientras irrump\u00edan en el Capitolio, Trump trat\u00f3 de culpar a la entonces presidenta de la C\u00e1mara de Representantes, Nancy Pelosi.<\/p>\n<p>Biden se\u00f1al\u00f3 que Trump anim\u00f3 a sus partidarios a ir al Capitolio y se sent\u00f3 en la Casa Blanca sin tomar medidas mientras peleaban con los agentes de polic\u00eda.<\/p>\n<blockquote><p>No hizo una sola cosa, y estas personas deber\u00edan estar en la c\u00e1rcel\u201d, dijo Biden. \u201cDeber\u00edan ser ellos los que rindieran cuentas. Y \u00e9l quiere dejarlos salir a todos. Y ahora dice que si vuelve a perder, as\u00ed de quejumbroso como es, \u00bfesto podr\u00eda ser un \u2018ba\u00f1o de sangre\u2019?\u201d.<\/p><\/blockquote>\n<p>Luego, Trump defendi\u00f3 a las personas condenadas y encarceladas por su papel en la insurrecci\u00f3n, y le dijo a Biden: \u201cLo que le han hecho a algunas personas que son tan inocentes, deber\u00eda darte verg\u00fcenza\u201d.<\/p>\n<p>Trump y Biden enfrentan fuertes vientos en contra, incluyendo un p\u00fablico cansado de la agitaci\u00f3n por la pol\u00edtica partidista y ampliamente insatisfecho con los dos, seg\u00fan las encuestas. Pero el debate puso de relieve que ambos tienen visiones muy diferentes en pr\u00e1cticamente todos los temas centrales \u2014aborto, econom\u00eda y pol\u00edtica exterior\u2014 y una profunda hostilidad mutua.<\/p>\n","protected":false},"excerpt":{"rendered":"<p>El presidente de Estados Unidos se muestra titubeante y preocupa a los dem\u00f3cratas que creen que no debe seguir por su edad<\/p>\n","protected":false},"author":1,"featured_media":4571,"comment_status":"closed","ping_status":"closed","sticky":false,"template":"","format":"standard","meta":{"_crdt_document":"","_jetpack_memberships_contains_paid_content":false,"footnotes":"","jetpack_publicize_message":"","jetpack_publicize_feature_enabled":true,"jetpack_social_post_already_shared":true,"jetpack_social_options":{"image_generator_settings":{"template":"highway","default_image_id":0,"font":"","enabled":false},"version":2},"_wpas_customize_per_network":false},"categories":[9],"tags":[],"class_list":["post-4570","post","type-post","status-publish","format-standard","has-post-thumbnail","hentry","category-el-mundo"],"magazineBlocksPostFeaturedMedia":{"thumbnail":"https:\/\/pornuestrolaredo.com\/wp-content\/uploads\/2024\/06\/Stereo91-20240627-7-150x150.jpg","medium":"https:\/\/pornuestrolaredo.com\/wp-content\/uploads\/2024\/06\/Stereo91-20240627-7-300x175.jpg","medium_large":"https:\/\/pornuestrolaredo.com\/wp-content\/uploads\/2024\/06\/Stereo91-20240627-7-768x448.jpg","large":"https:\/\/pornuestrolaredo.com\/wp-content\/uploads\/2024\/06\/Stereo91-20240627-7.jpg","1536x1536":"https:\/\/pornuestrolaredo.com\/wp-content\/uploads\/2024\/06\/Stereo91-20240627-7.jpg","2048x2048":"https:\/\/pornuestrolaredo.com\/wp-content\/uploads\/2024\/06\/Stereo91-20240627-7.jpg","morenews-large":"https:\/\/pornuestrolaredo.com\/wp-content\/uploads\/2024\/06\/Stereo91-20240627-7.jpg","morenews-medium":"https:\/\/pornuestrolaredo.com\/wp-content\/uploads\/2024\/06\/Stereo91-20240627-7.jpg"},"magazineBlocksPostAuthor":{"name":"Redactor","avatar":"https:\/\/pornuestrolaredo.com\/wp-content\/litespeed\/avatar\/dca1d7ec750c399f025f23b0b314f4cf.jpg?ver=1777612120"},"magazineBlocksPostCommentsNumber":false,"magazineBlocksPostExcerpt":"El presidente de Estados Unidos se muestra titubeante y preocupa a los dem\u00f3cratas que creen que no debe seguir por su edad","magazineBlocksPostCategories":["El Mundo"],"magazineBlocksPostViewCount":125,"magazineBlocksPostReadTime":6,"magazine_blocks_featured_image_url":{"full":["https:\/\/pornuestrolaredo.com\/wp-content\/uploads\/2024\/06\/Stereo91-20240627-7.jpg",980,572,false],"medium":["https:\/\/pornuestrolaredo.com\/wp-content\/uploads\/2024\/06\/Stereo91-20240627-7-300x175.jpg",300,175,true],"thumbnail":["https:\/\/pornuestrolaredo.com\/wp-content\/uploads\/2024\/06\/Stereo91-20240627-7-150x150.jpg",150,150,true]},"magazine_blocks_author":{"display_name":"Redactor","author_link":"https:\/\/pornuestrolaredo.com\/?author=1"},"magazine_blocks_comment":0,"magazine_blocks_author_image":"https:\/\/pornuestrolaredo.com\/wp-content\/litespeed\/avatar\/dca1d7ec750c399f025f23b0b314f4cf.jpg?ver=1777612120","magazine_blocks_category":"<a href=\"#\" class=\"category-link category-link-9\">El Mundo<\/a>","jetpack_publicize_connections":[],"featured_image_urls":{"full":["https:\/\/pornuestrolaredo.com\/wp-content\/uploads\/2024\/06\/Stereo91-20240627-7.jpg",980,572,false],"thumbnail":["https:\/\/pornuestrolaredo.com\/wp-content\/uploads\/2024\/06\/Stereo91-20240627-7-150x150.jpg",150,150,true],"medium":["https:\/\/pornuestrolaredo.com\/wp-content\/uploads\/2024\/06\/Stereo91-20240627-7-300x175.jpg",300,175,true],"medium_large":["https:\/\/pornuestrolaredo.com\/wp-content\/uploads\/2024\/06\/Stereo91-20240627-7-768x448.jpg",640,373,true],"large":["https:\/\/pornuestrolaredo.com\/wp-content\/uploads\/2024\/06\/Stereo91-20240627-7.jpg",640,374,false],"1536x1536":["https:\/\/pornuestrolaredo.com\/wp-content\/uploads\/2024\/06\/Stereo91-20240627-7.jpg",980,572,false],"2048x2048":["https:\/\/pornuestrolaredo.com\/wp-content\/uploads\/2024\/06\/Stereo91-20240627-7.jpg",980,572,false],"morenews-large":["https:\/\/pornuestrolaredo.com\/wp-content\/uploads\/2024\/06\/Stereo91-20240627-7.jpg",825,482,false],"morenews-medium":["https:\/\/pornuestrolaredo.com\/wp-content\/uploads\/2024\/06\/Stereo91-20240627-7.jpg",590,344,false]},"author_info":{"info":["Redactor"]},"category_info":"<a href=\"https:\/\/pornuestrolaredo.com\/?cat=9\" rel=\"category\">El Mundo<\/a>","tag_info":"El Mundo","comment_count":"0","jetpack_featured_media_url":"https:\/\/pornuestrolaredo.com\/wp-content\/uploads\/2024\/06\/Stereo91-20240627-7.jpg","jetpack_sharing_enabled":true,"_links":{"self":[{"href":"https:\/\/pornuestrolaredo.com\/index.php?rest_route=\/wp\/v2\/posts\/4570","targetHints":{"allow":["GET"]}}],"collection":[{"href":"https:\/\/pornuestrolaredo.com\/index.php?rest_route=\/wp\/v2\/posts"}],"about":[{"href":"https:\/\/pornuestrolaredo.com\/index.php?rest_route=\/wp\/v2\/types\/post"}],"author":[{"embeddable":true,"href":"https:\/\/pornuestrolaredo.com\/index.php?rest_route=\/wp\/v2\/users\/1"}],"replies":[{"embeddable":true,"href":"https:\/\/pornuestrolaredo.com\/index.php?rest_route=%2Fwp%2Fv2%2Fcomments&post=4570"}],"version-history":[{"count":1,"href":"https:\/\/pornuestrolaredo.com\/index.php?rest_route=\/wp\/v2\/posts\/4570\/revisions"}],"predecessor-version":[{"id":4572,"href":"https:\/\/pornuestrolaredo.com\/index.php?rest_route=\/wp\/v2\/posts\/4570\/revisions\/4572"}],"wp:featuredmedia":[{"embeddable":true,"href":"https:\/\/pornuestrolaredo.com\/index.php?rest_route=\/wp\/v2\/media\/4571"}],"wp:attachment":[{"href":"https:\/\/pornuestrolaredo.com\/index.php?rest_route=%2Fwp%2Fv2%2Fmedia&parent=4570"}],"wp:term":[{"taxonomy":"category","embeddable":true,"href":"https:\/\/pornuestrolaredo.com\/index.php?rest_route=%2Fwp%2Fv2%2Fcategories&post=4570"},{"taxonomy":"post_tag","embeddable":true,"href":"https:\/\/pornuestrolaredo.com\/index.php?rest_route=%2Fwp%2Fv2%2Ftags&post=4570"}],"curies":[{"name":"wp","href":"https:\/\/api.w.org\/{rel}","templated":true}]}}