{"id":4576,"date":"2024-06-28T05:30:07","date_gmt":"2024-06-28T05:30:07","guid":{"rendered":"https:\/\/pornuestrolaredo.com\/?p=4576"},"modified":"2024-06-28T05:30:07","modified_gmt":"2024-06-28T05:30:07","slug":"niega-autogolpe-el-presidente-de-bolivia","status":"publish","type":"post","link":"https:\/\/pornuestrolaredo.com\/?p=4576","title":{"rendered":"Niega \u2018autogolpe\u2019 el presidente de Bolivia"},"content":{"rendered":"<p><strong><em>LA PAZ.<\/em>&#8211;<\/strong> El presidente de Bolivia, Luis Arce, neg\u00f3 este jueves que se hubiera confabulado para dar &#8220;un autogolpe&#8221; con el general que lider\u00f3 la sublevaci\u00f3n militar frente a la sede de gobierno, como afirm\u00f3 el oficial al momento de su captura.<\/p>\n<p>\u00bfC\u00f3mo pod\u00eda ser una instrucci\u00f3n o una planificaci\u00f3n de un autogolpe? (&#8230;) \u00c9l actu\u00f3 por cuenta propia&#8221;, dijo Arce a la prensa. <\/p>\n<p>En su primera aparici\u00f3n p\u00fablica desde la noche del mi\u00e9rcoles, cuando dio por superada la intentona golpista, Arce se defendi\u00f3 de los se\u00f1alamientos del general Juan Jos\u00e9 Z\u00fa\u00f1iga, el destituido comandante del ej\u00e9rcito. <\/p>\n<p>Seg\u00fan el exjefe militar, Arce le pidi\u00f3 el domingo &#8220;preparar algo para levantar su popularidad&#8221; y le dio su visto bueno para que &#8220;sacara los blindados&#8221;.<\/p>\n<blockquote><p>\u00c9l arguye que yo le habr\u00eda instruido para ganar un poco de popularidad. Lamentablemente para \u00e9l, y se ha demostrado, que yo no soy un pol\u00edtico que se va ganar la popularidad con la sangre del pueblo&#8221;, dijo el presidente boliviano. <\/p><\/blockquote>\n<p>Arce agreg\u00f3 que le resulta &#8220;indignante&#8221; que Z\u00fa\u00f1iga lo haya querido &#8220;involucrar como justificativo de sus acciones y apetitos quiz\u00e1s personales&#8221;.<\/p>\n<p>El general comand\u00f3 el asedio que por varias horas realizaron tropas y tanques a la sede presidencial.<\/p>\n<p>Finalmente, las tropas se replegaron y el general fue detenido junto al comandante de la Armada (marina), Juan Arnez.<\/p>\n<p>Adem\u00e1s de los altos oficiales, han sido detenidos otros 15 militares en activo, en retiro y civiles por su presunta participaci\u00f3n en el fallido golpe militar.                <\/p>\n<p>INFORMACI\u00d3N PREVIA <\/p>\n<p>El gobierno de Bolivia ten\u00eda informaci\u00f3n de que podr\u00eda ocurrir un intento de golpe de Estado antes de que el m\u00e1ximo comandante militar del pa\u00eds y sus tropas entraran por la fuerza en el palacio presidencial, dijo el jueves un alto ministro del gobierno.<\/p>\n<p>El fallido golpe se produjo en unas pocas horas y provoc\u00f3 r\u00e1pidas condenas de los l\u00edderes mundiales, lo que gener\u00f3 temores de que la democracia en la naci\u00f3n andina siga en riesgo.<\/p>\n<p>En entrevista con la emisora local Unitel, el ministro del Interior, Eduardo del Castillo, dijo que el presidente Luis Arce hab\u00eda recibido informes sobre &#8220;intentos de desestabilizaci\u00f3n&#8221;, pero no se sab\u00eda cu\u00e1ndo podr\u00eda llevarse a cabo.<\/p>\n<p>Z\u00fa\u00f1iga hab\u00eda dicho recientemente que el exmentor de Arce convertido en rival pol\u00edtico, el expresidente Evo Morales, no deber\u00eda postularse nuevamente para la presidencia y amenaz\u00f3 con bloquearlo si intentaba hacerlo.<\/p>\n<p>El comandante hab\u00eda sido informado que ser\u00eda destituido de su cargo porque su conducta &#8220;no se adecuaba a la Constituci\u00f3n Pol\u00edtica del Estado&#8221;, seg\u00fan del Castillo, que record\u00f3 que Z\u00fa\u00f1iga reaccion\u00f3 con tranquilidad ante la noticia.<\/p>\n<blockquote><p>Nadie se hubiese imaginado que al d\u00eda siguiente, antes del cambio de mando de estas personas, hubiese ocurrido un golpe de estado fallido en nuestro pa\u00eds&#8221;, dijo el ministro.<\/p><\/blockquote>\n<p>Mientras lo arrestaban, Z\u00fa\u00f1iga dijo que hab\u00eda recibido instrucciones de llevar a cabo el golpe bajo la direcci\u00f3n de Arce, para aumentar la popularidad del presidente, algo que Prada neg\u00f3.<\/p>\n","protected":false},"excerpt":{"rendered":"<p>El general que asedi\u00f3 la sede del gobierno asegur\u00f3 que Luis Arce le pidi\u00f3 ayudarlo a \u2018levantar su popularidad\u2019<\/p>\n","protected":false},"author":1,"featured_media":4577,"comment_status":"closed","ping_status":"closed","sticky":false,"template":"","format":"standard","meta":{"_crdt_document":"","_jetpack_memberships_contains_paid_content":false,"footnotes":"","jetpack_publicize_message":"","jetpack_publicize_feature_enabled":true,"jetpack_social_post_already_shared":true,"jetpack_social_options":{"image_generator_settings":{"template":"highway","default_image_id":0,"font":"","enabled":false},"version":2},"_wpas_customize_per_network":false},"categories":[9],"tags":[],"class_list":["post-4576","post","type-post","status-publish","format-standard","has-post-thumbnail","hentry","category-el-mundo"],"magazineBlocksPostFeaturedMedia":{"thumbnail":"https:\/\/pornuestrolaredo.com\/wp-content\/uploads\/2024\/06\/Stereo91-20240627-10-150x150.jpg","medium":"https:\/\/pornuestrolaredo.com\/wp-content\/uploads\/2024\/06\/Stereo91-20240627-10-300x182.jpg","medium_large":"https:\/\/pornuestrolaredo.com\/wp-content\/uploads\/2024\/06\/Stereo91-20240627-10-768x467.jpg","large":"https:\/\/pornuestrolaredo.com\/wp-content\/uploads\/2024\/06\/Stereo91-20240627-10.jpg","1536x1536":"https:\/\/pornuestrolaredo.com\/wp-content\/uploads\/2024\/06\/Stereo91-20240627-10.jpg","2048x2048":"https:\/\/pornuestrolaredo.com\/wp-content\/uploads\/2024\/06\/Stereo91-20240627-10.jpg","morenews-large":"https:\/\/pornuestrolaredo.com\/wp-content\/uploads\/2024\/06\/Stereo91-20240627-10.jpg","morenews-medium":"https:\/\/pornuestrolaredo.com\/wp-content\/uploads\/2024\/06\/Stereo91-20240627-10.jpg"},"magazineBlocksPostAuthor":{"name":"Redactor","avatar":"https:\/\/pornuestrolaredo.com\/wp-content\/litespeed\/avatar\/dca1d7ec750c399f025f23b0b314f4cf.jpg?ver=1777612120"},"magazineBlocksPostCommentsNumber":false,"magazineBlocksPostExcerpt":"El general que asedi\u00f3 la sede del gobierno asegur\u00f3 que Luis Arce le pidi\u00f3 ayudarlo a \u2018levantar su popularidad\u2019","magazineBlocksPostCategories":["El Mundo"],"magazineBlocksPostViewCount":122,"magazineBlocksPostReadTime":3,"magazine_blocks_featured_image_url":{"full":["https:\/\/pornuestrolaredo.com\/wp-content\/uploads\/2024\/06\/Stereo91-20240627-10.jpg",800,486,false],"medium":["https:\/\/pornuestrolaredo.com\/wp-content\/uploads\/2024\/06\/Stereo91-20240627-10-300x182.jpg",300,182,true],"thumbnail":["https:\/\/pornuestrolaredo.com\/wp-content\/uploads\/2024\/06\/Stereo91-20240627-10-150x150.jpg",150,150,true]},"magazine_blocks_author":{"display_name":"Redactor","author_link":"https:\/\/pornuestrolaredo.com\/?author=1"},"magazine_blocks_comment":0,"magazine_blocks_author_image":"https:\/\/pornuestrolaredo.com\/wp-content\/litespeed\/avatar\/dca1d7ec750c399f025f23b0b314f4cf.jpg?ver=1777612120","magazine_blocks_category":"<a href=\"#\" class=\"category-link category-link-9\">El Mundo<\/a>","jetpack_publicize_connections":[],"featured_image_urls":{"full":["https:\/\/pornuestrolaredo.com\/wp-content\/uploads\/2024\/06\/Stereo91-20240627-10.jpg",800,486,false],"thumbnail":["https:\/\/pornuestrolaredo.com\/wp-content\/uploads\/2024\/06\/Stereo91-20240627-10-150x150.jpg",150,150,true],"medium":["https:\/\/pornuestrolaredo.com\/wp-content\/uploads\/2024\/06\/Stereo91-20240627-10-300x182.jpg",300,182,true],"medium_large":["https:\/\/pornuestrolaredo.com\/wp-content\/uploads\/2024\/06\/Stereo91-20240627-10-768x467.jpg",640,389,true],"large":["https:\/\/pornuestrolaredo.com\/wp-content\/uploads\/2024\/06\/Stereo91-20240627-10.jpg",640,389,false],"1536x1536":["https:\/\/pornuestrolaredo.com\/wp-content\/uploads\/2024\/06\/Stereo91-20240627-10.jpg",800,486,false],"2048x2048":["https:\/\/pornuestrolaredo.com\/wp-content\/uploads\/2024\/06\/Stereo91-20240627-10.jpg",800,486,false],"morenews-large":["https:\/\/pornuestrolaredo.com\/wp-content\/uploads\/2024\/06\/Stereo91-20240627-10.jpg",800,486,false],"morenews-medium":["https:\/\/pornuestrolaredo.com\/wp-content\/uploads\/2024\/06\/Stereo91-20240627-10.jpg",590,358,false]},"author_info":{"info":["Redactor"]},"category_info":"<a href=\"https:\/\/pornuestrolaredo.com\/?cat=9\" rel=\"category\">El Mundo<\/a>","tag_info":"El Mundo","comment_count":"0","jetpack_featured_media_url":"https:\/\/pornuestrolaredo.com\/wp-content\/uploads\/2024\/06\/Stereo91-20240627-10.jpg","jetpack_sharing_enabled":true,"_links":{"self":[{"href":"https:\/\/pornuestrolaredo.com\/index.php?rest_route=\/wp\/v2\/posts\/4576","targetHints":{"allow":["GET"]}}],"collection":[{"href":"https:\/\/pornuestrolaredo.com\/index.php?rest_route=\/wp\/v2\/posts"}],"about":[{"href":"https:\/\/pornuestrolaredo.com\/index.php?rest_route=\/wp\/v2\/types\/post"}],"author":[{"embeddable":true,"href":"https:\/\/pornuestrolaredo.com\/index.php?rest_route=\/wp\/v2\/users\/1"}],"replies":[{"embeddable":true,"href":"https:\/\/pornuestrolaredo.com\/index.php?rest_route=%2Fwp%2Fv2%2Fcomments&post=4576"}],"version-history":[{"count":1,"href":"https:\/\/pornuestrolaredo.com\/index.php?rest_route=\/wp\/v2\/posts\/4576\/revisions"}],"predecessor-version":[{"id":4578,"href":"https:\/\/pornuestrolaredo.com\/index.php?rest_route=\/wp\/v2\/posts\/4576\/revisions\/4578"}],"wp:featuredmedia":[{"embeddable":true,"href":"https:\/\/pornuestrolaredo.com\/index.php?rest_route=\/wp\/v2\/media\/4577"}],"wp:attachment":[{"href":"https:\/\/pornuestrolaredo.com\/index.php?rest_route=%2Fwp%2Fv2%2Fmedia&parent=4576"}],"wp:term":[{"taxonomy":"category","embeddable":true,"href":"https:\/\/pornuestrolaredo.com\/index.php?rest_route=%2Fwp%2Fv2%2Fcategories&post=4576"},{"taxonomy":"post_tag","embeddable":true,"href":"https:\/\/pornuestrolaredo.com\/index.php?rest_route=%2Fwp%2Fv2%2Ftags&post=4576"}],"curies":[{"name":"wp","href":"https:\/\/api.w.org\/{rel}","templated":true}]}}